{"id":10224,"date":"2025-11-27T05:13:26","date_gmt":"2025-11-27T05:13:26","guid":{"rendered":"https:\/\/yoamomimazatlan.com\/?p=10224"},"modified":"2025-12-01T05:14:36","modified_gmt":"2025-12-01T05:14:36","slug":"dinastia-gomez-este-viernes-con-opera-pop-y-clasico-mexicano-en-cassa-haas","status":"publish","type":"post","link":"https:\/\/yoamomimazatlan.com\/?p=10224","title":{"rendered":"\u201cDinast\u00eda G\u00f3mez&#8221;, este viernes con \u00d3pera Pop y Cl\u00e1sico Mexicano en Cassa Haas"},"content":{"rendered":"\n<p>Casa Haas se prepara para recibir una velada musical de alto nivel con el concierto &#8220;Dinast\u00eda G\u00f3mez&#8221; este viernes 28 de noviembre a las 19:00 horas. El espect\u00e1culo promete conquistar al p\u00fablico al reunir el talento vocal e instrumental en un exquisito repertorio que transita entre piezas cl\u00e1sicas, \u00f3pera pop y el sentimiento de la m\u00fasica tradicional mexicana.<\/p>\n\n\n\n<p>El concierto estar\u00e1 protagonizado por el tenor \u00d3scar G\u00f3mez, la soprano Ana Luc\u00eda Rivera G\u00f3mez, el pianista Jos\u00e9 Miguel Rivera G\u00f3mez y la joven promesa Crissel G\u00f3mez.<\/p>\n\n\n\n<p>Para el pianista Jos\u00e9 Miguel Rivera, esta presentaci\u00f3n tiene un significado especial, pues no solo marca el reencuentro art\u00edstico con su hermana Ana Luc\u00eda y su t\u00edo \u00d3scar, repitiendo el \u00e9xito de su concierto en Tijuana el a\u00f1o pasado, sino que tambi\u00e9n ser\u00e1 el debut oficial en los escenarios de su prima Crissel.<\/p>\n\n\n\n<p>&#8220;Ofreceremos al p\u00fablico una mezcla de repertorio cl\u00e1sico y del popular mexicano. Ser\u00e1 un concierto variado, con tres voces que interpretar\u00e1n obras de Mar\u00eda Grever, entre otros compositores. Habr\u00e1 solos de piano, as\u00ed como ensambles de dos y tres voces. Queremos sorprender a la audiencia&#8221;, coment\u00f3 el pianista Rivera.<\/p>\n\n\n\n<p>Los integrantes de esta talentosa familia, originarios de Villa Uni\u00f3n, han cultivado su pasi\u00f3n por la m\u00fasica desde temprana edad, perfeccionando sus habilidades en centros de formaci\u00f3n en M\u00e9xico, Estados Unidos y Austria. La soprano Ana Luc\u00eda Rivera, quien reside en Tijuana, expres\u00f3 su emoci\u00f3n por presentarse en su tierra natal, celebrando la pasi\u00f3n familiar por la m\u00fasica, especialmente la regional mexicana, que resonar\u00e1 en Casa Haas durante m\u00e1s de una hora.<br>Para disfrutar de estas impresionantes voces y talentos, los boletos tienen un costo de $250.00 pesos y se encuentran disponibles en la taquilla del Teatro \u00c1ngela Peralta en horario de 09:00 a 14:00 horas y de 16:00 a 19:00 horas<\/p>\n","protected":false},"excerpt":{"rendered":"<p>Casa Haas se prepara para recibir una velada musical de alto nivel con el concierto &#8220;Dinast\u00eda G\u00f3mez&#8221; este viernes 28 de noviembre a las 19:00 horas. El espect\u00e1culo promete conquistar al p\u00fablico al reunir el talento vocal e instrumental en un exquisito repertorio que transita entre piezas cl\u00e1sicas, \u00f3pera pop y el sentimiento de la [&hellip;]<\/p>\n","protected":false},"author":2,"featured_media":10225,"comment_status":"open","ping_status":"open","sticky":false,"template":"","format":"standard","meta":{"footnotes":""},"categories":[1],"tags":[],"yoast_head":"<!-- This site is optimized with the Yoast SEO plugin v21.7 - https:\/\/yoast.com\/wordpress\/plugins\/seo\/ -->\n<title>\u201cDinast\u00eda G\u00f3mez&quot;, este viernes con \u00d3pera Pop y Cl\u00e1sico Mexicano en Cassa Haas - Amo mi Mazatl\u00e1n<\/title>\n<meta name=\"robots\" content=\"index, follow, max-snippet:-1, max-image-preview:large, max-video-preview:-1\" \/>\n<link rel=\"canonical\" href=\"https:\/\/yoamomimazatlan.com\/?p=10224\" \/>\n<meta property=\"og:locale\" content=\"es_MX\" \/>\n<meta property=\"og:type\" content=\"article\" \/>\n<meta property=\"og:title\" content=\"\u201cDinast\u00eda G\u00f3mez&quot;, este viernes con \u00d3pera Pop y Cl\u00e1sico Mexicano en Cassa Haas - Amo mi Mazatl\u00e1n\" \/>\n<meta property=\"og:description\" content=\"Casa Haas se prepara para recibir una velada musical de alto nivel con el concierto &#8220;Dinast\u00eda G\u00f3mez&#8221; este viernes 28 de noviembre a las 19:00 horas. El espect\u00e1culo promete conquistar al p\u00fablico al reunir el talento vocal e instrumental en un exquisito repertorio que transita entre piezas cl\u00e1sicas, \u00f3pera pop y el sentimiento de la [&hellip;]\" \/>\n<meta property=\"og:url\" content=\"https:\/\/yoamomimazatlan.com\/?p=10224\" \/>\n<meta property=\"og:site_name\" content=\"Amo mi Mazatl\u00e1n\" \/>\n<meta property=\"article:published_time\" content=\"2025-11-27T05:13:26+00:00\" \/>\n<meta property=\"article:modified_time\" content=\"2025-12-01T05:14:36+00:00\" \/>\n<meta property=\"og:image\" content=\"http:\/\/yoamomimazatlan.com\/wp-content\/uploads\/2025\/12\/WhatsApp-Image-2025-11-27-at-3.27.28-PM.jpeg\" \/>\n\t<meta property=\"og:image:width\" content=\"1600\" \/>\n\t<meta property=\"og:image:height\" content=\"1066\" \/>\n\t<meta property=\"og:image:type\" content=\"image\/jpeg\" \/>\n<meta name=\"author\" content=\"Luis Peraza\" \/>\n<meta name=\"twitter:card\" content=\"summary_large_image\" \/>\n<meta name=\"twitter:label1\" content=\"Escrito por\" \/>\n\t<meta name=\"twitter:data1\" content=\"Luis Peraza\" \/>\n\t<meta name=\"twitter:label2\" content=\"Tiempo de lectura\" \/>\n\t<meta name=\"twitter:data2\" content=\"2 minutos\" \/>\n<script type=\"application\/ld+json\" class=\"yoast-schema-graph\">{\"@context\":\"https:\/\/schema.org\",\"@graph\":[{\"@type\":\"WebPage\",\"@id\":\"https:\/\/yoamomimazatlan.com\/?p=10224\",\"url\":\"https:\/\/yoamomimazatlan.com\/?p=10224\",\"name\":\"\u201cDinast\u00eda G\u00f3mez\\\", este viernes con \u00d3pera Pop y Cl\u00e1sico Mexicano en Cassa Haas - Amo mi Mazatl\u00e1n\",\"isPartOf\":{\"@id\":\"https:\/\/yoamomimazatlan.com\/#website\"},\"datePublished\":\"2025-11-27T05:13:26+00:00\",\"dateModified\":\"2025-12-01T05:14:36+00:00\",\"author\":{\"@id\":\"https:\/\/yoamomimazatlan.com\/#\/schema\/person\/5eb4abccc9443dff7750dbdd0a22c79e\"},\"breadcrumb\":{\"@id\":\"https:\/\/yoamomimazatlan.com\/?p=10224#breadcrumb\"},\"inLanguage\":\"es-MX\",\"potentialAction\":[{\"@type\":\"ReadAction\",\"target\":[\"https:\/\/yoamomimazatlan.com\/?p=10224\"]}]},{\"@type\":\"BreadcrumbList\",\"@id\":\"https:\/\/yoamomimazatlan.com\/?p=10224#breadcrumb\",\"itemListElement\":[{\"@type\":\"ListItem\",\"position\":1,\"name\":\"Inicio\",\"item\":\"https:\/\/yoamomimazatlan.com\/\"},{\"@type\":\"ListItem\",\"position\":2,\"name\":\"\u201cDinast\u00eda G\u00f3mez&#8221;, este viernes con \u00d3pera Pop y Cl\u00e1sico Mexicano en Cassa Haas\"}]},{\"@type\":\"WebSite\",\"@id\":\"https:\/\/yoamomimazatlan.com\/#website\",\"url\":\"https:\/\/yoamomimazatlan.com\/\",\"name\":\"Amo mi Mazatl\u00e1n\",\"description\":\"Somos Pata Salada\",\"potentialAction\":[{\"@type\":\"SearchAction\",\"target\":{\"@type\":\"EntryPoint\",\"urlTemplate\":\"https:\/\/yoamomimazatlan.com\/?s={search_term_string}\"},\"query-input\":\"required name=search_term_string\"}],\"inLanguage\":\"es-MX\"},{\"@type\":\"Person\",\"@id\":\"https:\/\/yoamomimazatlan.com\/#\/schema\/person\/5eb4abccc9443dff7750dbdd0a22c79e\",\"name\":\"Luis Peraza\",\"image\":{\"@type\":\"ImageObject\",\"inLanguage\":\"es-MX\",\"@id\":\"https:\/\/yoamomimazatlan.com\/#\/schema\/person\/image\/\",\"url\":\"https:\/\/secure.gravatar.com\/avatar\/2829a2db2ad27a37cce4111a17f17d49?s=96&d=mm&r=g\",\"contentUrl\":\"https:\/\/secure.gravatar.com\/avatar\/2829a2db2ad27a37cce4111a17f17d49?s=96&d=mm&r=g\",\"caption\":\"Luis Peraza\"},\"url\":\"https:\/\/yoamomimazatlan.com\/?author=2\"}]}<\/script>\n<!-- \/ Yoast SEO plugin. -->","yoast_head_json":{"title":"\u201cDinast\u00eda G\u00f3mez\", este viernes con \u00d3pera Pop y Cl\u00e1sico Mexicano en Cassa Haas - Amo mi Mazatl\u00e1n","robots":{"index":"index","follow":"follow","max-snippet":"max-snippet:-1","max-image-preview":"max-image-preview:large","max-video-preview":"max-video-preview:-1"},"canonical":"https:\/\/yoamomimazatlan.com\/?p=10224","og_locale":"es_MX","og_type":"article","og_title":"\u201cDinast\u00eda G\u00f3mez\", este viernes con \u00d3pera Pop y Cl\u00e1sico Mexicano en Cassa Haas - Amo mi Mazatl\u00e1n","og_description":"Casa Haas se prepara para recibir una velada musical de alto nivel con el concierto &#8220;Dinast\u00eda G\u00f3mez&#8221; este viernes 28 de noviembre a las 19:00 horas. El espect\u00e1culo promete conquistar al p\u00fablico al reunir el talento vocal e instrumental en un exquisito repertorio que transita entre piezas cl\u00e1sicas, \u00f3pera pop y el sentimiento de la [&hellip;]","og_url":"https:\/\/yoamomimazatlan.com\/?p=10224","og_site_name":"Amo mi Mazatl\u00e1n","article_published_time":"2025-11-27T05:13:26+00:00","article_modified_time":"2025-12-01T05:14:36+00:00","og_image":[{"width":1600,"height":1066,"url":"http:\/\/yoamomimazatlan.com\/wp-content\/uploads\/2025\/12\/WhatsApp-Image-2025-11-27-at-3.27.28-PM.jpeg","type":"image\/jpeg"}],"author":"Luis Peraza","twitter_card":"summary_large_image","twitter_misc":{"Escrito por":"Luis Peraza","Tiempo de lectura":"2 minutos"},"schema":{"@context":"https:\/\/schema.org","@graph":[{"@type":"WebPage","@id":"https:\/\/yoamomimazatlan.com\/?p=10224","url":"https:\/\/yoamomimazatlan.com\/?p=10224","name":"\u201cDinast\u00eda G\u00f3mez\", este viernes con \u00d3pera Pop y Cl\u00e1sico Mexicano en Cassa Haas - Amo mi Mazatl\u00e1n","isPartOf":{"@id":"https:\/\/yoamomimazatlan.com\/#website"},"datePublished":"2025-11-27T05:13:26+00:00","dateModified":"2025-12-01T05:14:36+00:00","author":{"@id":"https:\/\/yoamomimazatlan.com\/#\/schema\/person\/5eb4abccc9443dff7750dbdd0a22c79e"},"breadcrumb":{"@id":"https:\/\/yoamomimazatlan.com\/?p=10224#breadcrumb"},"inLanguage":"es-MX","potentialAction":[{"@type":"ReadAction","target":["https:\/\/yoamomimazatlan.com\/?p=10224"]}]},{"@type":"BreadcrumbList","@id":"https:\/\/yoamomimazatlan.com\/?p=10224#breadcrumb","itemListElement":[{"@type":"ListItem","position":1,"name":"Inicio","item":"https:\/\/yoamomimazatlan.com\/"},{"@type":"ListItem","position":2,"name":"\u201cDinast\u00eda G\u00f3mez&#8221;, este viernes con \u00d3pera Pop y Cl\u00e1sico Mexicano en Cassa Haas"}]},{"@type":"WebSite","@id":"https:\/\/yoamomimazatlan.com\/#website","url":"https:\/\/yoamomimazatlan.com\/","name":"Amo mi Mazatl\u00e1n","description":"Somos Pata Salada","potentialAction":[{"@type":"SearchAction","target":{"@type":"EntryPoint","urlTemplate":"https:\/\/yoamomimazatlan.com\/?s={search_term_string}"},"query-input":"required name=search_term_string"}],"inLanguage":"es-MX"},{"@type":"Person","@id":"https:\/\/yoamomimazatlan.com\/#\/schema\/person\/5eb4abccc9443dff7750dbdd0a22c79e","name":"Luis Peraza","image":{"@type":"ImageObject","inLanguage":"es-MX","@id":"https:\/\/yoamomimazatlan.com\/#\/schema\/person\/image\/","url":"https:\/\/secure.gravatar.com\/avatar\/2829a2db2ad27a37cce4111a17f17d49?s=96&d=mm&r=g","contentUrl":"https:\/\/secure.gravatar.com\/avatar\/2829a2db2ad27a37cce4111a17f17d49?s=96&d=mm&r=g","caption":"Luis Peraza"},"url":"https:\/\/yoamomimazatlan.com\/?author=2"}]}},"_links":{"self":[{"href":"https:\/\/yoamomimazatlan.com\/index.php?rest_route=\/wp\/v2\/posts\/10224"}],"collection":[{"href":"https:\/\/yoamomimazatlan.com\/index.php?rest_route=\/wp\/v2\/posts"}],"about":[{"href":"https:\/\/yoamomimazatlan.com\/index.php?rest_route=\/wp\/v2\/types\/post"}],"author":[{"embeddable":true,"href":"https:\/\/yoamomimazatlan.com\/index.php?rest_route=\/wp\/v2\/users\/2"}],"replies":[{"embeddable":true,"href":"https:\/\/yoamomimazatlan.com\/index.php?rest_route=%2Fwp%2Fv2%2Fcomments&post=10224"}],"version-history":[{"count":2,"href":"https:\/\/yoamomimazatlan.com\/index.php?rest_route=\/wp\/v2\/posts\/10224\/revisions"}],"predecessor-version":[{"id":10227,"href":"https:\/\/yoamomimazatlan.com\/index.php?rest_route=\/wp\/v2\/posts\/10224\/revisions\/10227"}],"wp:featuredmedia":[{"embeddable":true,"href":"https:\/\/yoamomimazatlan.com\/index.php?rest_route=\/wp\/v2\/media\/10225"}],"wp:attachment":[{"href":"https:\/\/yoamomimazatlan.com\/index.php?rest_route=%2Fwp%2Fv2%2Fmedia&parent=10224"}],"wp:term":[{"taxonomy":"category","embeddable":true,"href":"https:\/\/yoamomimazatlan.com\/index.php?rest_route=%2Fwp%2Fv2%2Fcategories&post=10224"},{"taxonomy":"post_tag","embeddable":true,"href":"https:\/\/yoamomimazatlan.com\/index.php?rest_route=%2Fwp%2Fv2%2Ftags&post=10224"}],"curies":[{"name":"wp","href":"https:\/\/api.w.org\/{rel}","templated":true}]}}