{"id":10410,"date":"2025-12-17T17:51:05","date_gmt":"2025-12-17T17:51:05","guid":{"rendered":"https:\/\/yoamomimazatlan.com\/?p=10410"},"modified":"2025-12-22T17:51:57","modified_gmt":"2025-12-22T17:51:57","slug":"alumnos-del-cma-conquistan-el-portico-del-teatro-angela-peralta","status":"publish","type":"post","link":"https:\/\/yoamomimazatlan.com\/?p=10410","title":{"rendered":"Alumnos del CMA conquistan el p\u00f3rtico del Teatro \u00c1ngela Peralta"},"content":{"rendered":"\n<p>El emblem\u00e1tico P\u00f3rtico del Teatro \u00c1ngela Peralta se visti\u00f3 de gala y ritmo para el cierre del ciclo semestral de los integrantes del Ensamble de Guitarras del Centro Municipal de las Artes (CMA).<\/p>\n\n\n\n<p>Alumnos de Nivel T\u00e9cnico y de las Licenciaturas en Canto y M\u00fasica ofrecieron un concierto que transform\u00f3 el recinto en una verdadera fiesta de talento y cultura.<\/p>\n\n\n\n<p>Bajo la direcci\u00f3n del profesor Luis Ornelas, el programa se dividi\u00f3 en tres bloques que cautivaron a m\u00e1s de un centenar de asistentes, integrando una atm\u00f3sfera donde el aplauso, el canto y el baile fueron los protagonistas.<\/p>\n\n\n\n<p>Con una variada muestra que abarc\u00f3 desde el virtuosismo de la guitarra cl\u00e1sica hasta el calor del mambo y la cumbia, los estudiantes demostraron su alto nivel art\u00edstico ante locales y turistas.<\/p>\n\n\n\n<p>La velada inici\u00f3 con la precisi\u00f3n del Ensamble de Guitarra Cl\u00e1sica, integrado por Crist\u00f3bal Osuna, Juan Antonio Osuna y \u00c1ngel Ch\u00e1vez. Los j\u00f3venes int\u00e9rpretes ejecutaron con maestr\u00eda el Allegro y los primeros movimientos de &#8220;La Rodr\u00edguez&#8221;, de Joaqu\u00edn Rodrigo. Posteriormente, sumando el talento del maestro Ornelas, el cuarteto elev\u00f3 la energ\u00eda con piezas fundamentales del repertorio nacional como &#8220;El Jarabe Tapat\u00edo&#8221;, &#8220;Tierra Mestiza&#8221; de Gerardo Tamez, y la pieza &#8220;Andaluz&#8221;.<\/p>\n\n\n\n<p>La nostalgia del Bolero<\/p>\n\n\n\n<p>El romanticismo se apoder\u00f3 del escenario con la llegada del Ensamble de Boleros. Los m\u00fasicos Juan Antonio Osuna, \u00c1ngel Ch\u00e1vez y Pako L\u00f3pez en las percusiones, acompa\u00f1aron la privilegiada voz de la solista Jolette Pucheta. Juntos, rindieron tributo a los grandes compositores con interpretaciones de &#8220;Contigo a la distancia&#8221;, &#8220;Nuestro juramento&#8221;, &#8220;B\u00e9same mucho&#8221; y &#8220;Piel canela&#8221;. En este bloque, destacaron no solo la potencia vocal de Pucheta, sino tambi\u00e9n el virtuosismo en los requintos de Juan Antonio Osuna, que arrancaron ovaciones del p\u00fablico.<\/p>\n\n\n\n<p>Fiesta y sabor latino<\/p>\n\n\n\n<p>El gran final lleg\u00f3 con el Ensamble de M\u00fasica Latina, cuya energ\u00eda desbordante hizo que los pasillos del teatro se convirtieran en una pista de baile. Con un repertorio guapachoso que incluy\u00f3 cl\u00e1sicos como &#8220;Quiz\u00e1s, quiz\u00e1s, quiz\u00e1s&#8221;, &#8220;Oye c\u00f3mo va&#8221; y &#8220;El cuarto de Tula&#8221;, la agrupaci\u00f3n puso a bailar a la audiencia internacional y local. La algarab\u00eda fue tal que, a petici\u00f3n del p\u00fablico, la agrupaci\u00f3n repiti\u00f3 el tema de &#8220;El cuarto de Tula&#8221; para cerrar con broche de oro mientras el esp\u00edritu de la cumbia y la salsa contagiaba a todos los presentes.<\/p>\n\n\n\n<p>CMA: Semillero de Artistas<\/p>\n\n\n\n<p>Esta presentaci\u00f3n de fin de cursos reafirma la excelencia acad\u00e9mica del Centro Municipal de las Artes, y consolida a la instituci\u00f3n como un semillero de talentos que enriquecen la vida cultural de Mazatl\u00e1n.<\/p>\n","protected":false},"excerpt":{"rendered":"<p>El emblem\u00e1tico P\u00f3rtico del Teatro \u00c1ngela Peralta se visti\u00f3 de gala y ritmo para el cierre del ciclo semestral de los integrantes del Ensamble de Guitarras del Centro Municipal de las Artes (CMA). Alumnos de Nivel T\u00e9cnico y de las Licenciaturas en Canto y M\u00fasica ofrecieron un concierto que transform\u00f3 el recinto en una verdadera [&hellip;]<\/p>\n","protected":false},"author":2,"featured_media":10411,"comment_status":"open","ping_status":"open","sticky":false,"template":"","format":"standard","meta":{"footnotes":""},"categories":[1],"tags":[],"yoast_head":"<!-- This site is optimized with the Yoast SEO plugin v21.7 - https:\/\/yoast.com\/wordpress\/plugins\/seo\/ -->\n<title>Alumnos del CMA conquistan el p\u00f3rtico del Teatro \u00c1ngela Peralta - Amo mi Mazatl\u00e1n<\/title>\n<meta name=\"robots\" content=\"index, follow, max-snippet:-1, max-image-preview:large, max-video-preview:-1\" \/>\n<link rel=\"canonical\" href=\"https:\/\/yoamomimazatlan.com\/?p=10410\" \/>\n<meta property=\"og:locale\" content=\"es_MX\" \/>\n<meta property=\"og:type\" content=\"article\" \/>\n<meta property=\"og:title\" content=\"Alumnos del CMA conquistan el p\u00f3rtico del Teatro \u00c1ngela Peralta - Amo mi Mazatl\u00e1n\" \/>\n<meta property=\"og:description\" content=\"El emblem\u00e1tico P\u00f3rtico del Teatro \u00c1ngela Peralta se visti\u00f3 de gala y ritmo para el cierre del ciclo semestral de los integrantes del Ensamble de Guitarras del Centro Municipal de las Artes (CMA). Alumnos de Nivel T\u00e9cnico y de las Licenciaturas en Canto y M\u00fasica ofrecieron un concierto que transform\u00f3 el recinto en una verdadera [&hellip;]\" \/>\n<meta property=\"og:url\" content=\"https:\/\/yoamomimazatlan.com\/?p=10410\" \/>\n<meta property=\"og:site_name\" content=\"Amo mi Mazatl\u00e1n\" \/>\n<meta property=\"article:published_time\" content=\"2025-12-17T17:51:05+00:00\" \/>\n<meta property=\"article:modified_time\" content=\"2025-12-22T17:51:57+00:00\" \/>\n<meta property=\"og:image\" content=\"http:\/\/yoamomimazatlan.com\/wp-content\/uploads\/2025\/12\/WhatsApp-Image-2025-12-17-at-10.40.32-AM.jpeg\" \/>\n\t<meta property=\"og:image:width\" content=\"1280\" \/>\n\t<meta property=\"og:image:height\" content=\"854\" \/>\n\t<meta property=\"og:image:type\" content=\"image\/jpeg\" \/>\n<meta name=\"author\" content=\"Luis Peraza\" \/>\n<meta name=\"twitter:card\" content=\"summary_large_image\" \/>\n<meta name=\"twitter:label1\" content=\"Escrito por\" \/>\n\t<meta name=\"twitter:data1\" content=\"Luis Peraza\" \/>\n\t<meta name=\"twitter:label2\" content=\"Tiempo de lectura\" \/>\n\t<meta name=\"twitter:data2\" content=\"3 minutos\" \/>\n<script type=\"application\/ld+json\" class=\"yoast-schema-graph\">{\"@context\":\"https:\/\/schema.org\",\"@graph\":[{\"@type\":\"WebPage\",\"@id\":\"https:\/\/yoamomimazatlan.com\/?p=10410\",\"url\":\"https:\/\/yoamomimazatlan.com\/?p=10410\",\"name\":\"Alumnos del CMA conquistan el p\u00f3rtico del Teatro \u00c1ngela Peralta - Amo mi Mazatl\u00e1n\",\"isPartOf\":{\"@id\":\"https:\/\/yoamomimazatlan.com\/#website\"},\"datePublished\":\"2025-12-17T17:51:05+00:00\",\"dateModified\":\"2025-12-22T17:51:57+00:00\",\"author\":{\"@id\":\"https:\/\/yoamomimazatlan.com\/#\/schema\/person\/5eb4abccc9443dff7750dbdd0a22c79e\"},\"breadcrumb\":{\"@id\":\"https:\/\/yoamomimazatlan.com\/?p=10410#breadcrumb\"},\"inLanguage\":\"es-MX\",\"potentialAction\":[{\"@type\":\"ReadAction\",\"target\":[\"https:\/\/yoamomimazatlan.com\/?p=10410\"]}]},{\"@type\":\"BreadcrumbList\",\"@id\":\"https:\/\/yoamomimazatlan.com\/?p=10410#breadcrumb\",\"itemListElement\":[{\"@type\":\"ListItem\",\"position\":1,\"name\":\"Inicio\",\"item\":\"https:\/\/yoamomimazatlan.com\/\"},{\"@type\":\"ListItem\",\"position\":2,\"name\":\"Alumnos del CMA conquistan el p\u00f3rtico del Teatro \u00c1ngela Peralta\"}]},{\"@type\":\"WebSite\",\"@id\":\"https:\/\/yoamomimazatlan.com\/#website\",\"url\":\"https:\/\/yoamomimazatlan.com\/\",\"name\":\"Amo mi Mazatl\u00e1n\",\"description\":\"Somos Pata Salada\",\"potentialAction\":[{\"@type\":\"SearchAction\",\"target\":{\"@type\":\"EntryPoint\",\"urlTemplate\":\"https:\/\/yoamomimazatlan.com\/?s={search_term_string}\"},\"query-input\":\"required name=search_term_string\"}],\"inLanguage\":\"es-MX\"},{\"@type\":\"Person\",\"@id\":\"https:\/\/yoamomimazatlan.com\/#\/schema\/person\/5eb4abccc9443dff7750dbdd0a22c79e\",\"name\":\"Luis Peraza\",\"image\":{\"@type\":\"ImageObject\",\"inLanguage\":\"es-MX\",\"@id\":\"https:\/\/yoamomimazatlan.com\/#\/schema\/person\/image\/\",\"url\":\"https:\/\/secure.gravatar.com\/avatar\/2829a2db2ad27a37cce4111a17f17d49?s=96&d=mm&r=g\",\"contentUrl\":\"https:\/\/secure.gravatar.com\/avatar\/2829a2db2ad27a37cce4111a17f17d49?s=96&d=mm&r=g\",\"caption\":\"Luis Peraza\"},\"url\":\"https:\/\/yoamomimazatlan.com\/?author=2\"}]}<\/script>\n<!-- \/ Yoast SEO plugin. -->","yoast_head_json":{"title":"Alumnos del CMA conquistan el p\u00f3rtico del Teatro \u00c1ngela Peralta - Amo mi Mazatl\u00e1n","robots":{"index":"index","follow":"follow","max-snippet":"max-snippet:-1","max-image-preview":"max-image-preview:large","max-video-preview":"max-video-preview:-1"},"canonical":"https:\/\/yoamomimazatlan.com\/?p=10410","og_locale":"es_MX","og_type":"article","og_title":"Alumnos del CMA conquistan el p\u00f3rtico del Teatro \u00c1ngela Peralta - Amo mi Mazatl\u00e1n","og_description":"El emblem\u00e1tico P\u00f3rtico del Teatro \u00c1ngela Peralta se visti\u00f3 de gala y ritmo para el cierre del ciclo semestral de los integrantes del Ensamble de Guitarras del Centro Municipal de las Artes (CMA). Alumnos de Nivel T\u00e9cnico y de las Licenciaturas en Canto y M\u00fasica ofrecieron un concierto que transform\u00f3 el recinto en una verdadera [&hellip;]","og_url":"https:\/\/yoamomimazatlan.com\/?p=10410","og_site_name":"Amo mi Mazatl\u00e1n","article_published_time":"2025-12-17T17:51:05+00:00","article_modified_time":"2025-12-22T17:51:57+00:00","og_image":[{"width":1280,"height":854,"url":"http:\/\/yoamomimazatlan.com\/wp-content\/uploads\/2025\/12\/WhatsApp-Image-2025-12-17-at-10.40.32-AM.jpeg","type":"image\/jpeg"}],"author":"Luis Peraza","twitter_card":"summary_large_image","twitter_misc":{"Escrito por":"Luis Peraza","Tiempo de lectura":"3 minutos"},"schema":{"@context":"https:\/\/schema.org","@graph":[{"@type":"WebPage","@id":"https:\/\/yoamomimazatlan.com\/?p=10410","url":"https:\/\/yoamomimazatlan.com\/?p=10410","name":"Alumnos del CMA conquistan el p\u00f3rtico del Teatro \u00c1ngela Peralta - Amo mi Mazatl\u00e1n","isPartOf":{"@id":"https:\/\/yoamomimazatlan.com\/#website"},"datePublished":"2025-12-17T17:51:05+00:00","dateModified":"2025-12-22T17:51:57+00:00","author":{"@id":"https:\/\/yoamomimazatlan.com\/#\/schema\/person\/5eb4abccc9443dff7750dbdd0a22c79e"},"breadcrumb":{"@id":"https:\/\/yoamomimazatlan.com\/?p=10410#breadcrumb"},"inLanguage":"es-MX","potentialAction":[{"@type":"ReadAction","target":["https:\/\/yoamomimazatlan.com\/?p=10410"]}]},{"@type":"BreadcrumbList","@id":"https:\/\/yoamomimazatlan.com\/?p=10410#breadcrumb","itemListElement":[{"@type":"ListItem","position":1,"name":"Inicio","item":"https:\/\/yoamomimazatlan.com\/"},{"@type":"ListItem","position":2,"name":"Alumnos del CMA conquistan el p\u00f3rtico del Teatro \u00c1ngela Peralta"}]},{"@type":"WebSite","@id":"https:\/\/yoamomimazatlan.com\/#website","url":"https:\/\/yoamomimazatlan.com\/","name":"Amo mi Mazatl\u00e1n","description":"Somos Pata Salada","potentialAction":[{"@type":"SearchAction","target":{"@type":"EntryPoint","urlTemplate":"https:\/\/yoamomimazatlan.com\/?s={search_term_string}"},"query-input":"required name=search_term_string"}],"inLanguage":"es-MX"},{"@type":"Person","@id":"https:\/\/yoamomimazatlan.com\/#\/schema\/person\/5eb4abccc9443dff7750dbdd0a22c79e","name":"Luis Peraza","image":{"@type":"ImageObject","inLanguage":"es-MX","@id":"https:\/\/yoamomimazatlan.com\/#\/schema\/person\/image\/","url":"https:\/\/secure.gravatar.com\/avatar\/2829a2db2ad27a37cce4111a17f17d49?s=96&d=mm&r=g","contentUrl":"https:\/\/secure.gravatar.com\/avatar\/2829a2db2ad27a37cce4111a17f17d49?s=96&d=mm&r=g","caption":"Luis Peraza"},"url":"https:\/\/yoamomimazatlan.com\/?author=2"}]}},"_links":{"self":[{"href":"https:\/\/yoamomimazatlan.com\/index.php?rest_route=\/wp\/v2\/posts\/10410"}],"collection":[{"href":"https:\/\/yoamomimazatlan.com\/index.php?rest_route=\/wp\/v2\/posts"}],"about":[{"href":"https:\/\/yoamomimazatlan.com\/index.php?rest_route=\/wp\/v2\/types\/post"}],"author":[{"embeddable":true,"href":"https:\/\/yoamomimazatlan.com\/index.php?rest_route=\/wp\/v2\/users\/2"}],"replies":[{"embeddable":true,"href":"https:\/\/yoamomimazatlan.com\/index.php?rest_route=%2Fwp%2Fv2%2Fcomments&post=10410"}],"version-history":[{"count":2,"href":"https:\/\/yoamomimazatlan.com\/index.php?rest_route=\/wp\/v2\/posts\/10410\/revisions"}],"predecessor-version":[{"id":10413,"href":"https:\/\/yoamomimazatlan.com\/index.php?rest_route=\/wp\/v2\/posts\/10410\/revisions\/10413"}],"wp:featuredmedia":[{"embeddable":true,"href":"https:\/\/yoamomimazatlan.com\/index.php?rest_route=\/wp\/v2\/media\/10411"}],"wp:attachment":[{"href":"https:\/\/yoamomimazatlan.com\/index.php?rest_route=%2Fwp%2Fv2%2Fmedia&parent=10410"}],"wp:term":[{"taxonomy":"category","embeddable":true,"href":"https:\/\/yoamomimazatlan.com\/index.php?rest_route=%2Fwp%2Fv2%2Fcategories&post=10410"},{"taxonomy":"post_tag","embeddable":true,"href":"https:\/\/yoamomimazatlan.com\/index.php?rest_route=%2Fwp%2Fv2%2Ftags&post=10410"}],"curies":[{"name":"wp","href":"https:\/\/api.w.org\/{rel}","templated":true}]}}