{"id":1167,"date":"2020-03-02T15:58:15","date_gmt":"2020-03-02T15:58:15","guid":{"rendered":"http:\/\/yoamomimazatlan.com\/?p=1167"},"modified":"2020-03-02T15:58:22","modified_gmt":"2020-03-02T15:58:22","slug":"exreina-del-carnaval-de-mazatlan-denuncia-extorsion","status":"publish","type":"post","link":"https:\/\/yoamomimazatlan.com\/?p=1167","title":{"rendered":"Exreina del Carnaval de Mazatl\u00e1n denuncia extorsi\u00f3n"},"content":{"rendered":"\n<p>La exreina del Carnaval Internacional de Mazatl\u00e1n, Karla II, denunci\u00f3 a trav\u00e9s de sus redes sociales ser v\u00edctima de extorsi\u00f3n, al detallar que le hackearon su cuenta de Instagram en donde ten\u00eda m\u00e1s de 14 mil 500 seguidores. <\/p>\n\n\n\n<div class=\"wp-block-image\"><figure class=\"aligncenter size-large is-resized\"><img fetchpriority=\"high\" decoding=\"async\" src=\"http:\/\/yoamomimazatlan.com\/wp-content\/uploads\/2020\/03\/60347325_10213527017107705_4992836169487089664_o.jpg\" alt=\"\" class=\"wp-image-1169\" width=\"480\" height=\"480\" srcset=\"https:\/\/yoamomimazatlan.com\/wp-content\/uploads\/2020\/03\/60347325_10213527017107705_4992836169487089664_o.jpg 400w, https:\/\/yoamomimazatlan.com\/wp-content\/uploads\/2020\/03\/60347325_10213527017107705_4992836169487089664_o-300x300.jpg 300w, https:\/\/yoamomimazatlan.com\/wp-content\/uploads\/2020\/03\/60347325_10213527017107705_4992836169487089664_o-150x150.jpg 150w, https:\/\/yoamomimazatlan.com\/wp-content\/uploads\/2020\/03\/60347325_10213527017107705_4992836169487089664_o-768x768.jpg 768w\" sizes=\"(max-width: 480px) 100vw, 480px\" \/><figcaption>La exsoberana no se salv\u00f3 de esta situaci\u00f3n <br>Foto: Facebook <\/figcaption><\/figure><\/div>\n\n\n\n<p>As\u00ed lo denuncio la propia Karla Rivas en su cuenta personal de Facebook en donde con capturas de pantalla mostr\u00f3 ya no tener acceso al que era su perfil personal.<\/p>\n\n\n\n<p>&#8220;Amigos ay\u00fadenme a reportar esta cuenta de Instagram \u201ckarlrivass\u201d me la hackearon, me han estado extorsionando y quieren extorsionar a mis seguidores pidiendo que les hagan el favor de depositar o que renta vestidos, no soy yo!!! Hagan caso omiso a lo mensajes e historias que est\u00e1 subiendo porfavor. Ay\u00fadenme a compartir en sus historias que la reporten porfavor\u00a0??<\/p>\n\n\n\n<p>Abr\u00ed una nueva cuenta: \u201c karlmarivas \u201c, poste\u00f3 la guapa exsoberana y estudiante de medicina.<\/p>\n\n\n\n<div class=\"wp-block-image\"><figure class=\"aligncenter size-large is-resized\"><img decoding=\"async\" src=\"http:\/\/yoamomimazatlan.com\/wp-content\/uploads\/2020\/03\/captura.jpg\" alt=\"\" class=\"wp-image-1168\" width=\"256\" height=\"248\" srcset=\"https:\/\/yoamomimazatlan.com\/wp-content\/uploads\/2020\/03\/captura.jpg 414w, https:\/\/yoamomimazatlan.com\/wp-content\/uploads\/2020\/03\/captura-300x290.jpg 300w\" sizes=\"(max-width: 256px) 100vw, 256px\" \/><figcaption>Captura<\/figcaption><\/figure><\/div>\n\n\n\n<p>De inmediato amigos, conocidos y seguidores compartieron esta publicaci\u00f3n de Karla y mostraron su solidaridad.<\/p>\n\n\n\n<p>Fuentes cercanas a Karla nos informaron que a trav\u00e9s de mensajes de voz lo que parece ser un hacker argentino es quien extorsion\u00f3 a la bella exsoberana quien no accedi\u00f3 a los chantajes y report\u00f3 su cuenta para que fuera eliminada de instagram.<\/p>\n","protected":false},"excerpt":{"rendered":"<p>La exreina del Carnaval Internacional de Mazatl\u00e1n, Karla II, denunci\u00f3 a trav\u00e9s de sus redes sociales ser v\u00edctima de extorsi\u00f3n, al detallar que le hackearon su cuenta de Instagram en donde ten\u00eda m\u00e1s de 14 mil 500 seguidores. As\u00ed lo denuncio la propia Karla Rivas en su cuenta personal de Facebook en donde con capturas [&hellip;]<\/p>\n","protected":false},"author":2,"featured_media":1170,"comment_status":"open","ping_status":"open","sticky":false,"template":"","format":"standard","meta":{"footnotes":""},"categories":[1],"tags":[],"yoast_head":"<!-- This site is optimized with the Yoast SEO plugin v21.7 - https:\/\/yoast.com\/wordpress\/plugins\/seo\/ -->\n<title>Exreina del Carnaval de Mazatl\u00e1n denuncia extorsi\u00f3n - Amo mi Mazatl\u00e1n<\/title>\n<meta name=\"robots\" content=\"index, follow, max-snippet:-1, max-image-preview:large, max-video-preview:-1\" \/>\n<link rel=\"canonical\" href=\"https:\/\/yoamomimazatlan.com\/?p=1167\" \/>\n<meta property=\"og:locale\" content=\"es_MX\" \/>\n<meta property=\"og:type\" content=\"article\" \/>\n<meta property=\"og:title\" content=\"Exreina del Carnaval de Mazatl\u00e1n denuncia extorsi\u00f3n - Amo mi Mazatl\u00e1n\" \/>\n<meta property=\"og:description\" content=\"La exreina del Carnaval Internacional de Mazatl\u00e1n, Karla II, denunci\u00f3 a trav\u00e9s de sus redes sociales ser v\u00edctima de extorsi\u00f3n, al detallar que le hackearon su cuenta de Instagram en donde ten\u00eda m\u00e1s de 14 mil 500 seguidores. As\u00ed lo denuncio la propia Karla Rivas en su cuenta personal de Facebook en donde con capturas [&hellip;]\" \/>\n<meta property=\"og:url\" content=\"https:\/\/yoamomimazatlan.com\/?p=1167\" \/>\n<meta property=\"og:site_name\" content=\"Amo mi Mazatl\u00e1n\" \/>\n<meta property=\"article:published_time\" content=\"2020-03-02T15:58:15+00:00\" \/>\n<meta property=\"article:modified_time\" content=\"2020-03-02T15:58:22+00:00\" \/>\n<meta property=\"og:image\" content=\"https:\/\/yoamomimazatlan.com\/wp-content\/uploads\/2020\/03\/portada.jpg\" \/>\n\t<meta property=\"og:image:width\" content=\"556\" \/>\n\t<meta property=\"og:image:height\" content=\"400\" \/>\n\t<meta property=\"og:image:type\" content=\"image\/jpeg\" \/>\n<meta name=\"author\" content=\"Luis Peraza\" \/>\n<meta name=\"twitter:card\" content=\"summary_large_image\" \/>\n<meta name=\"twitter:label1\" content=\"Escrito por\" \/>\n\t<meta name=\"twitter:data1\" content=\"Luis Peraza\" \/>\n\t<meta name=\"twitter:label2\" content=\"Tiempo de lectura\" \/>\n\t<meta name=\"twitter:data2\" content=\"1 minuto\" \/>\n<script type=\"application\/ld+json\" class=\"yoast-schema-graph\">{\"@context\":\"https:\/\/schema.org\",\"@graph\":[{\"@type\":\"WebPage\",\"@id\":\"https:\/\/yoamomimazatlan.com\/?p=1167\",\"url\":\"https:\/\/yoamomimazatlan.com\/?p=1167\",\"name\":\"Exreina del Carnaval de Mazatl\u00e1n denuncia extorsi\u00f3n - Amo mi Mazatl\u00e1n\",\"isPartOf\":{\"@id\":\"https:\/\/yoamomimazatlan.com\/#website\"},\"datePublished\":\"2020-03-02T15:58:15+00:00\",\"dateModified\":\"2020-03-02T15:58:22+00:00\",\"author\":{\"@id\":\"https:\/\/yoamomimazatlan.com\/#\/schema\/person\/5eb4abccc9443dff7750dbdd0a22c79e\"},\"breadcrumb\":{\"@id\":\"https:\/\/yoamomimazatlan.com\/?p=1167#breadcrumb\"},\"inLanguage\":\"es-MX\",\"potentialAction\":[{\"@type\":\"ReadAction\",\"target\":[\"https:\/\/yoamomimazatlan.com\/?p=1167\"]}]},{\"@type\":\"BreadcrumbList\",\"@id\":\"https:\/\/yoamomimazatlan.com\/?p=1167#breadcrumb\",\"itemListElement\":[{\"@type\":\"ListItem\",\"position\":1,\"name\":\"Inicio\",\"item\":\"https:\/\/yoamomimazatlan.com\/\"},{\"@type\":\"ListItem\",\"position\":2,\"name\":\"Exreina del Carnaval de Mazatl\u00e1n denuncia extorsi\u00f3n\"}]},{\"@type\":\"WebSite\",\"@id\":\"https:\/\/yoamomimazatlan.com\/#website\",\"url\":\"https:\/\/yoamomimazatlan.com\/\",\"name\":\"Amo mi Mazatl\u00e1n\",\"description\":\"Somos Pata Salada\",\"potentialAction\":[{\"@type\":\"SearchAction\",\"target\":{\"@type\":\"EntryPoint\",\"urlTemplate\":\"https:\/\/yoamomimazatlan.com\/?s={search_term_string}\"},\"query-input\":\"required name=search_term_string\"}],\"inLanguage\":\"es-MX\"},{\"@type\":\"Person\",\"@id\":\"https:\/\/yoamomimazatlan.com\/#\/schema\/person\/5eb4abccc9443dff7750dbdd0a22c79e\",\"name\":\"Luis Peraza\",\"image\":{\"@type\":\"ImageObject\",\"inLanguage\":\"es-MX\",\"@id\":\"https:\/\/yoamomimazatlan.com\/#\/schema\/person\/image\/\",\"url\":\"https:\/\/secure.gravatar.com\/avatar\/2829a2db2ad27a37cce4111a17f17d49?s=96&d=mm&r=g\",\"contentUrl\":\"https:\/\/secure.gravatar.com\/avatar\/2829a2db2ad27a37cce4111a17f17d49?s=96&d=mm&r=g\",\"caption\":\"Luis Peraza\"},\"url\":\"https:\/\/yoamomimazatlan.com\/?author=2\"}]}<\/script>\n<!-- \/ Yoast SEO plugin. -->","yoast_head_json":{"title":"Exreina del Carnaval de Mazatl\u00e1n denuncia extorsi\u00f3n - Amo mi Mazatl\u00e1n","robots":{"index":"index","follow":"follow","max-snippet":"max-snippet:-1","max-image-preview":"max-image-preview:large","max-video-preview":"max-video-preview:-1"},"canonical":"https:\/\/yoamomimazatlan.com\/?p=1167","og_locale":"es_MX","og_type":"article","og_title":"Exreina del Carnaval de Mazatl\u00e1n denuncia extorsi\u00f3n - Amo mi Mazatl\u00e1n","og_description":"La exreina del Carnaval Internacional de Mazatl\u00e1n, Karla II, denunci\u00f3 a trav\u00e9s de sus redes sociales ser v\u00edctima de extorsi\u00f3n, al detallar que le hackearon su cuenta de Instagram en donde ten\u00eda m\u00e1s de 14 mil 500 seguidores. As\u00ed lo denuncio la propia Karla Rivas en su cuenta personal de Facebook en donde con capturas [&hellip;]","og_url":"https:\/\/yoamomimazatlan.com\/?p=1167","og_site_name":"Amo mi Mazatl\u00e1n","article_published_time":"2020-03-02T15:58:15+00:00","article_modified_time":"2020-03-02T15:58:22+00:00","og_image":[{"width":556,"height":400,"url":"https:\/\/yoamomimazatlan.com\/wp-content\/uploads\/2020\/03\/portada.jpg","type":"image\/jpeg"}],"author":"Luis Peraza","twitter_card":"summary_large_image","twitter_misc":{"Escrito por":"Luis Peraza","Tiempo de lectura":"1 minuto"},"schema":{"@context":"https:\/\/schema.org","@graph":[{"@type":"WebPage","@id":"https:\/\/yoamomimazatlan.com\/?p=1167","url":"https:\/\/yoamomimazatlan.com\/?p=1167","name":"Exreina del Carnaval de Mazatl\u00e1n denuncia extorsi\u00f3n - Amo mi Mazatl\u00e1n","isPartOf":{"@id":"https:\/\/yoamomimazatlan.com\/#website"},"datePublished":"2020-03-02T15:58:15+00:00","dateModified":"2020-03-02T15:58:22+00:00","author":{"@id":"https:\/\/yoamomimazatlan.com\/#\/schema\/person\/5eb4abccc9443dff7750dbdd0a22c79e"},"breadcrumb":{"@id":"https:\/\/yoamomimazatlan.com\/?p=1167#breadcrumb"},"inLanguage":"es-MX","potentialAction":[{"@type":"ReadAction","target":["https:\/\/yoamomimazatlan.com\/?p=1167"]}]},{"@type":"BreadcrumbList","@id":"https:\/\/yoamomimazatlan.com\/?p=1167#breadcrumb","itemListElement":[{"@type":"ListItem","position":1,"name":"Inicio","item":"https:\/\/yoamomimazatlan.com\/"},{"@type":"ListItem","position":2,"name":"Exreina del Carnaval de Mazatl\u00e1n denuncia extorsi\u00f3n"}]},{"@type":"WebSite","@id":"https:\/\/yoamomimazatlan.com\/#website","url":"https:\/\/yoamomimazatlan.com\/","name":"Amo mi Mazatl\u00e1n","description":"Somos Pata Salada","potentialAction":[{"@type":"SearchAction","target":{"@type":"EntryPoint","urlTemplate":"https:\/\/yoamomimazatlan.com\/?s={search_term_string}"},"query-input":"required name=search_term_string"}],"inLanguage":"es-MX"},{"@type":"Person","@id":"https:\/\/yoamomimazatlan.com\/#\/schema\/person\/5eb4abccc9443dff7750dbdd0a22c79e","name":"Luis Peraza","image":{"@type":"ImageObject","inLanguage":"es-MX","@id":"https:\/\/yoamomimazatlan.com\/#\/schema\/person\/image\/","url":"https:\/\/secure.gravatar.com\/avatar\/2829a2db2ad27a37cce4111a17f17d49?s=96&d=mm&r=g","contentUrl":"https:\/\/secure.gravatar.com\/avatar\/2829a2db2ad27a37cce4111a17f17d49?s=96&d=mm&r=g","caption":"Luis Peraza"},"url":"https:\/\/yoamomimazatlan.com\/?author=2"}]}},"_links":{"self":[{"href":"https:\/\/yoamomimazatlan.com\/index.php?rest_route=\/wp\/v2\/posts\/1167"}],"collection":[{"href":"https:\/\/yoamomimazatlan.com\/index.php?rest_route=\/wp\/v2\/posts"}],"about":[{"href":"https:\/\/yoamomimazatlan.com\/index.php?rest_route=\/wp\/v2\/types\/post"}],"author":[{"embeddable":true,"href":"https:\/\/yoamomimazatlan.com\/index.php?rest_route=\/wp\/v2\/users\/2"}],"replies":[{"embeddable":true,"href":"https:\/\/yoamomimazatlan.com\/index.php?rest_route=%2Fwp%2Fv2%2Fcomments&post=1167"}],"version-history":[{"count":0,"href":"https:\/\/yoamomimazatlan.com\/index.php?rest_route=\/wp\/v2\/posts\/1167\/revisions"}],"wp:featuredmedia":[{"embeddable":true,"href":"https:\/\/yoamomimazatlan.com\/index.php?rest_route=\/wp\/v2\/media\/1170"}],"wp:attachment":[{"href":"https:\/\/yoamomimazatlan.com\/index.php?rest_route=%2Fwp%2Fv2%2Fmedia&parent=1167"}],"wp:term":[{"taxonomy":"category","embeddable":true,"href":"https:\/\/yoamomimazatlan.com\/index.php?rest_route=%2Fwp%2Fv2%2Fcategories&post=1167"},{"taxonomy":"post_tag","embeddable":true,"href":"https:\/\/yoamomimazatlan.com\/index.php?rest_route=%2Fwp%2Fv2%2Ftags&post=1167"}],"curies":[{"name":"wp","href":"https:\/\/api.w.org\/{rel}","templated":true}]}}