{"id":1237,"date":"2020-03-10T22:21:08","date_gmt":"2020-03-10T22:21:08","guid":{"rendered":"http:\/\/yoamomimazatlan.com\/?p=1237"},"modified":"2020-03-10T22:28:12","modified_gmt":"2020-03-10T22:28:12","slug":"este-podria-ser-el-elenco-de-la-feria-ganadera-de-mazatlan","status":"publish","type":"post","link":"https:\/\/yoamomimazatlan.com\/?p=1237","title":{"rendered":"Este podr\u00eda ser el elenco de la Feria Ganadera de Mazatl\u00e1n"},"content":{"rendered":"\n<p>Aunque a\u00fan no es oficial ya se filtr\u00f3 en las redes sociales el posible elenco de la pr\u00f3xima Feria Ganadera en Mazatl\u00e1n que se celebrar\u00e1 del 21 al 31 de mayo.<\/p>\n\n\n\n<p>Fue la reconocida periodista de espectaculos Isela Morales quien a trav\u00e9s de su cuenta personal de Facebook p\u00fablico el que tal vez ser\u00e1 el elenco que confirmen hoy por la tarde la empresa de espect\u00e1culos V\u00edvelo y los organizadores de esta Feria Ganadera.<\/p>\n\n\n\n<div class=\"wp-block-image\"><figure class=\"aligncenter size-large is-resized\"><img fetchpriority=\"high\" decoding=\"async\" src=\"http:\/\/yoamomimazatlan.com\/wp-content\/uploads\/2020\/03\/WhatsApp-Image-2020-03-10-at-3.18.22-PM-2-1024x706.jpeg\" alt=\"\" class=\"wp-image-1241\" width=\"512\" height=\"353\" srcset=\"https:\/\/yoamomimazatlan.com\/wp-content\/uploads\/2020\/03\/WhatsApp-Image-2020-03-10-at-3.18.22-PM-2-1024x706.jpeg 1024w, https:\/\/yoamomimazatlan.com\/wp-content\/uploads\/2020\/03\/WhatsApp-Image-2020-03-10-at-3.18.22-PM-2-300x207.jpeg 300w, https:\/\/yoamomimazatlan.com\/wp-content\/uploads\/2020\/03\/WhatsApp-Image-2020-03-10-at-3.18.22-PM-2-768x529.jpeg 768w, https:\/\/yoamomimazatlan.com\/wp-content\/uploads\/2020\/03\/WhatsApp-Image-2020-03-10-at-3.18.22-PM-2-1200x827.jpeg 1200w, https:\/\/yoamomimazatlan.com\/wp-content\/uploads\/2020\/03\/WhatsApp-Image-2020-03-10-at-3.18.22-PM-2.jpeg 580w\" sizes=\"(max-width: 512px) 100vw, 512px\" \/><\/figure><\/div>\n\n\n\n<p>Morales se\u00f1al\u00f3 que ser\u00e1n  Paquita la del Barrio, Christian Nodal y Gerardo Ortiz y El youtuber H\u00e9ctor Lim\u00f3n quienes se encarguen de la parte art\u00edstica de este evento.<\/p>\n\n\n\n<p>Ser\u00e1 hasta las seis de la tarde, tiempo local, cuando conozcamos de manera oficial a este elenco que por el momento ya filtr\u00f3 Isela Morales.<\/p>\n\n\n\n<figure class=\"wp-block-embed-facebook wp-block-embed is-type-rich is-provider-facebook\"><div class=\"wp-block-embed__wrapper\">\n<div id=\"fb-root\"><\/div><script async=\"1\" defer=\"1\" crossorigin=\"anonymous\" src=\"https:\/\/connect.facebook.net\/en_US\/sdk.js#xfbml=1&amp;version=v6.0\"><\/script><div class=\"fb-post\" data-href=\"https:\/\/www.facebook.com\/isela.morales.39\/posts\/10157837146915619\" data-width=\"580\"><blockquote cite=\"https:\/\/www.facebook.com\/isela.morales.39\/posts\/10157837146915619\" class=\"fb-xfbml-parse-ignore\"><p>La Feria Ganadera de Mazatl\u00e1n, a realizarse en el mes de mayo promete traer grandes figuras, entre ellas Paquita la del&#8230;<\/p>Posted by <a href=\"#\" role=\"button\">Isela Morales<\/a> on&nbsp;<a href=\"https:\/\/www.facebook.com\/isela.morales.39\/posts\/10157837146915619\">Tuesday, March 10, 2020<\/a><\/blockquote><\/div>\n<\/div><\/figure>\n","protected":false},"excerpt":{"rendered":"<p>Aunque a\u00fan no es oficial ya se filtr\u00f3 en las redes sociales el posible elenco de la pr\u00f3xima Feria Ganadera en Mazatl\u00e1n que se celebrar\u00e1 del 21 al 31 de mayo. Fue la reconocida periodista de espectaculos Isela Morales quien a trav\u00e9s de su cuenta personal de Facebook p\u00fablico el que tal vez ser\u00e1 el [&hellip;]<\/p>\n","protected":false},"author":2,"featured_media":1238,"comment_status":"open","ping_status":"open","sticky":false,"template":"","format":"standard","meta":{"footnotes":""},"categories":[1],"tags":[],"yoast_head":"<!-- This site is optimized with the Yoast SEO plugin v21.7 - https:\/\/yoast.com\/wordpress\/plugins\/seo\/ -->\n<title>Este podr\u00eda ser el elenco de la Feria Ganadera de Mazatl\u00e1n - Amo mi Mazatl\u00e1n<\/title>\n<meta name=\"robots\" content=\"index, follow, max-snippet:-1, max-image-preview:large, max-video-preview:-1\" \/>\n<link rel=\"canonical\" href=\"https:\/\/yoamomimazatlan.com\/?p=1237\" \/>\n<meta property=\"og:locale\" content=\"es_MX\" \/>\n<meta property=\"og:type\" content=\"article\" \/>\n<meta property=\"og:title\" content=\"Este podr\u00eda ser el elenco de la Feria Ganadera de Mazatl\u00e1n - Amo mi Mazatl\u00e1n\" \/>\n<meta property=\"og:description\" content=\"Aunque a\u00fan no es oficial ya se filtr\u00f3 en las redes sociales el posible elenco de la pr\u00f3xima Feria Ganadera en Mazatl\u00e1n que se celebrar\u00e1 del 21 al 31 de mayo. Fue la reconocida periodista de espectaculos Isela Morales quien a trav\u00e9s de su cuenta personal de Facebook p\u00fablico el que tal vez ser\u00e1 el [&hellip;]\" \/>\n<meta property=\"og:url\" content=\"https:\/\/yoamomimazatlan.com\/?p=1237\" \/>\n<meta property=\"og:site_name\" content=\"Amo mi Mazatl\u00e1n\" \/>\n<meta property=\"article:published_time\" content=\"2020-03-10T22:21:08+00:00\" \/>\n<meta property=\"article:modified_time\" content=\"2020-03-10T22:28:12+00:00\" \/>\n<meta property=\"og:image\" content=\"https:\/\/yoamomimazatlan.com\/wp-content\/uploads\/2020\/03\/WhatsApp-Image-2020-03-10-at-3.18.22-PM.jpeg\" \/>\n\t<meta property=\"og:image:width\" content=\"580\" \/>\n\t<meta property=\"og:image:height\" content=\"400\" \/>\n\t<meta property=\"og:image:type\" content=\"image\/jpeg\" \/>\n<meta name=\"author\" content=\"Luis Peraza\" \/>\n<meta name=\"twitter:card\" content=\"summary_large_image\" \/>\n<meta name=\"twitter:label1\" content=\"Escrito por\" \/>\n\t<meta name=\"twitter:data1\" content=\"Luis Peraza\" \/>\n\t<meta name=\"twitter:label2\" content=\"Tiempo de lectura\" \/>\n\t<meta name=\"twitter:data2\" content=\"1 minuto\" \/>\n<script type=\"application\/ld+json\" class=\"yoast-schema-graph\">{\"@context\":\"https:\/\/schema.org\",\"@graph\":[{\"@type\":\"WebPage\",\"@id\":\"https:\/\/yoamomimazatlan.com\/?p=1237\",\"url\":\"https:\/\/yoamomimazatlan.com\/?p=1237\",\"name\":\"Este podr\u00eda ser el elenco de la Feria Ganadera de Mazatl\u00e1n - Amo mi Mazatl\u00e1n\",\"isPartOf\":{\"@id\":\"https:\/\/yoamomimazatlan.com\/#website\"},\"datePublished\":\"2020-03-10T22:21:08+00:00\",\"dateModified\":\"2020-03-10T22:28:12+00:00\",\"author\":{\"@id\":\"https:\/\/yoamomimazatlan.com\/#\/schema\/person\/5eb4abccc9443dff7750dbdd0a22c79e\"},\"breadcrumb\":{\"@id\":\"https:\/\/yoamomimazatlan.com\/?p=1237#breadcrumb\"},\"inLanguage\":\"es-MX\",\"potentialAction\":[{\"@type\":\"ReadAction\",\"target\":[\"https:\/\/yoamomimazatlan.com\/?p=1237\"]}]},{\"@type\":\"BreadcrumbList\",\"@id\":\"https:\/\/yoamomimazatlan.com\/?p=1237#breadcrumb\",\"itemListElement\":[{\"@type\":\"ListItem\",\"position\":1,\"name\":\"Inicio\",\"item\":\"https:\/\/yoamomimazatlan.com\/\"},{\"@type\":\"ListItem\",\"position\":2,\"name\":\"Este podr\u00eda ser el elenco de la Feria Ganadera de Mazatl\u00e1n\"}]},{\"@type\":\"WebSite\",\"@id\":\"https:\/\/yoamomimazatlan.com\/#website\",\"url\":\"https:\/\/yoamomimazatlan.com\/\",\"name\":\"Amo mi Mazatl\u00e1n\",\"description\":\"Somos Pata Salada\",\"potentialAction\":[{\"@type\":\"SearchAction\",\"target\":{\"@type\":\"EntryPoint\",\"urlTemplate\":\"https:\/\/yoamomimazatlan.com\/?s={search_term_string}\"},\"query-input\":\"required name=search_term_string\"}],\"inLanguage\":\"es-MX\"},{\"@type\":\"Person\",\"@id\":\"https:\/\/yoamomimazatlan.com\/#\/schema\/person\/5eb4abccc9443dff7750dbdd0a22c79e\",\"name\":\"Luis Peraza\",\"image\":{\"@type\":\"ImageObject\",\"inLanguage\":\"es-MX\",\"@id\":\"https:\/\/yoamomimazatlan.com\/#\/schema\/person\/image\/\",\"url\":\"https:\/\/secure.gravatar.com\/avatar\/2829a2db2ad27a37cce4111a17f17d49?s=96&d=mm&r=g\",\"contentUrl\":\"https:\/\/secure.gravatar.com\/avatar\/2829a2db2ad27a37cce4111a17f17d49?s=96&d=mm&r=g\",\"caption\":\"Luis Peraza\"},\"url\":\"https:\/\/yoamomimazatlan.com\/?author=2\"}]}<\/script>\n<!-- \/ Yoast SEO plugin. -->","yoast_head_json":{"title":"Este podr\u00eda ser el elenco de la Feria Ganadera de Mazatl\u00e1n - Amo mi Mazatl\u00e1n","robots":{"index":"index","follow":"follow","max-snippet":"max-snippet:-1","max-image-preview":"max-image-preview:large","max-video-preview":"max-video-preview:-1"},"canonical":"https:\/\/yoamomimazatlan.com\/?p=1237","og_locale":"es_MX","og_type":"article","og_title":"Este podr\u00eda ser el elenco de la Feria Ganadera de Mazatl\u00e1n - Amo mi Mazatl\u00e1n","og_description":"Aunque a\u00fan no es oficial ya se filtr\u00f3 en las redes sociales el posible elenco de la pr\u00f3xima Feria Ganadera en Mazatl\u00e1n que se celebrar\u00e1 del 21 al 31 de mayo. Fue la reconocida periodista de espectaculos Isela Morales quien a trav\u00e9s de su cuenta personal de Facebook p\u00fablico el que tal vez ser\u00e1 el [&hellip;]","og_url":"https:\/\/yoamomimazatlan.com\/?p=1237","og_site_name":"Amo mi Mazatl\u00e1n","article_published_time":"2020-03-10T22:21:08+00:00","article_modified_time":"2020-03-10T22:28:12+00:00","og_image":[{"width":580,"height":400,"url":"https:\/\/yoamomimazatlan.com\/wp-content\/uploads\/2020\/03\/WhatsApp-Image-2020-03-10-at-3.18.22-PM.jpeg","type":"image\/jpeg"}],"author":"Luis Peraza","twitter_card":"summary_large_image","twitter_misc":{"Escrito por":"Luis Peraza","Tiempo de lectura":"1 minuto"},"schema":{"@context":"https:\/\/schema.org","@graph":[{"@type":"WebPage","@id":"https:\/\/yoamomimazatlan.com\/?p=1237","url":"https:\/\/yoamomimazatlan.com\/?p=1237","name":"Este podr\u00eda ser el elenco de la Feria Ganadera de Mazatl\u00e1n - Amo mi Mazatl\u00e1n","isPartOf":{"@id":"https:\/\/yoamomimazatlan.com\/#website"},"datePublished":"2020-03-10T22:21:08+00:00","dateModified":"2020-03-10T22:28:12+00:00","author":{"@id":"https:\/\/yoamomimazatlan.com\/#\/schema\/person\/5eb4abccc9443dff7750dbdd0a22c79e"},"breadcrumb":{"@id":"https:\/\/yoamomimazatlan.com\/?p=1237#breadcrumb"},"inLanguage":"es-MX","potentialAction":[{"@type":"ReadAction","target":["https:\/\/yoamomimazatlan.com\/?p=1237"]}]},{"@type":"BreadcrumbList","@id":"https:\/\/yoamomimazatlan.com\/?p=1237#breadcrumb","itemListElement":[{"@type":"ListItem","position":1,"name":"Inicio","item":"https:\/\/yoamomimazatlan.com\/"},{"@type":"ListItem","position":2,"name":"Este podr\u00eda ser el elenco de la Feria Ganadera de Mazatl\u00e1n"}]},{"@type":"WebSite","@id":"https:\/\/yoamomimazatlan.com\/#website","url":"https:\/\/yoamomimazatlan.com\/","name":"Amo mi Mazatl\u00e1n","description":"Somos Pata Salada","potentialAction":[{"@type":"SearchAction","target":{"@type":"EntryPoint","urlTemplate":"https:\/\/yoamomimazatlan.com\/?s={search_term_string}"},"query-input":"required name=search_term_string"}],"inLanguage":"es-MX"},{"@type":"Person","@id":"https:\/\/yoamomimazatlan.com\/#\/schema\/person\/5eb4abccc9443dff7750dbdd0a22c79e","name":"Luis Peraza","image":{"@type":"ImageObject","inLanguage":"es-MX","@id":"https:\/\/yoamomimazatlan.com\/#\/schema\/person\/image\/","url":"https:\/\/secure.gravatar.com\/avatar\/2829a2db2ad27a37cce4111a17f17d49?s=96&d=mm&r=g","contentUrl":"https:\/\/secure.gravatar.com\/avatar\/2829a2db2ad27a37cce4111a17f17d49?s=96&d=mm&r=g","caption":"Luis Peraza"},"url":"https:\/\/yoamomimazatlan.com\/?author=2"}]}},"_links":{"self":[{"href":"https:\/\/yoamomimazatlan.com\/index.php?rest_route=\/wp\/v2\/posts\/1237"}],"collection":[{"href":"https:\/\/yoamomimazatlan.com\/index.php?rest_route=\/wp\/v2\/posts"}],"about":[{"href":"https:\/\/yoamomimazatlan.com\/index.php?rest_route=\/wp\/v2\/types\/post"}],"author":[{"embeddable":true,"href":"https:\/\/yoamomimazatlan.com\/index.php?rest_route=\/wp\/v2\/users\/2"}],"replies":[{"embeddable":true,"href":"https:\/\/yoamomimazatlan.com\/index.php?rest_route=%2Fwp%2Fv2%2Fcomments&post=1237"}],"version-history":[{"count":0,"href":"https:\/\/yoamomimazatlan.com\/index.php?rest_route=\/wp\/v2\/posts\/1237\/revisions"}],"wp:featuredmedia":[{"embeddable":true,"href":"https:\/\/yoamomimazatlan.com\/index.php?rest_route=\/wp\/v2\/media\/1238"}],"wp:attachment":[{"href":"https:\/\/yoamomimazatlan.com\/index.php?rest_route=%2Fwp%2Fv2%2Fmedia&parent=1237"}],"wp:term":[{"taxonomy":"category","embeddable":true,"href":"https:\/\/yoamomimazatlan.com\/index.php?rest_route=%2Fwp%2Fv2%2Fcategories&post=1237"},{"taxonomy":"post_tag","embeddable":true,"href":"https:\/\/yoamomimazatlan.com\/index.php?rest_route=%2Fwp%2Fv2%2Ftags&post=1237"}],"curies":[{"name":"wp","href":"https:\/\/api.w.org\/{rel}","templated":true}]}}