{"id":1565,"date":"2020-04-13T00:29:33","date_gmt":"2020-04-13T00:29:33","guid":{"rendered":"http:\/\/yoamomimazatlan.com\/?p=1565"},"modified":"2020-04-13T00:29:42","modified_gmt":"2020-04-13T00:29:42","slug":"invitan-a-retirarse-de-la-playa-a-mil-400-personas","status":"publish","type":"post","link":"https:\/\/yoamomimazatlan.com\/?p=1565","title":{"rendered":"Invitan a retirarse de la playa a mil 400 personas"},"content":{"rendered":"\n<p>Para el Coordinador de Protecci\u00f3n Civil de Mazatl\u00e1n, Eloy Ruiz Gast\u00e9lum, es favorable que el ciudadano en general est\u00e9 acatando las medidas de salud que se implementan con motivo de la pandemia del coronavirus y se resguarda en su casa.<\/p>\n\n\n\n<div class=\"wp-block-image\"><figure class=\"aligncenter size-large is-resized\"><img fetchpriority=\"high\" decoding=\"async\" src=\"http:\/\/yoamomimazatlan.com\/wp-content\/uploads\/2020\/04\/WhatsApp-Image-2020-04-12-at-6.11.56-PM-1024x681.jpeg\" alt=\"\" class=\"wp-image-1566\" width=\"512\" height=\"341\" srcset=\"https:\/\/yoamomimazatlan.com\/wp-content\/uploads\/2020\/04\/WhatsApp-Image-2020-04-12-at-6.11.56-PM-1024x681.jpeg 1024w, https:\/\/yoamomimazatlan.com\/wp-content\/uploads\/2020\/04\/WhatsApp-Image-2020-04-12-at-6.11.56-PM-300x199.jpeg 300w, https:\/\/yoamomimazatlan.com\/wp-content\/uploads\/2020\/04\/WhatsApp-Image-2020-04-12-at-6.11.56-PM-768x511.jpeg 768w, https:\/\/yoamomimazatlan.com\/wp-content\/uploads\/2020\/04\/WhatsApp-Image-2020-04-12-at-6.11.56-PM-1200x798.jpeg 1200w, https:\/\/yoamomimazatlan.com\/wp-content\/uploads\/2020\/04\/WhatsApp-Image-2020-04-12-at-6.11.56-PM.jpeg 600w\" sizes=\"(max-width: 512px) 100vw, 512px\" \/><figcaption>Elementos de los tres niveles de Gobierno participan en este operativo permanente<br>Foto: Cortes\u00eda<\/figcaption><\/figure><\/div>\n\n\n\n<p>Sin embargo mencion\u00f3 que desde que se cerraron las playas de Mazatl\u00e1n al p\u00fablico, han sido alrededor de mil cuatrocientas personas las que han sido ubicadas en diversas zonas de playa, a quienes se invit\u00f3 a que se retiraran y resguardaran en su domicilio, para frenar un posible contagio del Covid-19.<\/p>\n\n\n\n<p>Por ello dijo que seguir\u00e1n de manera permanente los operativos de vigilancia e inspecci\u00f3n, que de manera coordinada se realizan entre las diversas instituciones de los tres niveles de gobierno.<\/p>\n\n\n\n<p>De acuerdo al informe del operativo en playas, solo 4 personas han sido infraccionadas, por no acatar las instrucciones de las autoridades.<\/p>\n","protected":false},"excerpt":{"rendered":"<p>Para el Coordinador de Protecci\u00f3n Civil de Mazatl\u00e1n, Eloy Ruiz Gast\u00e9lum, es favorable que el ciudadano en general est\u00e9 acatando las medidas de salud que se implementan con motivo de la pandemia del coronavirus y se resguarda en su casa. Sin embargo mencion\u00f3 que desde que se cerraron las playas de Mazatl\u00e1n al p\u00fablico, han [&hellip;]<\/p>\n","protected":false},"author":2,"featured_media":1567,"comment_status":"open","ping_status":"open","sticky":false,"template":"","format":"standard","meta":{"footnotes":""},"categories":[1],"tags":[165,117,167],"yoast_head":"<!-- This site is optimized with the Yoast SEO plugin v21.7 - https:\/\/yoast.com\/wordpress\/plugins\/seo\/ -->\n<title>Invitan a retirarse de la playa a mil 400 personas - Amo mi Mazatl\u00e1n<\/title>\n<meta name=\"robots\" content=\"index, follow, max-snippet:-1, max-image-preview:large, max-video-preview:-1\" \/>\n<link rel=\"canonical\" href=\"https:\/\/yoamomimazatlan.com\/?p=1565\" \/>\n<meta property=\"og:locale\" content=\"es_MX\" \/>\n<meta property=\"og:type\" content=\"article\" \/>\n<meta property=\"og:title\" content=\"Invitan a retirarse de la playa a mil 400 personas - Amo mi Mazatl\u00e1n\" \/>\n<meta property=\"og:description\" content=\"Para el Coordinador de Protecci\u00f3n Civil de Mazatl\u00e1n, Eloy Ruiz Gast\u00e9lum, es favorable que el ciudadano en general est\u00e9 acatando las medidas de salud que se implementan con motivo de la pandemia del coronavirus y se resguarda en su casa. Sin embargo mencion\u00f3 que desde que se cerraron las playas de Mazatl\u00e1n al p\u00fablico, han [&hellip;]\" \/>\n<meta property=\"og:url\" content=\"https:\/\/yoamomimazatlan.com\/?p=1565\" \/>\n<meta property=\"og:site_name\" content=\"Amo mi Mazatl\u00e1n\" \/>\n<meta property=\"article:published_time\" content=\"2020-04-13T00:29:33+00:00\" \/>\n<meta property=\"article:modified_time\" content=\"2020-04-13T00:29:42+00:00\" \/>\n<meta property=\"og:image\" content=\"https:\/\/yoamomimazatlan.com\/wp-content\/uploads\/2020\/04\/WhatsApp-Image-2020-04-12-at-6.11.56-PM-1.jpeg\" \/>\n\t<meta property=\"og:image:width\" content=\"600\" \/>\n\t<meta property=\"og:image:height\" content=\"400\" \/>\n\t<meta property=\"og:image:type\" content=\"image\/jpeg\" \/>\n<meta name=\"author\" content=\"Luis Peraza\" \/>\n<meta name=\"twitter:card\" content=\"summary_large_image\" \/>\n<meta name=\"twitter:label1\" content=\"Escrito por\" \/>\n\t<meta name=\"twitter:data1\" content=\"Luis Peraza\" \/>\n\t<meta name=\"twitter:label2\" content=\"Tiempo de lectura\" \/>\n\t<meta name=\"twitter:data2\" content=\"1 minuto\" \/>\n<script type=\"application\/ld+json\" class=\"yoast-schema-graph\">{\"@context\":\"https:\/\/schema.org\",\"@graph\":[{\"@type\":\"WebPage\",\"@id\":\"https:\/\/yoamomimazatlan.com\/?p=1565\",\"url\":\"https:\/\/yoamomimazatlan.com\/?p=1565\",\"name\":\"Invitan a retirarse de la playa a mil 400 personas - Amo mi Mazatl\u00e1n\",\"isPartOf\":{\"@id\":\"https:\/\/yoamomimazatlan.com\/#website\"},\"datePublished\":\"2020-04-13T00:29:33+00:00\",\"dateModified\":\"2020-04-13T00:29:42+00:00\",\"author\":{\"@id\":\"https:\/\/yoamomimazatlan.com\/#\/schema\/person\/5eb4abccc9443dff7750dbdd0a22c79e\"},\"breadcrumb\":{\"@id\":\"https:\/\/yoamomimazatlan.com\/?p=1565#breadcrumb\"},\"inLanguage\":\"es-MX\",\"potentialAction\":[{\"@type\":\"ReadAction\",\"target\":[\"https:\/\/yoamomimazatlan.com\/?p=1565\"]}]},{\"@type\":\"BreadcrumbList\",\"@id\":\"https:\/\/yoamomimazatlan.com\/?p=1565#breadcrumb\",\"itemListElement\":[{\"@type\":\"ListItem\",\"position\":1,\"name\":\"Inicio\",\"item\":\"https:\/\/yoamomimazatlan.com\/\"},{\"@type\":\"ListItem\",\"position\":2,\"name\":\"Invitan a retirarse de la playa a mil 400 personas\"}]},{\"@type\":\"WebSite\",\"@id\":\"https:\/\/yoamomimazatlan.com\/#website\",\"url\":\"https:\/\/yoamomimazatlan.com\/\",\"name\":\"Amo mi Mazatl\u00e1n\",\"description\":\"Somos Pata Salada\",\"potentialAction\":[{\"@type\":\"SearchAction\",\"target\":{\"@type\":\"EntryPoint\",\"urlTemplate\":\"https:\/\/yoamomimazatlan.com\/?s={search_term_string}\"},\"query-input\":\"required name=search_term_string\"}],\"inLanguage\":\"es-MX\"},{\"@type\":\"Person\",\"@id\":\"https:\/\/yoamomimazatlan.com\/#\/schema\/person\/5eb4abccc9443dff7750dbdd0a22c79e\",\"name\":\"Luis Peraza\",\"image\":{\"@type\":\"ImageObject\",\"inLanguage\":\"es-MX\",\"@id\":\"https:\/\/yoamomimazatlan.com\/#\/schema\/person\/image\/\",\"url\":\"https:\/\/secure.gravatar.com\/avatar\/2829a2db2ad27a37cce4111a17f17d49?s=96&d=mm&r=g\",\"contentUrl\":\"https:\/\/secure.gravatar.com\/avatar\/2829a2db2ad27a37cce4111a17f17d49?s=96&d=mm&r=g\",\"caption\":\"Luis Peraza\"},\"url\":\"https:\/\/yoamomimazatlan.com\/?author=2\"}]}<\/script>\n<!-- \/ Yoast SEO plugin. -->","yoast_head_json":{"title":"Invitan a retirarse de la playa a mil 400 personas - Amo mi Mazatl\u00e1n","robots":{"index":"index","follow":"follow","max-snippet":"max-snippet:-1","max-image-preview":"max-image-preview:large","max-video-preview":"max-video-preview:-1"},"canonical":"https:\/\/yoamomimazatlan.com\/?p=1565","og_locale":"es_MX","og_type":"article","og_title":"Invitan a retirarse de la playa a mil 400 personas - Amo mi Mazatl\u00e1n","og_description":"Para el Coordinador de Protecci\u00f3n Civil de Mazatl\u00e1n, Eloy Ruiz Gast\u00e9lum, es favorable que el ciudadano en general est\u00e9 acatando las medidas de salud que se implementan con motivo de la pandemia del coronavirus y se resguarda en su casa. Sin embargo mencion\u00f3 que desde que se cerraron las playas de Mazatl\u00e1n al p\u00fablico, han [&hellip;]","og_url":"https:\/\/yoamomimazatlan.com\/?p=1565","og_site_name":"Amo mi Mazatl\u00e1n","article_published_time":"2020-04-13T00:29:33+00:00","article_modified_time":"2020-04-13T00:29:42+00:00","og_image":[{"width":600,"height":400,"url":"https:\/\/yoamomimazatlan.com\/wp-content\/uploads\/2020\/04\/WhatsApp-Image-2020-04-12-at-6.11.56-PM-1.jpeg","type":"image\/jpeg"}],"author":"Luis Peraza","twitter_card":"summary_large_image","twitter_misc":{"Escrito por":"Luis Peraza","Tiempo de lectura":"1 minuto"},"schema":{"@context":"https:\/\/schema.org","@graph":[{"@type":"WebPage","@id":"https:\/\/yoamomimazatlan.com\/?p=1565","url":"https:\/\/yoamomimazatlan.com\/?p=1565","name":"Invitan a retirarse de la playa a mil 400 personas - Amo mi Mazatl\u00e1n","isPartOf":{"@id":"https:\/\/yoamomimazatlan.com\/#website"},"datePublished":"2020-04-13T00:29:33+00:00","dateModified":"2020-04-13T00:29:42+00:00","author":{"@id":"https:\/\/yoamomimazatlan.com\/#\/schema\/person\/5eb4abccc9443dff7750dbdd0a22c79e"},"breadcrumb":{"@id":"https:\/\/yoamomimazatlan.com\/?p=1565#breadcrumb"},"inLanguage":"es-MX","potentialAction":[{"@type":"ReadAction","target":["https:\/\/yoamomimazatlan.com\/?p=1565"]}]},{"@type":"BreadcrumbList","@id":"https:\/\/yoamomimazatlan.com\/?p=1565#breadcrumb","itemListElement":[{"@type":"ListItem","position":1,"name":"Inicio","item":"https:\/\/yoamomimazatlan.com\/"},{"@type":"ListItem","position":2,"name":"Invitan a retirarse de la playa a mil 400 personas"}]},{"@type":"WebSite","@id":"https:\/\/yoamomimazatlan.com\/#website","url":"https:\/\/yoamomimazatlan.com\/","name":"Amo mi Mazatl\u00e1n","description":"Somos Pata Salada","potentialAction":[{"@type":"SearchAction","target":{"@type":"EntryPoint","urlTemplate":"https:\/\/yoamomimazatlan.com\/?s={search_term_string}"},"query-input":"required name=search_term_string"}],"inLanguage":"es-MX"},{"@type":"Person","@id":"https:\/\/yoamomimazatlan.com\/#\/schema\/person\/5eb4abccc9443dff7750dbdd0a22c79e","name":"Luis Peraza","image":{"@type":"ImageObject","inLanguage":"es-MX","@id":"https:\/\/yoamomimazatlan.com\/#\/schema\/person\/image\/","url":"https:\/\/secure.gravatar.com\/avatar\/2829a2db2ad27a37cce4111a17f17d49?s=96&d=mm&r=g","contentUrl":"https:\/\/secure.gravatar.com\/avatar\/2829a2db2ad27a37cce4111a17f17d49?s=96&d=mm&r=g","caption":"Luis Peraza"},"url":"https:\/\/yoamomimazatlan.com\/?author=2"}]}},"_links":{"self":[{"href":"https:\/\/yoamomimazatlan.com\/index.php?rest_route=\/wp\/v2\/posts\/1565"}],"collection":[{"href":"https:\/\/yoamomimazatlan.com\/index.php?rest_route=\/wp\/v2\/posts"}],"about":[{"href":"https:\/\/yoamomimazatlan.com\/index.php?rest_route=\/wp\/v2\/types\/post"}],"author":[{"embeddable":true,"href":"https:\/\/yoamomimazatlan.com\/index.php?rest_route=\/wp\/v2\/users\/2"}],"replies":[{"embeddable":true,"href":"https:\/\/yoamomimazatlan.com\/index.php?rest_route=%2Fwp%2Fv2%2Fcomments&post=1565"}],"version-history":[{"count":0,"href":"https:\/\/yoamomimazatlan.com\/index.php?rest_route=\/wp\/v2\/posts\/1565\/revisions"}],"wp:featuredmedia":[{"embeddable":true,"href":"https:\/\/yoamomimazatlan.com\/index.php?rest_route=\/wp\/v2\/media\/1567"}],"wp:attachment":[{"href":"https:\/\/yoamomimazatlan.com\/index.php?rest_route=%2Fwp%2Fv2%2Fmedia&parent=1565"}],"wp:term":[{"taxonomy":"category","embeddable":true,"href":"https:\/\/yoamomimazatlan.com\/index.php?rest_route=%2Fwp%2Fv2%2Fcategories&post=1565"},{"taxonomy":"post_tag","embeddable":true,"href":"https:\/\/yoamomimazatlan.com\/index.php?rest_route=%2Fwp%2Fv2%2Ftags&post=1565"}],"curies":[{"name":"wp","href":"https:\/\/api.w.org\/{rel}","templated":true}]}}