{"id":2293,"date":"2020-05-15T13:38:50","date_gmt":"2020-05-15T13:38:50","guid":{"rendered":"http:\/\/yoamomimazatlan.com\/?p=2293"},"modified":"2020-05-17T02:48:17","modified_gmt":"2020-05-17T02:48:17","slug":"mazatlan-suma-30-nuevos-positivos-de-covid-19-alguien-dijo-fila-para-otro-pastel","status":"publish","type":"post","link":"https:\/\/yoamomimazatlan.com\/?p=2293","title":{"rendered":"Mazatl\u00e1n suma 30 nuevos positivos de COVID-19 \u00bfAlguien dijo fila para otro pastel o pizza?"},"content":{"rendered":"\n<h4 class=\"wp-block-heading\">Justo despu\u00e9s de 14 d\u00edas del D\u00eda del Ni\u00f1o cuando centenas de personas abarrotaron pasteler\u00edas y pizzer\u00edas , Mazatl\u00e1n esta viviendo el pico de la pandemia con el mayor n\u00famero de casos registrados en un solo d\u00eda.<\/h4>\n\n\n\n<div class=\"wp-block-image\"><figure class=\"aligncenter size-large is-resized\"><img fetchpriority=\"high\" decoding=\"async\" src=\"http:\/\/yoamomimazatlan.com\/wp-content\/uploads\/2020\/05\/WhatsApp-Image-2020-05-15-at-7.52.03-AM.jpeg\" alt=\"\" class=\"wp-image-2296\" width=\"417\" height=\"270\" srcset=\"https:\/\/yoamomimazatlan.com\/wp-content\/uploads\/2020\/05\/WhatsApp-Image-2020-05-15-at-7.52.03-AM.jpeg 600w, https:\/\/yoamomimazatlan.com\/wp-content\/uploads\/2020\/05\/WhatsApp-Image-2020-05-15-at-7.52.03-AM-300x194.jpeg 300w, https:\/\/yoamomimazatlan.com\/wp-content\/uploads\/2020\/05\/WhatsApp-Image-2020-05-15-at-7.52.03-AM-768x497.jpeg 768w\" sizes=\"(max-width: 417px) 100vw, 417px\" \/><figcaption>Foto: Viral<\/figcaption><\/figure><\/div>\n\n\n\n<h5 class=\"wp-block-heading\">De acuerdo al balance de la Secretar\u00eda de Salud en el municipio de Mazatl\u00e1n se sumaron el d\u00eda de ayer 30 nuevos positivos al COVID-19, lo que suma un total de 127 pacientes activos con este virus.<\/h5>\n\n\n\n<h6 class=\"wp-block-heading\">Este reporte tambi\u00e9n se\u00f1ala que lamentablemente hasta el momento han perdido la vida 18 personas en Mazatl\u00e1n por Coronavirus.<\/h6>\n\n\n\n<script async=\"\" src=\"https:\/\/pagead2.googlesyndication.com\/pagead\/js\/adsbygoogle.js\"><\/script>\n<ins class=\"adsbygoogle\" style=\"display:block; text-align:center;\" data-ad-layout=\"in-article\" data-ad-format=\"fluid\" data-ad-client=\"ca-pub-5399463873420767\" data-ad-slot=\"9891489938\"><\/ins>\n<script>\n     (adsbygoogle = window.adsbygoogle || []).push({});\n<\/script>\n\n\n\n<h2 class=\"wp-block-heading\">Aqu\u00ed el balance presentado el d\u00eda de ayer por el Secretario de Salud, Efr\u00e9n Encinas Torres.<\/h2>\n\n\n\n<figure class=\"wp-block-embed-facebook wp-block-embed is-type-rich is-provider-facebook\"><div class=\"wp-block-embed__wrapper\">\n<div id=\"fb-root\"><\/div><script async=\"1\" defer=\"1\" crossorigin=\"anonymous\" src=\"https:\/\/connect.facebook.net\/en_US\/sdk.js#xfbml=1&amp;version=v7.0\"><\/script><div class=\"fb-post\" data-href=\"https:\/\/www.facebook.com\/drefrenencinastorres\/photos\/a.809273652793538\/1352284121825819\/?type=3&amp;theater\" data-width=\"580\"><blockquote cite=\"https:\/\/www.facebook.com\/drefrenencinastorres\/photos\/a.809273652793538\/1352284121825819\/?type=3\" class=\"fb-xfbml-parse-ignore\"><p>*SINALOA \u2013 COVID 19 \/ 14 DE MAYO 2020*18:00 horas*NUEVOS PACIENTES: 96* Municipios Origen: 46 Culiac\u00e1n30&#8230;<\/p>Posted by <a href=\"https:\/\/www.facebook.com\/drefrenencinastorres\/\">Dr. Efr\u00e9n Encinas Torres<\/a> on&nbsp;<a href=\"https:\/\/www.facebook.com\/drefrenencinastorres\/photos\/a.809273652793538\/1352284121825819\/?type=3\">Thursday, May 14, 2020<\/a><\/blockquote><\/div>\n<\/div><\/figure>\n","protected":false},"excerpt":{"rendered":"<p>Justo despu\u00e9s de 14 d\u00edas del D\u00eda del Ni\u00f1o cuando centenas de personas abarrotaron pasteler\u00edas y pizzer\u00edas , Mazatl\u00e1n esta viviendo el pico de la pandemia con el mayor n\u00famero de casos registrados en un solo d\u00eda. De acuerdo al balance de la Secretar\u00eda de Salud en el municipio de Mazatl\u00e1n se sumaron el d\u00eda [&hellip;]<\/p>\n","protected":false},"author":2,"featured_media":2297,"comment_status":"open","ping_status":"open","sticky":false,"template":"","format":"standard","meta":{"footnotes":""},"categories":[1],"tags":[114,113,241,71],"yoast_head":"<!-- This site is optimized with the Yoast SEO plugin v21.7 - https:\/\/yoast.com\/wordpress\/plugins\/seo\/ -->\n<title>Mazatl\u00e1n suma 30 nuevos positivos de COVID-19 \u00bfAlguien dijo fila para otro pastel o pizza? - Amo mi Mazatl\u00e1n<\/title>\n<meta name=\"robots\" content=\"index, follow, max-snippet:-1, max-image-preview:large, max-video-preview:-1\" \/>\n<link rel=\"canonical\" href=\"https:\/\/yoamomimazatlan.com\/?p=2293\" \/>\n<meta property=\"og:locale\" content=\"es_MX\" \/>\n<meta property=\"og:type\" content=\"article\" \/>\n<meta property=\"og:title\" content=\"Mazatl\u00e1n suma 30 nuevos positivos de COVID-19 \u00bfAlguien dijo fila para otro pastel o pizza? - Amo mi Mazatl\u00e1n\" \/>\n<meta property=\"og:description\" content=\"Justo despu\u00e9s de 14 d\u00edas del D\u00eda del Ni\u00f1o cuando centenas de personas abarrotaron pasteler\u00edas y pizzer\u00edas , Mazatl\u00e1n esta viviendo el pico de la pandemia con el mayor n\u00famero de casos registrados en un solo d\u00eda. De acuerdo al balance de la Secretar\u00eda de Salud en el municipio de Mazatl\u00e1n se sumaron el d\u00eda [&hellip;]\" \/>\n<meta property=\"og:url\" content=\"https:\/\/yoamomimazatlan.com\/?p=2293\" \/>\n<meta property=\"og:site_name\" content=\"Amo mi Mazatl\u00e1n\" \/>\n<meta property=\"article:published_time\" content=\"2020-05-15T13:38:50+00:00\" \/>\n<meta property=\"article:modified_time\" content=\"2020-05-17T02:48:17+00:00\" \/>\n<meta property=\"og:image\" content=\"https:\/\/yoamomimazatlan.com\/wp-content\/uploads\/2020\/05\/WhatsApp-Image-2020-05-15-at-7.52.03-AM-1.jpeg\" \/>\n\t<meta property=\"og:image:width\" content=\"600\" \/>\n\t<meta property=\"og:image:height\" content=\"388\" \/>\n\t<meta property=\"og:image:type\" content=\"image\/jpeg\" \/>\n<meta name=\"author\" content=\"Luis Peraza\" \/>\n<meta name=\"twitter:card\" content=\"summary_large_image\" \/>\n<meta name=\"twitter:label1\" content=\"Escrito por\" \/>\n\t<meta name=\"twitter:data1\" content=\"Luis Peraza\" \/>\n\t<meta name=\"twitter:label2\" content=\"Tiempo de lectura\" \/>\n\t<meta name=\"twitter:data2\" content=\"1 minuto\" \/>\n<script type=\"application\/ld+json\" class=\"yoast-schema-graph\">{\"@context\":\"https:\/\/schema.org\",\"@graph\":[{\"@type\":\"WebPage\",\"@id\":\"https:\/\/yoamomimazatlan.com\/?p=2293\",\"url\":\"https:\/\/yoamomimazatlan.com\/?p=2293\",\"name\":\"Mazatl\u00e1n suma 30 nuevos positivos de COVID-19 \u00bfAlguien dijo fila para otro pastel o pizza? - Amo mi Mazatl\u00e1n\",\"isPartOf\":{\"@id\":\"https:\/\/yoamomimazatlan.com\/#website\"},\"datePublished\":\"2020-05-15T13:38:50+00:00\",\"dateModified\":\"2020-05-17T02:48:17+00:00\",\"author\":{\"@id\":\"https:\/\/yoamomimazatlan.com\/#\/schema\/person\/5eb4abccc9443dff7750dbdd0a22c79e\"},\"breadcrumb\":{\"@id\":\"https:\/\/yoamomimazatlan.com\/?p=2293#breadcrumb\"},\"inLanguage\":\"es-MX\",\"potentialAction\":[{\"@type\":\"ReadAction\",\"target\":[\"https:\/\/yoamomimazatlan.com\/?p=2293\"]}]},{\"@type\":\"BreadcrumbList\",\"@id\":\"https:\/\/yoamomimazatlan.com\/?p=2293#breadcrumb\",\"itemListElement\":[{\"@type\":\"ListItem\",\"position\":1,\"name\":\"Inicio\",\"item\":\"https:\/\/yoamomimazatlan.com\/\"},{\"@type\":\"ListItem\",\"position\":2,\"name\":\"Mazatl\u00e1n suma 30 nuevos positivos de COVID-19 \u00bfAlguien dijo fila para otro pastel o pizza?\"}]},{\"@type\":\"WebSite\",\"@id\":\"https:\/\/yoamomimazatlan.com\/#website\",\"url\":\"https:\/\/yoamomimazatlan.com\/\",\"name\":\"Amo mi Mazatl\u00e1n\",\"description\":\"Somos Pata Salada\",\"potentialAction\":[{\"@type\":\"SearchAction\",\"target\":{\"@type\":\"EntryPoint\",\"urlTemplate\":\"https:\/\/yoamomimazatlan.com\/?s={search_term_string}\"},\"query-input\":\"required name=search_term_string\"}],\"inLanguage\":\"es-MX\"},{\"@type\":\"Person\",\"@id\":\"https:\/\/yoamomimazatlan.com\/#\/schema\/person\/5eb4abccc9443dff7750dbdd0a22c79e\",\"name\":\"Luis Peraza\",\"image\":{\"@type\":\"ImageObject\",\"inLanguage\":\"es-MX\",\"@id\":\"https:\/\/yoamomimazatlan.com\/#\/schema\/person\/image\/\",\"url\":\"https:\/\/secure.gravatar.com\/avatar\/2829a2db2ad27a37cce4111a17f17d49?s=96&d=mm&r=g\",\"contentUrl\":\"https:\/\/secure.gravatar.com\/avatar\/2829a2db2ad27a37cce4111a17f17d49?s=96&d=mm&r=g\",\"caption\":\"Luis Peraza\"},\"url\":\"https:\/\/yoamomimazatlan.com\/?author=2\"}]}<\/script>\n<!-- \/ Yoast SEO plugin. -->","yoast_head_json":{"title":"Mazatl\u00e1n suma 30 nuevos positivos de COVID-19 \u00bfAlguien dijo fila para otro pastel o pizza? - Amo mi Mazatl\u00e1n","robots":{"index":"index","follow":"follow","max-snippet":"max-snippet:-1","max-image-preview":"max-image-preview:large","max-video-preview":"max-video-preview:-1"},"canonical":"https:\/\/yoamomimazatlan.com\/?p=2293","og_locale":"es_MX","og_type":"article","og_title":"Mazatl\u00e1n suma 30 nuevos positivos de COVID-19 \u00bfAlguien dijo fila para otro pastel o pizza? - Amo mi Mazatl\u00e1n","og_description":"Justo despu\u00e9s de 14 d\u00edas del D\u00eda del Ni\u00f1o cuando centenas de personas abarrotaron pasteler\u00edas y pizzer\u00edas , Mazatl\u00e1n esta viviendo el pico de la pandemia con el mayor n\u00famero de casos registrados en un solo d\u00eda. De acuerdo al balance de la Secretar\u00eda de Salud en el municipio de Mazatl\u00e1n se sumaron el d\u00eda [&hellip;]","og_url":"https:\/\/yoamomimazatlan.com\/?p=2293","og_site_name":"Amo mi Mazatl\u00e1n","article_published_time":"2020-05-15T13:38:50+00:00","article_modified_time":"2020-05-17T02:48:17+00:00","og_image":[{"width":600,"height":388,"url":"https:\/\/yoamomimazatlan.com\/wp-content\/uploads\/2020\/05\/WhatsApp-Image-2020-05-15-at-7.52.03-AM-1.jpeg","type":"image\/jpeg"}],"author":"Luis Peraza","twitter_card":"summary_large_image","twitter_misc":{"Escrito por":"Luis Peraza","Tiempo de lectura":"1 minuto"},"schema":{"@context":"https:\/\/schema.org","@graph":[{"@type":"WebPage","@id":"https:\/\/yoamomimazatlan.com\/?p=2293","url":"https:\/\/yoamomimazatlan.com\/?p=2293","name":"Mazatl\u00e1n suma 30 nuevos positivos de COVID-19 \u00bfAlguien dijo fila para otro pastel o pizza? - Amo mi Mazatl\u00e1n","isPartOf":{"@id":"https:\/\/yoamomimazatlan.com\/#website"},"datePublished":"2020-05-15T13:38:50+00:00","dateModified":"2020-05-17T02:48:17+00:00","author":{"@id":"https:\/\/yoamomimazatlan.com\/#\/schema\/person\/5eb4abccc9443dff7750dbdd0a22c79e"},"breadcrumb":{"@id":"https:\/\/yoamomimazatlan.com\/?p=2293#breadcrumb"},"inLanguage":"es-MX","potentialAction":[{"@type":"ReadAction","target":["https:\/\/yoamomimazatlan.com\/?p=2293"]}]},{"@type":"BreadcrumbList","@id":"https:\/\/yoamomimazatlan.com\/?p=2293#breadcrumb","itemListElement":[{"@type":"ListItem","position":1,"name":"Inicio","item":"https:\/\/yoamomimazatlan.com\/"},{"@type":"ListItem","position":2,"name":"Mazatl\u00e1n suma 30 nuevos positivos de COVID-19 \u00bfAlguien dijo fila para otro pastel o pizza?"}]},{"@type":"WebSite","@id":"https:\/\/yoamomimazatlan.com\/#website","url":"https:\/\/yoamomimazatlan.com\/","name":"Amo mi Mazatl\u00e1n","description":"Somos Pata Salada","potentialAction":[{"@type":"SearchAction","target":{"@type":"EntryPoint","urlTemplate":"https:\/\/yoamomimazatlan.com\/?s={search_term_string}"},"query-input":"required name=search_term_string"}],"inLanguage":"es-MX"},{"@type":"Person","@id":"https:\/\/yoamomimazatlan.com\/#\/schema\/person\/5eb4abccc9443dff7750dbdd0a22c79e","name":"Luis Peraza","image":{"@type":"ImageObject","inLanguage":"es-MX","@id":"https:\/\/yoamomimazatlan.com\/#\/schema\/person\/image\/","url":"https:\/\/secure.gravatar.com\/avatar\/2829a2db2ad27a37cce4111a17f17d49?s=96&d=mm&r=g","contentUrl":"https:\/\/secure.gravatar.com\/avatar\/2829a2db2ad27a37cce4111a17f17d49?s=96&d=mm&r=g","caption":"Luis Peraza"},"url":"https:\/\/yoamomimazatlan.com\/?author=2"}]}},"_links":{"self":[{"href":"https:\/\/yoamomimazatlan.com\/index.php?rest_route=\/wp\/v2\/posts\/2293"}],"collection":[{"href":"https:\/\/yoamomimazatlan.com\/index.php?rest_route=\/wp\/v2\/posts"}],"about":[{"href":"https:\/\/yoamomimazatlan.com\/index.php?rest_route=\/wp\/v2\/types\/post"}],"author":[{"embeddable":true,"href":"https:\/\/yoamomimazatlan.com\/index.php?rest_route=\/wp\/v2\/users\/2"}],"replies":[{"embeddable":true,"href":"https:\/\/yoamomimazatlan.com\/index.php?rest_route=%2Fwp%2Fv2%2Fcomments&post=2293"}],"version-history":[{"count":0,"href":"https:\/\/yoamomimazatlan.com\/index.php?rest_route=\/wp\/v2\/posts\/2293\/revisions"}],"wp:featuredmedia":[{"embeddable":true,"href":"https:\/\/yoamomimazatlan.com\/index.php?rest_route=\/wp\/v2\/media\/2297"}],"wp:attachment":[{"href":"https:\/\/yoamomimazatlan.com\/index.php?rest_route=%2Fwp%2Fv2%2Fmedia&parent=2293"}],"wp:term":[{"taxonomy":"category","embeddable":true,"href":"https:\/\/yoamomimazatlan.com\/index.php?rest_route=%2Fwp%2Fv2%2Fcategories&post=2293"},{"taxonomy":"post_tag","embeddable":true,"href":"https:\/\/yoamomimazatlan.com\/index.php?rest_route=%2Fwp%2Fv2%2Ftags&post=2293"}],"curies":[{"name":"wp","href":"https:\/\/api.w.org\/{rel}","templated":true}]}}