{"id":2633,"date":"2020-05-30T03:13:40","date_gmt":"2020-05-30T03:13:40","guid":{"rendered":"http:\/\/yoamomimazatlan.com\/?p=2633"},"modified":"2020-05-30T03:26:59","modified_gmt":"2020-05-30T03:26:59","slug":"cuando-se-abriran-playas-y-hoteles-en-mazatlan-gonzalez-torrentera-habla-al-respecto","status":"publish","type":"post","link":"https:\/\/yoamomimazatlan.com\/?p=2633","title":{"rendered":"\u00bfCu\u00e1ndo se abrir\u00e1n playas y hoteles en Mazatl\u00e1n? Gonz\u00e1lez Torrentera habla al respecto"},"content":{"rendered":"\n<p>En entrevista exclusiva para YO AMO MI MAZATL\u00c1N el Secretario de Desarrollo Econ\u00f3mico, Turismo y Pesca de Mazatl\u00e1n, David Gonz\u00e1lez Torrentera, habl\u00f3 sobre la reactivaci\u00f3n econ\u00f3mica del municipio frente a la culminaci\u00f3n de la Jornada Nacional de Sana Distancia.<\/p>\n\n\n\n<p>En entrevista v\u00eda Instagram Live Gonz\u00e1lez Torrentera reconoci\u00f3 que aunque no hay fecha exacta se tiene contemplado que puede ser entre el 7 y 15 de junio la reactivaci\u00f3n en el puerto.<\/p>\n\n\n\n<p>El funcionario Municipal precis\u00f3 que en los \u00faltimos d\u00edas su dependencia ha trabajado de manera intensa en los protocolos de apertura en conjunto con sectores productivos de Mazatl\u00e1n.<\/p>\n\n\n\n<figure class=\"wp-block-embed-facebook wp-block-embed is-type-rich is-provider-facebook\"><div class=\"wp-block-embed__wrapper\">\n<div id=\"fb-root\"><\/div><script async=\"1\" defer=\"1\" crossorigin=\"anonymous\" src=\"https:\/\/connect.facebook.net\/en_US\/sdk.js#xfbml=1&amp;version=v7.0\"><\/script><div class=\"fb-post\" data-href=\"https:\/\/www.facebook.com\/david.torrentera\/posts\/3151621091556954?__xts__[0]=68.ARB8rlA7Zp61KWo0D8Mi6tqXqvCCrFhT84t2pL3b76J5KC322LO7rmImecn3DceWrOB7S0uByH3qHGiv-uVYWKRXNoHO5em6fzQYzuTxNGX-5sX2yH92vGmugqn_QAlcptlp4txiNqVX1ulEgOwIqNHItu0RXDwu2VrSsJ8zqw2TK-QaJMuH389ywKo8ApVvVrminP41QmA0IfY5AehGmNMg7-VpK8wIxO2TlV6dHdx1ujtH8m0Ko9_KES4wNT62ZUqgEwpI7w7xLX9r5JXEMUbRbpU_qb8QQEVMEk5THVc-lp50CrUBF-K3IzpEqWL7vJAUQ8ILuMyZDCDN0RePEnwmXQ&amp;__tn__=-R\" data-width=\"580\"><blockquote cite=\"https:\/\/www.facebook.com\/david.torrentera\/posts\/3151621091556954\" class=\"fb-xfbml-parse-ignore\"><p>Reuni\u00f3n virtual con CODESIN y SECTUR tema principal la atracci\u00f3n de la Oficina de Congresos y Convenciones (OCC), como&#8230;<\/p>Posted by <a href=\"https:\/\/www.facebook.com\/david.torrentera\/\">David Torrentera<\/a> on&nbsp;<a href=\"https:\/\/www.facebook.com\/david.torrentera\/posts\/3151621091556954\">Friday, May 29, 2020<\/a><\/blockquote><\/div>\n<\/div><\/figure>\n\n\n\n<p>En lo que respecta a las playas del puerto, David Gonz\u00e1lez Torrentera,  reconoci\u00f3 que la apertura ser\u00e1 de manera paulatina y de acuerdo al sem\u00e1foro de la Secretar\u00eda de Salud federal.<\/p>\n\n\n\n<script async=\"\" src=\"https:\/\/pagead2.googlesyndication.com\/pagead\/js\/adsbygoogle.js\"><\/script>\n<ins class=\"adsbygoogle\" style=\"display:block; text-align:center;\" data-ad-layout=\"in-article\" data-ad-format=\"fluid\" data-ad-client=\"ca-pub-5399463873420767\" data-ad-slot=\"9891489938\"><\/ins>\n<script>\n     (adsbygoogle = window.adsbygoogle || []).push({});\n<\/script>\n\n\n\n<p>El Secretario se\u00f1al\u00f3 que en d\u00edas pasados se puso en marcha la campa\u00f1a &#8220;Mazatl\u00e1n Vuelve&#8221; en la que su dependencia se encarg\u00f3 de la producci\u00f3n e idea de un spot que ha sido pautado en diferentes ciudades del pa\u00eds, as\u00ed como en el extranjero, esto gracias a su gesti\u00f3n frente a la Secretar\u00eda de Turismo Federal y embajadas mexicanas en diversos pa\u00edses.<\/p>\n\n\n\n<figure class=\"wp-block-embed-facebook wp-block-embed is-type-video is-provider-facebook\"><div class=\"wp-block-embed__wrapper\">\n<div id=\"fb-root\"><\/div><script async=\"1\" defer=\"1\" crossorigin=\"anonymous\" src=\"https:\/\/connect.facebook.net\/en_US\/sdk.js#xfbml=1&amp;version=v7.0\"><\/script><div class=\"fb-video\" data-href=\"https:\/\/www.facebook.com\/david.torrentera\/videos\/1360971804097605\/?__xts__[0]=68.ARCAVlsqg0c4be-19bvdKIrituFydR4YxGuxpnEa7MATQ0_X_N49Ql02d_FQch8V8vVmTfQyMRoBHt2mFDsQaRMPmbkIGsGyOT8oOS1C320zqxVQqpXmffJZvj5IexrU9lkvyRiEZtDWK6nleUWkW00JsZ4a0SRIgKEJ9wft8LueDEgFNizipR-oWY5EOYqc9Q0sgyHLII1OnGQRgH8onjSclC0P9Ypeaxd3AeBsKwAAbXoWw9V2ZWmB6NUq-B8n1TY2bhELUeGSMasRd2xkRW03vvkv-5KyctNVIIvQu2WfeMhVgeBjGZtILEFYFkZUPjtDo93-0fCFYGo5EG6wDY07dzagiO6avmoglA&amp;__tn__=-R\" data-width=\"580\"><blockquote cite=\"https:\/\/www.facebook.com\/david.torrentera\/videos\/1360971804097605\/\" class=\"fb-xfbml-parse-ignore\"><a href=\"https:\/\/www.facebook.com\/david.torrentera\/videos\/1360971804097605\/\"><\/a><p>Tus recuerdos perduran en nuestra encantadora ciudad, y esperar\u00e1n a que nos volvamos a encontrar. #Mazatl\u00e1nVuelve!#DondeSeRompenLasOlas#LaCiudadDelCarnaval#QuedateEnCasa<\/p>Posted by <a href=\"https:\/\/www.facebook.com\/david.torrentera\/\">David Torrentera<\/a> on Saturday, May 2, 2020<\/blockquote><\/div>\n<\/div><\/figure>\n\n\n\n<p>El funcionario del Gobierno del Alcalde, Luis Guillermo Benitez Torres, habl\u00f3  de su estado de salud; lo anterior tras dar positivo al COVID-19 al igual que el Presidente Municipal y otros de sus compa\u00f1eros del gabinete.<\/p>\n\n\n\n<p>&#8220;Estamos muy bien, nos sentimos y vamos muy bien, ya me hice una segunda prueba y estamos en espera de que los resultados sean negativos para ya regresar a la oficina, aunque hemos estado trabajando arduamente desde casa gracias a las tecnolog\u00edas como la que estamos usando ahorita en esta entrevista&#8221;, finaliz\u00f3.<\/p>\n","protected":false},"excerpt":{"rendered":"<p>En entrevista exclusiva para YO AMO MI MAZATL\u00c1N el Secretario de Desarrollo Econ\u00f3mico, Turismo y Pesca de Mazatl\u00e1n, David Gonz\u00e1lez Torrentera, habl\u00f3 sobre la reactivaci\u00f3n econ\u00f3mica del municipio frente a la culminaci\u00f3n de la Jornada Nacional de Sana Distancia. En entrevista v\u00eda Instagram Live Gonz\u00e1lez Torrentera reconoci\u00f3 que aunque no hay fecha exacta se tiene [&hellip;]<\/p>\n","protected":false},"author":2,"featured_media":2634,"comment_status":"open","ping_status":"open","sticky":false,"template":"","format":"standard","meta":{"footnotes":""},"categories":[1],"tags":[],"yoast_head":"<!-- This site is optimized with the Yoast SEO plugin v21.7 - https:\/\/yoast.com\/wordpress\/plugins\/seo\/ -->\n<title>\u00bfCu\u00e1ndo se abrir\u00e1n playas y hoteles en Mazatl\u00e1n? Gonz\u00e1lez Torrentera habla al respecto - Amo mi Mazatl\u00e1n<\/title>\n<meta name=\"description\" content=\"En entrevista exclusiva para YO AMO MI MAZATL\u00c1N el Secretario de Desarrollo Econ\u00f3mico, Turismo y Pesca de Mazatl\u00e1n, David Gonz\u00e1lez Torrentera, habl\u00f3\" \/>\n<meta name=\"robots\" content=\"index, follow, max-snippet:-1, max-image-preview:large, max-video-preview:-1\" \/>\n<link rel=\"canonical\" href=\"https:\/\/yoamomimazatlan.com\/?p=2633\" \/>\n<meta property=\"og:locale\" content=\"es_MX\" \/>\n<meta property=\"og:type\" content=\"article\" \/>\n<meta property=\"og:title\" content=\"\u00bfCu\u00e1ndo se abrir\u00e1n playas y hoteles en Mazatl\u00e1n? Gonz\u00e1lez Torrentera habla al respecto - Amo mi Mazatl\u00e1n\" \/>\n<meta property=\"og:description\" content=\"En entrevista exclusiva para YO AMO MI MAZATL\u00c1N el Secretario de Desarrollo Econ\u00f3mico, Turismo y Pesca de Mazatl\u00e1n, David Gonz\u00e1lez Torrentera, habl\u00f3\" \/>\n<meta property=\"og:url\" content=\"https:\/\/yoamomimazatlan.com\/?p=2633\" \/>\n<meta property=\"og:site_name\" content=\"Amo mi Mazatl\u00e1n\" \/>\n<meta property=\"article:published_time\" content=\"2020-05-30T03:13:40+00:00\" \/>\n<meta property=\"article:modified_time\" content=\"2020-05-30T03:26:59+00:00\" \/>\n<meta property=\"og:image\" content=\"https:\/\/yoamomimazatlan.com\/wp-content\/uploads\/2020\/05\/portada-89.jpg\" \/>\n\t<meta property=\"og:image:width\" content=\"600\" \/>\n\t<meta property=\"og:image:height\" content=\"338\" \/>\n\t<meta property=\"og:image:type\" content=\"image\/jpeg\" \/>\n<meta name=\"author\" content=\"Luis Peraza\" \/>\n<meta name=\"twitter:card\" content=\"summary_large_image\" \/>\n<meta name=\"twitter:label1\" content=\"Escrito por\" \/>\n\t<meta name=\"twitter:data1\" content=\"Luis Peraza\" \/>\n\t<meta name=\"twitter:label2\" content=\"Tiempo de lectura\" \/>\n\t<meta name=\"twitter:data2\" content=\"2 minutos\" \/>\n<script type=\"application\/ld+json\" class=\"yoast-schema-graph\">{\"@context\":\"https:\/\/schema.org\",\"@graph\":[{\"@type\":\"WebPage\",\"@id\":\"https:\/\/yoamomimazatlan.com\/?p=2633\",\"url\":\"https:\/\/yoamomimazatlan.com\/?p=2633\",\"name\":\"\u00bfCu\u00e1ndo se abrir\u00e1n playas y hoteles en Mazatl\u00e1n? Gonz\u00e1lez Torrentera habla al respecto - Amo mi Mazatl\u00e1n\",\"isPartOf\":{\"@id\":\"https:\/\/yoamomimazatlan.com\/#website\"},\"datePublished\":\"2020-05-30T03:13:40+00:00\",\"dateModified\":\"2020-05-30T03:26:59+00:00\",\"author\":{\"@id\":\"https:\/\/yoamomimazatlan.com\/#\/schema\/person\/5eb4abccc9443dff7750dbdd0a22c79e\"},\"description\":\"En entrevista exclusiva para YO AMO MI MAZATL\u00c1N el Secretario de Desarrollo Econ\u00f3mico, Turismo y Pesca de Mazatl\u00e1n, David Gonz\u00e1lez Torrentera, habl\u00f3\",\"breadcrumb\":{\"@id\":\"https:\/\/yoamomimazatlan.com\/?p=2633#breadcrumb\"},\"inLanguage\":\"es-MX\",\"potentialAction\":[{\"@type\":\"ReadAction\",\"target\":[\"https:\/\/yoamomimazatlan.com\/?p=2633\"]}]},{\"@type\":\"BreadcrumbList\",\"@id\":\"https:\/\/yoamomimazatlan.com\/?p=2633#breadcrumb\",\"itemListElement\":[{\"@type\":\"ListItem\",\"position\":1,\"name\":\"Inicio\",\"item\":\"https:\/\/yoamomimazatlan.com\/\"},{\"@type\":\"ListItem\",\"position\":2,\"name\":\"\u00bfCu\u00e1ndo se abrir\u00e1n playas y hoteles en Mazatl\u00e1n? Gonz\u00e1lez Torrentera habla al respecto\"}]},{\"@type\":\"WebSite\",\"@id\":\"https:\/\/yoamomimazatlan.com\/#website\",\"url\":\"https:\/\/yoamomimazatlan.com\/\",\"name\":\"Amo mi Mazatl\u00e1n\",\"description\":\"Somos Pata Salada\",\"potentialAction\":[{\"@type\":\"SearchAction\",\"target\":{\"@type\":\"EntryPoint\",\"urlTemplate\":\"https:\/\/yoamomimazatlan.com\/?s={search_term_string}\"},\"query-input\":\"required name=search_term_string\"}],\"inLanguage\":\"es-MX\"},{\"@type\":\"Person\",\"@id\":\"https:\/\/yoamomimazatlan.com\/#\/schema\/person\/5eb4abccc9443dff7750dbdd0a22c79e\",\"name\":\"Luis Peraza\",\"image\":{\"@type\":\"ImageObject\",\"inLanguage\":\"es-MX\",\"@id\":\"https:\/\/yoamomimazatlan.com\/#\/schema\/person\/image\/\",\"url\":\"https:\/\/secure.gravatar.com\/avatar\/2829a2db2ad27a37cce4111a17f17d49?s=96&d=mm&r=g\",\"contentUrl\":\"https:\/\/secure.gravatar.com\/avatar\/2829a2db2ad27a37cce4111a17f17d49?s=96&d=mm&r=g\",\"caption\":\"Luis Peraza\"},\"url\":\"https:\/\/yoamomimazatlan.com\/?author=2\"}]}<\/script>\n<!-- \/ Yoast SEO plugin. -->","yoast_head_json":{"title":"\u00bfCu\u00e1ndo se abrir\u00e1n playas y hoteles en Mazatl\u00e1n? Gonz\u00e1lez Torrentera habla al respecto - Amo mi Mazatl\u00e1n","description":"En entrevista exclusiva para YO AMO MI MAZATL\u00c1N el Secretario de Desarrollo Econ\u00f3mico, Turismo y Pesca de Mazatl\u00e1n, David Gonz\u00e1lez Torrentera, habl\u00f3","robots":{"index":"index","follow":"follow","max-snippet":"max-snippet:-1","max-image-preview":"max-image-preview:large","max-video-preview":"max-video-preview:-1"},"canonical":"https:\/\/yoamomimazatlan.com\/?p=2633","og_locale":"es_MX","og_type":"article","og_title":"\u00bfCu\u00e1ndo se abrir\u00e1n playas y hoteles en Mazatl\u00e1n? Gonz\u00e1lez Torrentera habla al respecto - Amo mi Mazatl\u00e1n","og_description":"En entrevista exclusiva para YO AMO MI MAZATL\u00c1N el Secretario de Desarrollo Econ\u00f3mico, Turismo y Pesca de Mazatl\u00e1n, David Gonz\u00e1lez Torrentera, habl\u00f3","og_url":"https:\/\/yoamomimazatlan.com\/?p=2633","og_site_name":"Amo mi Mazatl\u00e1n","article_published_time":"2020-05-30T03:13:40+00:00","article_modified_time":"2020-05-30T03:26:59+00:00","og_image":[{"width":600,"height":338,"url":"https:\/\/yoamomimazatlan.com\/wp-content\/uploads\/2020\/05\/portada-89.jpg","type":"image\/jpeg"}],"author":"Luis Peraza","twitter_card":"summary_large_image","twitter_misc":{"Escrito por":"Luis Peraza","Tiempo de lectura":"2 minutos"},"schema":{"@context":"https:\/\/schema.org","@graph":[{"@type":"WebPage","@id":"https:\/\/yoamomimazatlan.com\/?p=2633","url":"https:\/\/yoamomimazatlan.com\/?p=2633","name":"\u00bfCu\u00e1ndo se abrir\u00e1n playas y hoteles en Mazatl\u00e1n? Gonz\u00e1lez Torrentera habla al respecto - Amo mi Mazatl\u00e1n","isPartOf":{"@id":"https:\/\/yoamomimazatlan.com\/#website"},"datePublished":"2020-05-30T03:13:40+00:00","dateModified":"2020-05-30T03:26:59+00:00","author":{"@id":"https:\/\/yoamomimazatlan.com\/#\/schema\/person\/5eb4abccc9443dff7750dbdd0a22c79e"},"description":"En entrevista exclusiva para YO AMO MI MAZATL\u00c1N el Secretario de Desarrollo Econ\u00f3mico, Turismo y Pesca de Mazatl\u00e1n, David Gonz\u00e1lez Torrentera, habl\u00f3","breadcrumb":{"@id":"https:\/\/yoamomimazatlan.com\/?p=2633#breadcrumb"},"inLanguage":"es-MX","potentialAction":[{"@type":"ReadAction","target":["https:\/\/yoamomimazatlan.com\/?p=2633"]}]},{"@type":"BreadcrumbList","@id":"https:\/\/yoamomimazatlan.com\/?p=2633#breadcrumb","itemListElement":[{"@type":"ListItem","position":1,"name":"Inicio","item":"https:\/\/yoamomimazatlan.com\/"},{"@type":"ListItem","position":2,"name":"\u00bfCu\u00e1ndo se abrir\u00e1n playas y hoteles en Mazatl\u00e1n? Gonz\u00e1lez Torrentera habla al respecto"}]},{"@type":"WebSite","@id":"https:\/\/yoamomimazatlan.com\/#website","url":"https:\/\/yoamomimazatlan.com\/","name":"Amo mi Mazatl\u00e1n","description":"Somos Pata Salada","potentialAction":[{"@type":"SearchAction","target":{"@type":"EntryPoint","urlTemplate":"https:\/\/yoamomimazatlan.com\/?s={search_term_string}"},"query-input":"required name=search_term_string"}],"inLanguage":"es-MX"},{"@type":"Person","@id":"https:\/\/yoamomimazatlan.com\/#\/schema\/person\/5eb4abccc9443dff7750dbdd0a22c79e","name":"Luis Peraza","image":{"@type":"ImageObject","inLanguage":"es-MX","@id":"https:\/\/yoamomimazatlan.com\/#\/schema\/person\/image\/","url":"https:\/\/secure.gravatar.com\/avatar\/2829a2db2ad27a37cce4111a17f17d49?s=96&d=mm&r=g","contentUrl":"https:\/\/secure.gravatar.com\/avatar\/2829a2db2ad27a37cce4111a17f17d49?s=96&d=mm&r=g","caption":"Luis Peraza"},"url":"https:\/\/yoamomimazatlan.com\/?author=2"}]}},"_links":{"self":[{"href":"https:\/\/yoamomimazatlan.com\/index.php?rest_route=\/wp\/v2\/posts\/2633"}],"collection":[{"href":"https:\/\/yoamomimazatlan.com\/index.php?rest_route=\/wp\/v2\/posts"}],"about":[{"href":"https:\/\/yoamomimazatlan.com\/index.php?rest_route=\/wp\/v2\/types\/post"}],"author":[{"embeddable":true,"href":"https:\/\/yoamomimazatlan.com\/index.php?rest_route=\/wp\/v2\/users\/2"}],"replies":[{"embeddable":true,"href":"https:\/\/yoamomimazatlan.com\/index.php?rest_route=%2Fwp%2Fv2%2Fcomments&post=2633"}],"version-history":[{"count":0,"href":"https:\/\/yoamomimazatlan.com\/index.php?rest_route=\/wp\/v2\/posts\/2633\/revisions"}],"wp:featuredmedia":[{"embeddable":true,"href":"https:\/\/yoamomimazatlan.com\/index.php?rest_route=\/wp\/v2\/media\/2634"}],"wp:attachment":[{"href":"https:\/\/yoamomimazatlan.com\/index.php?rest_route=%2Fwp%2Fv2%2Fmedia&parent=2633"}],"wp:term":[{"taxonomy":"category","embeddable":true,"href":"https:\/\/yoamomimazatlan.com\/index.php?rest_route=%2Fwp%2Fv2%2Fcategories&post=2633"},{"taxonomy":"post_tag","embeddable":true,"href":"https:\/\/yoamomimazatlan.com\/index.php?rest_route=%2Fwp%2Fv2%2Ftags&post=2633"}],"curies":[{"name":"wp","href":"https:\/\/api.w.org\/{rel}","templated":true}]}}