{"id":2932,"date":"2020-07-01T16:29:34","date_gmt":"2020-07-01T16:29:34","guid":{"rendered":"http:\/\/yoamomimazatlan.com\/?p=2932"},"modified":"2020-07-01T16:29:45","modified_gmt":"2020-07-01T16:29:45","slug":"mazatlan-asi-dio-la-bienvenida-a-los-primeros-turistas-en-su-reapertura","status":"publish","type":"post","link":"https:\/\/yoamomimazatlan.com\/?p=2932","title":{"rendered":"Mazatl\u00e1n: As\u00ed dio la bienvenida a los primeros turistas en su reapertura"},"content":{"rendered":"\n<p>El Qu\u00edmico Benitez Torres encabez\u00f3 el banderazo para el reinicio de la actividad tur\u00edstica en el puerto, y destac\u00f3 que durante los tres meses de inactividad provocada por la Covid-19, el municipio se transform\u00f3 para dar la bienvenida a los visitantes.<\/p>\n\n\n\n<p><br>Acompa\u00f1ado de Juan Jos\u00e9 Ruiz, Subsecretario de Planeaci\u00f3n de la Sectur estatal y Mar\u00eda Astrid Mac\u00edas Fregoso, Directora de Capta, el Alcalde afirm\u00f3 que la ciudad est\u00e1 para la &#8220;Nueva Normalidad&#8221;.<\/p>\n\n\n\n<p><br>&#8220;Propios y extra\u00f1os est\u00e1n sorprendidos que en tres meses de inactividad, el puerto no par\u00f3, sigui\u00f3 trabajando para que llegado este momento abramos las puertas con el andamiaje que les mencionaba (\u2026), tuvimos que preparar todo, porque es necesario iniciar por un camino del todo nuevo, que se llama hoy &#8216;Nueva Normalidad'&#8221;.<\/p>\n\n\n\n<p><br>Dijo que durante la crisis de la Covid-19, su Gobierno ha cuidado la salud de los mazatlecos, pero es necesario tambi\u00e9n equilibrar la econom\u00eda.<\/p>\n\n\n\n<p>En el evento, el Presidente Municipal hizo entrega de kits de protecci\u00f3n a vendedores de playa, a quienes invit\u00f3, junto con la sociedad en general, a recibir a los turistas con una mejor cara.<\/p>\n","protected":false},"excerpt":{"rendered":"<p>El Qu\u00edmico Benitez Torres encabez\u00f3 el banderazo para el reinicio de la actividad tur\u00edstica en el puerto, y destac\u00f3 que durante los tres meses de inactividad provocada por la Covid-19, el municipio se transform\u00f3 para dar la bienvenida a los visitantes. Acompa\u00f1ado de Juan Jos\u00e9 Ruiz, Subsecretario de Planeaci\u00f3n de la Sectur estatal y Mar\u00eda [&hellip;]<\/p>\n","protected":false},"author":2,"featured_media":2933,"comment_status":"open","ping_status":"open","sticky":false,"template":"","format":"standard","meta":{"footnotes":""},"categories":[1],"tags":[],"yoast_head":"<!-- This site is optimized with the Yoast SEO plugin v21.7 - https:\/\/yoast.com\/wordpress\/plugins\/seo\/ -->\n<title>Mazatl\u00e1n: As\u00ed dio la bienvenida a los primeros turistas en su reapertura - Amo mi Mazatl\u00e1n<\/title>\n<meta name=\"description\" content=\"El Qu\u00edmico Benitez Torres encabez\u00f3 el banderazo para el reinicio de la actividad tur\u00edstica en el puerto, y destac\u00f3 que durante los tres meses de inactividad\" \/>\n<meta name=\"robots\" content=\"index, follow, max-snippet:-1, max-image-preview:large, max-video-preview:-1\" \/>\n<link rel=\"canonical\" href=\"https:\/\/yoamomimazatlan.com\/?p=2932\" \/>\n<meta property=\"og:locale\" content=\"es_MX\" \/>\n<meta property=\"og:type\" content=\"article\" \/>\n<meta property=\"og:title\" content=\"Mazatl\u00e1n: As\u00ed dio la bienvenida a los primeros turistas en su reapertura - Amo mi Mazatl\u00e1n\" \/>\n<meta property=\"og:description\" content=\"El Qu\u00edmico Benitez Torres encabez\u00f3 el banderazo para el reinicio de la actividad tur\u00edstica en el puerto, y destac\u00f3 que durante los tres meses de inactividad\" \/>\n<meta property=\"og:url\" content=\"https:\/\/yoamomimazatlan.com\/?p=2932\" \/>\n<meta property=\"og:site_name\" content=\"Amo mi Mazatl\u00e1n\" \/>\n<meta property=\"article:published_time\" content=\"2020-07-01T16:29:34+00:00\" \/>\n<meta property=\"article:modified_time\" content=\"2020-07-01T16:29:45+00:00\" \/>\n<meta property=\"og:image\" content=\"https:\/\/yoamomimazatlan.com\/wp-content\/uploads\/2020\/07\/WhatsApp-Image-2020-07-01-at-10.03.50-AM.jpeg\" \/>\n\t<meta property=\"og:image:width\" content=\"600\" \/>\n\t<meta property=\"og:image:height\" content=\"400\" \/>\n\t<meta property=\"og:image:type\" content=\"image\/jpeg\" \/>\n<meta name=\"author\" content=\"Luis Peraza\" \/>\n<meta name=\"twitter:card\" content=\"summary_large_image\" \/>\n<meta name=\"twitter:label1\" content=\"Escrito por\" \/>\n\t<meta name=\"twitter:data1\" content=\"Luis Peraza\" \/>\n\t<meta name=\"twitter:label2\" content=\"Tiempo de lectura\" \/>\n\t<meta name=\"twitter:data2\" content=\"1 minuto\" \/>\n<script type=\"application\/ld+json\" class=\"yoast-schema-graph\">{\"@context\":\"https:\/\/schema.org\",\"@graph\":[{\"@type\":\"WebPage\",\"@id\":\"https:\/\/yoamomimazatlan.com\/?p=2932\",\"url\":\"https:\/\/yoamomimazatlan.com\/?p=2932\",\"name\":\"Mazatl\u00e1n: As\u00ed dio la bienvenida a los primeros turistas en su reapertura - Amo mi Mazatl\u00e1n\",\"isPartOf\":{\"@id\":\"https:\/\/yoamomimazatlan.com\/#website\"},\"datePublished\":\"2020-07-01T16:29:34+00:00\",\"dateModified\":\"2020-07-01T16:29:45+00:00\",\"author\":{\"@id\":\"https:\/\/yoamomimazatlan.com\/#\/schema\/person\/5eb4abccc9443dff7750dbdd0a22c79e\"},\"description\":\"El Qu\u00edmico Benitez Torres encabez\u00f3 el banderazo para el reinicio de la actividad tur\u00edstica en el puerto, y destac\u00f3 que durante los tres meses de inactividad\",\"breadcrumb\":{\"@id\":\"https:\/\/yoamomimazatlan.com\/?p=2932#breadcrumb\"},\"inLanguage\":\"es-MX\",\"potentialAction\":[{\"@type\":\"ReadAction\",\"target\":[\"https:\/\/yoamomimazatlan.com\/?p=2932\"]}]},{\"@type\":\"BreadcrumbList\",\"@id\":\"https:\/\/yoamomimazatlan.com\/?p=2932#breadcrumb\",\"itemListElement\":[{\"@type\":\"ListItem\",\"position\":1,\"name\":\"Inicio\",\"item\":\"https:\/\/yoamomimazatlan.com\/\"},{\"@type\":\"ListItem\",\"position\":2,\"name\":\"Mazatl\u00e1n: As\u00ed dio la bienvenida a los primeros turistas en su reapertura\"}]},{\"@type\":\"WebSite\",\"@id\":\"https:\/\/yoamomimazatlan.com\/#website\",\"url\":\"https:\/\/yoamomimazatlan.com\/\",\"name\":\"Amo mi Mazatl\u00e1n\",\"description\":\"Somos Pata Salada\",\"potentialAction\":[{\"@type\":\"SearchAction\",\"target\":{\"@type\":\"EntryPoint\",\"urlTemplate\":\"https:\/\/yoamomimazatlan.com\/?s={search_term_string}\"},\"query-input\":\"required name=search_term_string\"}],\"inLanguage\":\"es-MX\"},{\"@type\":\"Person\",\"@id\":\"https:\/\/yoamomimazatlan.com\/#\/schema\/person\/5eb4abccc9443dff7750dbdd0a22c79e\",\"name\":\"Luis Peraza\",\"image\":{\"@type\":\"ImageObject\",\"inLanguage\":\"es-MX\",\"@id\":\"https:\/\/yoamomimazatlan.com\/#\/schema\/person\/image\/\",\"url\":\"https:\/\/secure.gravatar.com\/avatar\/2829a2db2ad27a37cce4111a17f17d49?s=96&d=mm&r=g\",\"contentUrl\":\"https:\/\/secure.gravatar.com\/avatar\/2829a2db2ad27a37cce4111a17f17d49?s=96&d=mm&r=g\",\"caption\":\"Luis Peraza\"},\"url\":\"https:\/\/yoamomimazatlan.com\/?author=2\"}]}<\/script>\n<!-- \/ Yoast SEO plugin. -->","yoast_head_json":{"title":"Mazatl\u00e1n: As\u00ed dio la bienvenida a los primeros turistas en su reapertura - Amo mi Mazatl\u00e1n","description":"El Qu\u00edmico Benitez Torres encabez\u00f3 el banderazo para el reinicio de la actividad tur\u00edstica en el puerto, y destac\u00f3 que durante los tres meses de inactividad","robots":{"index":"index","follow":"follow","max-snippet":"max-snippet:-1","max-image-preview":"max-image-preview:large","max-video-preview":"max-video-preview:-1"},"canonical":"https:\/\/yoamomimazatlan.com\/?p=2932","og_locale":"es_MX","og_type":"article","og_title":"Mazatl\u00e1n: As\u00ed dio la bienvenida a los primeros turistas en su reapertura - Amo mi Mazatl\u00e1n","og_description":"El Qu\u00edmico Benitez Torres encabez\u00f3 el banderazo para el reinicio de la actividad tur\u00edstica en el puerto, y destac\u00f3 que durante los tres meses de inactividad","og_url":"https:\/\/yoamomimazatlan.com\/?p=2932","og_site_name":"Amo mi Mazatl\u00e1n","article_published_time":"2020-07-01T16:29:34+00:00","article_modified_time":"2020-07-01T16:29:45+00:00","og_image":[{"width":600,"height":400,"url":"https:\/\/yoamomimazatlan.com\/wp-content\/uploads\/2020\/07\/WhatsApp-Image-2020-07-01-at-10.03.50-AM.jpeg","type":"image\/jpeg"}],"author":"Luis Peraza","twitter_card":"summary_large_image","twitter_misc":{"Escrito por":"Luis Peraza","Tiempo de lectura":"1 minuto"},"schema":{"@context":"https:\/\/schema.org","@graph":[{"@type":"WebPage","@id":"https:\/\/yoamomimazatlan.com\/?p=2932","url":"https:\/\/yoamomimazatlan.com\/?p=2932","name":"Mazatl\u00e1n: As\u00ed dio la bienvenida a los primeros turistas en su reapertura - Amo mi Mazatl\u00e1n","isPartOf":{"@id":"https:\/\/yoamomimazatlan.com\/#website"},"datePublished":"2020-07-01T16:29:34+00:00","dateModified":"2020-07-01T16:29:45+00:00","author":{"@id":"https:\/\/yoamomimazatlan.com\/#\/schema\/person\/5eb4abccc9443dff7750dbdd0a22c79e"},"description":"El Qu\u00edmico Benitez Torres encabez\u00f3 el banderazo para el reinicio de la actividad tur\u00edstica en el puerto, y destac\u00f3 que durante los tres meses de inactividad","breadcrumb":{"@id":"https:\/\/yoamomimazatlan.com\/?p=2932#breadcrumb"},"inLanguage":"es-MX","potentialAction":[{"@type":"ReadAction","target":["https:\/\/yoamomimazatlan.com\/?p=2932"]}]},{"@type":"BreadcrumbList","@id":"https:\/\/yoamomimazatlan.com\/?p=2932#breadcrumb","itemListElement":[{"@type":"ListItem","position":1,"name":"Inicio","item":"https:\/\/yoamomimazatlan.com\/"},{"@type":"ListItem","position":2,"name":"Mazatl\u00e1n: As\u00ed dio la bienvenida a los primeros turistas en su reapertura"}]},{"@type":"WebSite","@id":"https:\/\/yoamomimazatlan.com\/#website","url":"https:\/\/yoamomimazatlan.com\/","name":"Amo mi Mazatl\u00e1n","description":"Somos Pata Salada","potentialAction":[{"@type":"SearchAction","target":{"@type":"EntryPoint","urlTemplate":"https:\/\/yoamomimazatlan.com\/?s={search_term_string}"},"query-input":"required name=search_term_string"}],"inLanguage":"es-MX"},{"@type":"Person","@id":"https:\/\/yoamomimazatlan.com\/#\/schema\/person\/5eb4abccc9443dff7750dbdd0a22c79e","name":"Luis Peraza","image":{"@type":"ImageObject","inLanguage":"es-MX","@id":"https:\/\/yoamomimazatlan.com\/#\/schema\/person\/image\/","url":"https:\/\/secure.gravatar.com\/avatar\/2829a2db2ad27a37cce4111a17f17d49?s=96&d=mm&r=g","contentUrl":"https:\/\/secure.gravatar.com\/avatar\/2829a2db2ad27a37cce4111a17f17d49?s=96&d=mm&r=g","caption":"Luis Peraza"},"url":"https:\/\/yoamomimazatlan.com\/?author=2"}]}},"_links":{"self":[{"href":"https:\/\/yoamomimazatlan.com\/index.php?rest_route=\/wp\/v2\/posts\/2932"}],"collection":[{"href":"https:\/\/yoamomimazatlan.com\/index.php?rest_route=\/wp\/v2\/posts"}],"about":[{"href":"https:\/\/yoamomimazatlan.com\/index.php?rest_route=\/wp\/v2\/types\/post"}],"author":[{"embeddable":true,"href":"https:\/\/yoamomimazatlan.com\/index.php?rest_route=\/wp\/v2\/users\/2"}],"replies":[{"embeddable":true,"href":"https:\/\/yoamomimazatlan.com\/index.php?rest_route=%2Fwp%2Fv2%2Fcomments&post=2932"}],"version-history":[{"count":0,"href":"https:\/\/yoamomimazatlan.com\/index.php?rest_route=\/wp\/v2\/posts\/2932\/revisions"}],"wp:featuredmedia":[{"embeddable":true,"href":"https:\/\/yoamomimazatlan.com\/index.php?rest_route=\/wp\/v2\/media\/2933"}],"wp:attachment":[{"href":"https:\/\/yoamomimazatlan.com\/index.php?rest_route=%2Fwp%2Fv2%2Fmedia&parent=2932"}],"wp:term":[{"taxonomy":"category","embeddable":true,"href":"https:\/\/yoamomimazatlan.com\/index.php?rest_route=%2Fwp%2Fv2%2Fcategories&post=2932"},{"taxonomy":"post_tag","embeddable":true,"href":"https:\/\/yoamomimazatlan.com\/index.php?rest_route=%2Fwp%2Fv2%2Ftags&post=2932"}],"curies":[{"name":"wp","href":"https:\/\/api.w.org\/{rel}","templated":true}]}}