{"id":2935,"date":"2020-07-02T04:23:43","date_gmt":"2020-07-02T04:23:43","guid":{"rendered":"http:\/\/yoamomimazatlan.com\/?p=2935"},"modified":"2020-07-02T04:49:39","modified_gmt":"2020-07-02T04:49:39","slug":"anuncia-el-meson-de-los-laureanos-reapertura-para-el-08-de-julio","status":"publish","type":"post","link":"https:\/\/yoamomimazatlan.com\/?p=2935","title":{"rendered":"Anuncia El Meson de los Laureanos reapertura para el 08 de Julio"},"content":{"rendered":"\n<p>El mejor restaurante de comida tradicional cien por ciento mazatleco &#8220;El Meson de los Laureanos&#8221; anunci\u00f3 su reapertura para el pr\u00f3ximo 08 de julio tras permanecer cerrado como consecuencia de la contingencia sanitaria desde el pasado 22 de abril.<\/p>\n\n\n\n<p>As\u00ed lo anunci\u00f3 este restaurante a trav\u00e9s de sus redes sociales provocando que quienes aman y disfrutan de su buena comida en sus instalaciones ubicadas en la hermosa sindicatura de El Quelite perteneciente al municipio de Mazatl\u00e1n.<\/p>\n\n\n\n<script async=\"\" src=\"https:\/\/pagead2.googlesyndication.com\/pagead\/js\/adsbygoogle.js\"><\/script>\n<ins class=\"adsbygoogle\" style=\"display:block; text-align:center;\" data-ad-layout=\"in-article\" data-ad-format=\"fluid\" data-ad-client=\"ca-pub-5399463873420767\" data-ad-slot=\"9891489938\"><\/ins>\n<script>\n     (adsbygoogle = window.adsbygoogle || []).push({});\n<\/script>\n\n\n\n<blockquote class=\"wp-block-quote\"><p>&#8220;Nos vemos el d\u00eda 8 de Julio amigos para volver a vivir la experiencia con los platillos tradicionales hechos con las recetas de las abuelas.<\/p><p>NOS VEMOS EN EL QUELITE&#8221;<\/p><\/blockquote>\n\n\n\n<p>Aqu\u00ed el anuncio oficial:<\/p>\n\n\n\n<figure class=\"wp-block-embed-facebook wp-block-embed is-type-rich is-provider-facebook\"><div class=\"wp-block-embed__wrapper\">\n<div id=\"fb-root\"><\/div><script async=\"1\" defer=\"1\" crossorigin=\"anonymous\" src=\"https:\/\/connect.facebook.net\/en_US\/sdk.js#xfbml=1&amp;version=v7.0\" nonce=\"HU0ktE5h\"><\/script><div class=\"fb-post\" data-href=\"https:\/\/www.facebook.com\/MesondeLosLaureanos\/photos\/a.375589965838656\/3234398276624463\/?type=3&amp;theater\" data-width=\"580\"><blockquote cite=\"https:\/\/www.facebook.com\/MesondeLosLaureanos\/photos\/a.375589965838656\/3234398276624463\/?type=3\" class=\"fb-xfbml-parse-ignore\"><p>\u2b55\ufe0fAVISO IMPORTANTE\u2b55\ufe0fNos vemos el d\u00eda 8 de Julio amigos para volver a vivir la experiencia con los platillos&#8230;<\/p>Posted by <a href=\"https:\/\/www.facebook.com\/MesondeLosLaureanos\/\">Restaurante El Meson De Los Laureanos<\/a> on&nbsp;<a href=\"https:\/\/www.facebook.com\/MesondeLosLaureanos\/photos\/a.375589965838656\/3234398276624463\/?type=3\">Tuesday, June 30, 2020<\/a><\/blockquote><\/div>\n<\/div><\/figure>\n","protected":false},"excerpt":{"rendered":"<p>El mejor restaurante de comida tradicional cien por ciento mazatleco &#8220;El Meson de los Laureanos&#8221; anunci\u00f3 su reapertura para el pr\u00f3ximo 08 de julio tras permanecer cerrado como consecuencia de la contingencia sanitaria desde el pasado 22 de abril. As\u00ed lo anunci\u00f3 este restaurante a trav\u00e9s de sus redes sociales provocando que quienes aman y [&hellip;]<\/p>\n","protected":false},"author":2,"featured_media":2946,"comment_status":"open","ping_status":"open","sticky":false,"template":"","format":"standard","meta":{"footnotes":""},"categories":[1],"tags":[],"yoast_head":"<!-- This site is optimized with the Yoast SEO plugin v21.7 - https:\/\/yoast.com\/wordpress\/plugins\/seo\/ -->\n<title>Anuncia El Meson de los Laureanos reapertura para el 08 de Julio - Amo mi Mazatl\u00e1n<\/title>\n<meta name=\"description\" content=\"El mejor restaurante de comida tradicional cien por ciento mazatleco &quot;El Meson de los Laureanos&quot; anunci\u00f3 su reapertura para el d\u00eda 08 de julio\" \/>\n<meta name=\"robots\" content=\"index, follow, max-snippet:-1, max-image-preview:large, max-video-preview:-1\" \/>\n<link rel=\"canonical\" href=\"https:\/\/yoamomimazatlan.com\/?p=2935\" \/>\n<meta property=\"og:locale\" content=\"es_MX\" \/>\n<meta property=\"og:type\" content=\"article\" \/>\n<meta property=\"og:title\" content=\"Anuncia El Meson de los Laureanos reapertura para el 08 de Julio - Amo mi Mazatl\u00e1n\" \/>\n<meta property=\"og:description\" content=\"El mejor restaurante de comida tradicional cien por ciento mazatleco &quot;El Meson de los Laureanos&quot; anunci\u00f3 su reapertura para el d\u00eda 08 de julio\" \/>\n<meta property=\"og:url\" content=\"https:\/\/yoamomimazatlan.com\/?p=2935\" \/>\n<meta property=\"og:site_name\" content=\"Amo mi Mazatl\u00e1n\" \/>\n<meta property=\"article:published_time\" content=\"2020-07-02T04:23:43+00:00\" \/>\n<meta property=\"article:modified_time\" content=\"2020-07-02T04:49:39+00:00\" \/>\n<meta property=\"og:image\" content=\"https:\/\/yoamomimazatlan.com\/wp-content\/uploads\/2020\/07\/74231837_3234398279957796_1815378158514833842_o-1-1.jpg\" \/>\n\t<meta property=\"og:image:width\" content=\"600\" \/>\n\t<meta property=\"og:image:height\" content=\"303\" \/>\n\t<meta property=\"og:image:type\" content=\"image\/jpeg\" \/>\n<meta name=\"author\" content=\"Luis Peraza\" \/>\n<meta name=\"twitter:card\" content=\"summary_large_image\" \/>\n<meta name=\"twitter:label1\" content=\"Escrito por\" \/>\n\t<meta name=\"twitter:data1\" content=\"Luis Peraza\" \/>\n\t<meta name=\"twitter:label2\" content=\"Tiempo de lectura\" \/>\n\t<meta name=\"twitter:data2\" content=\"1 minuto\" \/>\n<script type=\"application\/ld+json\" class=\"yoast-schema-graph\">{\"@context\":\"https:\/\/schema.org\",\"@graph\":[{\"@type\":\"WebPage\",\"@id\":\"https:\/\/yoamomimazatlan.com\/?p=2935\",\"url\":\"https:\/\/yoamomimazatlan.com\/?p=2935\",\"name\":\"Anuncia El Meson de los Laureanos reapertura para el 08 de Julio - Amo mi Mazatl\u00e1n\",\"isPartOf\":{\"@id\":\"https:\/\/yoamomimazatlan.com\/#website\"},\"datePublished\":\"2020-07-02T04:23:43+00:00\",\"dateModified\":\"2020-07-02T04:49:39+00:00\",\"author\":{\"@id\":\"https:\/\/yoamomimazatlan.com\/#\/schema\/person\/5eb4abccc9443dff7750dbdd0a22c79e\"},\"description\":\"El mejor restaurante de comida tradicional cien por ciento mazatleco \\\"El Meson de los Laureanos\\\" anunci\u00f3 su reapertura para el d\u00eda 08 de julio\",\"breadcrumb\":{\"@id\":\"https:\/\/yoamomimazatlan.com\/?p=2935#breadcrumb\"},\"inLanguage\":\"es-MX\",\"potentialAction\":[{\"@type\":\"ReadAction\",\"target\":[\"https:\/\/yoamomimazatlan.com\/?p=2935\"]}]},{\"@type\":\"BreadcrumbList\",\"@id\":\"https:\/\/yoamomimazatlan.com\/?p=2935#breadcrumb\",\"itemListElement\":[{\"@type\":\"ListItem\",\"position\":1,\"name\":\"Inicio\",\"item\":\"https:\/\/yoamomimazatlan.com\/\"},{\"@type\":\"ListItem\",\"position\":2,\"name\":\"Anuncia El Meson de los Laureanos reapertura para el 08 de Julio\"}]},{\"@type\":\"WebSite\",\"@id\":\"https:\/\/yoamomimazatlan.com\/#website\",\"url\":\"https:\/\/yoamomimazatlan.com\/\",\"name\":\"Amo mi Mazatl\u00e1n\",\"description\":\"Somos Pata Salada\",\"potentialAction\":[{\"@type\":\"SearchAction\",\"target\":{\"@type\":\"EntryPoint\",\"urlTemplate\":\"https:\/\/yoamomimazatlan.com\/?s={search_term_string}\"},\"query-input\":\"required name=search_term_string\"}],\"inLanguage\":\"es-MX\"},{\"@type\":\"Person\",\"@id\":\"https:\/\/yoamomimazatlan.com\/#\/schema\/person\/5eb4abccc9443dff7750dbdd0a22c79e\",\"name\":\"Luis Peraza\",\"image\":{\"@type\":\"ImageObject\",\"inLanguage\":\"es-MX\",\"@id\":\"https:\/\/yoamomimazatlan.com\/#\/schema\/person\/image\/\",\"url\":\"https:\/\/secure.gravatar.com\/avatar\/2829a2db2ad27a37cce4111a17f17d49?s=96&d=mm&r=g\",\"contentUrl\":\"https:\/\/secure.gravatar.com\/avatar\/2829a2db2ad27a37cce4111a17f17d49?s=96&d=mm&r=g\",\"caption\":\"Luis Peraza\"},\"url\":\"https:\/\/yoamomimazatlan.com\/?author=2\"}]}<\/script>\n<!-- \/ Yoast SEO plugin. -->","yoast_head_json":{"title":"Anuncia El Meson de los Laureanos reapertura para el 08 de Julio - Amo mi Mazatl\u00e1n","description":"El mejor restaurante de comida tradicional cien por ciento mazatleco \"El Meson de los Laureanos\" anunci\u00f3 su reapertura para el d\u00eda 08 de julio","robots":{"index":"index","follow":"follow","max-snippet":"max-snippet:-1","max-image-preview":"max-image-preview:large","max-video-preview":"max-video-preview:-1"},"canonical":"https:\/\/yoamomimazatlan.com\/?p=2935","og_locale":"es_MX","og_type":"article","og_title":"Anuncia El Meson de los Laureanos reapertura para el 08 de Julio - Amo mi Mazatl\u00e1n","og_description":"El mejor restaurante de comida tradicional cien por ciento mazatleco \"El Meson de los Laureanos\" anunci\u00f3 su reapertura para el d\u00eda 08 de julio","og_url":"https:\/\/yoamomimazatlan.com\/?p=2935","og_site_name":"Amo mi Mazatl\u00e1n","article_published_time":"2020-07-02T04:23:43+00:00","article_modified_time":"2020-07-02T04:49:39+00:00","og_image":[{"width":600,"height":303,"url":"https:\/\/yoamomimazatlan.com\/wp-content\/uploads\/2020\/07\/74231837_3234398279957796_1815378158514833842_o-1-1.jpg","type":"image\/jpeg"}],"author":"Luis Peraza","twitter_card":"summary_large_image","twitter_misc":{"Escrito por":"Luis Peraza","Tiempo de lectura":"1 minuto"},"schema":{"@context":"https:\/\/schema.org","@graph":[{"@type":"WebPage","@id":"https:\/\/yoamomimazatlan.com\/?p=2935","url":"https:\/\/yoamomimazatlan.com\/?p=2935","name":"Anuncia El Meson de los Laureanos reapertura para el 08 de Julio - Amo mi Mazatl\u00e1n","isPartOf":{"@id":"https:\/\/yoamomimazatlan.com\/#website"},"datePublished":"2020-07-02T04:23:43+00:00","dateModified":"2020-07-02T04:49:39+00:00","author":{"@id":"https:\/\/yoamomimazatlan.com\/#\/schema\/person\/5eb4abccc9443dff7750dbdd0a22c79e"},"description":"El mejor restaurante de comida tradicional cien por ciento mazatleco \"El Meson de los Laureanos\" anunci\u00f3 su reapertura para el d\u00eda 08 de julio","breadcrumb":{"@id":"https:\/\/yoamomimazatlan.com\/?p=2935#breadcrumb"},"inLanguage":"es-MX","potentialAction":[{"@type":"ReadAction","target":["https:\/\/yoamomimazatlan.com\/?p=2935"]}]},{"@type":"BreadcrumbList","@id":"https:\/\/yoamomimazatlan.com\/?p=2935#breadcrumb","itemListElement":[{"@type":"ListItem","position":1,"name":"Inicio","item":"https:\/\/yoamomimazatlan.com\/"},{"@type":"ListItem","position":2,"name":"Anuncia El Meson de los Laureanos reapertura para el 08 de Julio"}]},{"@type":"WebSite","@id":"https:\/\/yoamomimazatlan.com\/#website","url":"https:\/\/yoamomimazatlan.com\/","name":"Amo mi Mazatl\u00e1n","description":"Somos Pata Salada","potentialAction":[{"@type":"SearchAction","target":{"@type":"EntryPoint","urlTemplate":"https:\/\/yoamomimazatlan.com\/?s={search_term_string}"},"query-input":"required name=search_term_string"}],"inLanguage":"es-MX"},{"@type":"Person","@id":"https:\/\/yoamomimazatlan.com\/#\/schema\/person\/5eb4abccc9443dff7750dbdd0a22c79e","name":"Luis Peraza","image":{"@type":"ImageObject","inLanguage":"es-MX","@id":"https:\/\/yoamomimazatlan.com\/#\/schema\/person\/image\/","url":"https:\/\/secure.gravatar.com\/avatar\/2829a2db2ad27a37cce4111a17f17d49?s=96&d=mm&r=g","contentUrl":"https:\/\/secure.gravatar.com\/avatar\/2829a2db2ad27a37cce4111a17f17d49?s=96&d=mm&r=g","caption":"Luis Peraza"},"url":"https:\/\/yoamomimazatlan.com\/?author=2"}]}},"_links":{"self":[{"href":"https:\/\/yoamomimazatlan.com\/index.php?rest_route=\/wp\/v2\/posts\/2935"}],"collection":[{"href":"https:\/\/yoamomimazatlan.com\/index.php?rest_route=\/wp\/v2\/posts"}],"about":[{"href":"https:\/\/yoamomimazatlan.com\/index.php?rest_route=\/wp\/v2\/types\/post"}],"author":[{"embeddable":true,"href":"https:\/\/yoamomimazatlan.com\/index.php?rest_route=\/wp\/v2\/users\/2"}],"replies":[{"embeddable":true,"href":"https:\/\/yoamomimazatlan.com\/index.php?rest_route=%2Fwp%2Fv2%2Fcomments&post=2935"}],"version-history":[{"count":0,"href":"https:\/\/yoamomimazatlan.com\/index.php?rest_route=\/wp\/v2\/posts\/2935\/revisions"}],"wp:featuredmedia":[{"embeddable":true,"href":"https:\/\/yoamomimazatlan.com\/index.php?rest_route=\/wp\/v2\/media\/2946"}],"wp:attachment":[{"href":"https:\/\/yoamomimazatlan.com\/index.php?rest_route=%2Fwp%2Fv2%2Fmedia&parent=2935"}],"wp:term":[{"taxonomy":"category","embeddable":true,"href":"https:\/\/yoamomimazatlan.com\/index.php?rest_route=%2Fwp%2Fv2%2Fcategories&post=2935"},{"taxonomy":"post_tag","embeddable":true,"href":"https:\/\/yoamomimazatlan.com\/index.php?rest_route=%2Fwp%2Fv2%2Ftags&post=2935"}],"curies":[{"name":"wp","href":"https:\/\/api.w.org\/{rel}","templated":true}]}}