{"id":2964,"date":"2020-07-03T17:19:26","date_gmt":"2020-07-03T17:19:26","guid":{"rendered":"http:\/\/yoamomimazatlan.com\/?p=2964"},"modified":"2020-07-03T17:30:18","modified_gmt":"2020-07-03T17:30:18","slug":"falso-el-video-sobre-nuevo-cierre-de-playas-en-mazatlan-proteccion-civil","status":"publish","type":"post","link":"https:\/\/yoamomimazatlan.com\/?p=2964","title":{"rendered":"Falso el video sobre nuevo cierre de playas en Mazatl\u00e1n: Protecci\u00f3n Civil"},"content":{"rendered":"\n<p>Luego que desde el d\u00eda de ayer circulara en diversos grupos de Facebook un video que anunciaba un nuevo cierre de playas en Mazatl\u00e1n, Protecci\u00f3n Civil de este puerto coment\u00f3 que este material es totalmente falso.<\/p>\n\n\n\n<p>En entrevista telefonica el Coordinador de Protecci\u00f3n Civil, Eloy Ruiz Gastelum, enfatiz\u00f3 que este material que se difunde a trav\u00e9s de Facebook carece de toda veracidad.<\/p>\n\n\n\n<script async=\"\" src=\"https:\/\/pagead2.googlesyndication.com\/pagead\/js\/adsbygoogle.js\"><\/script>\n<ins class=\"adsbygoogle\" style=\"display:block; text-align:center;\" data-ad-layout=\"in-article\" data-ad-format=\"fluid\" data-ad-client=\"ca-pub-5399463873420767\" data-ad-slot=\"9891489938\"><\/ins>\n<script>\n     (adsbygoogle = window.adsbygoogle || []).push({});\n<\/script>\n\n\n\n<blockquote class=\"wp-block-quote\"><p>&#8220;Hasta ahorita no tenemos ning\u00fan lineamiento, ninguna instrucci\u00f3n ni mucho menos de alg\u00fan cierre temporal o definitivo de las playas&#8221;, precis\u00f3.<\/p><\/blockquote>\n\n\n\n<p>Agreg\u00f3 que se exhorta a la ciudadan\u00eda a que ayude a que se mantengan abiertas las playas al cuidarse y a la aplicaci\u00f3n de los protocolos de reapertura que se encuentran p\u00fablicos a trav\u00e9s de redes sociales y los diversos medios de comunicaci\u00f3n.<\/p>\n\n\n\n<p><\/p>\n","protected":false},"excerpt":{"rendered":"<p>Luego que desde el d\u00eda de ayer circulara en diversos grupos de Facebook un video que anunciaba un nuevo cierre de playas en Mazatl\u00e1n, Protecci\u00f3n Civil de este puerto coment\u00f3 que este material es totalmente falso. En entrevista telefonica el Coordinador de Protecci\u00f3n Civil, Eloy Ruiz Gastelum, enfatiz\u00f3 que este material que se difunde a [&hellip;]<\/p>\n","protected":false},"author":2,"featured_media":2967,"comment_status":"open","ping_status":"open","sticky":false,"template":"","format":"standard","meta":{"footnotes":""},"categories":[1],"tags":[],"yoast_head":"<!-- This site is optimized with the Yoast SEO plugin v21.7 - https:\/\/yoast.com\/wordpress\/plugins\/seo\/ -->\n<title>Falso el video sobre nuevo cierre de playas en Mazatl\u00e1n: Protecci\u00f3n Civil - Amo mi Mazatl\u00e1n<\/title>\n<meta name=\"robots\" content=\"index, follow, max-snippet:-1, max-image-preview:large, max-video-preview:-1\" \/>\n<link rel=\"canonical\" href=\"https:\/\/yoamomimazatlan.com\/?p=2964\" \/>\n<meta property=\"og:locale\" content=\"es_MX\" \/>\n<meta property=\"og:type\" content=\"article\" \/>\n<meta property=\"og:title\" content=\"Falso el video sobre nuevo cierre de playas en Mazatl\u00e1n: Protecci\u00f3n Civil - Amo mi Mazatl\u00e1n\" \/>\n<meta property=\"og:description\" content=\"Luego que desde el d\u00eda de ayer circulara en diversos grupos de Facebook un video que anunciaba un nuevo cierre de playas en Mazatl\u00e1n, Protecci\u00f3n Civil de este puerto coment\u00f3 que este material es totalmente falso. En entrevista telefonica el Coordinador de Protecci\u00f3n Civil, Eloy Ruiz Gastelum, enfatiz\u00f3 que este material que se difunde a [&hellip;]\" \/>\n<meta property=\"og:url\" content=\"https:\/\/yoamomimazatlan.com\/?p=2964\" \/>\n<meta property=\"og:site_name\" content=\"Amo mi Mazatl\u00e1n\" \/>\n<meta property=\"article:published_time\" content=\"2020-07-03T17:19:26+00:00\" \/>\n<meta property=\"article:modified_time\" content=\"2020-07-03T17:30:18+00:00\" \/>\n<meta property=\"og:image\" content=\"https:\/\/yoamomimazatlan.com\/wp-content\/uploads\/2020\/07\/WhatsApp-Image-2020-07-02-at-3.32.04-PM.jpeg\" \/>\n\t<meta property=\"og:image:width\" content=\"596\" \/>\n\t<meta property=\"og:image:height\" content=\"400\" \/>\n\t<meta property=\"og:image:type\" content=\"image\/jpeg\" \/>\n<meta name=\"author\" content=\"Luis Peraza\" \/>\n<meta name=\"twitter:card\" content=\"summary_large_image\" \/>\n<meta name=\"twitter:label1\" content=\"Escrito por\" \/>\n\t<meta name=\"twitter:data1\" content=\"Luis Peraza\" \/>\n\t<meta name=\"twitter:label2\" content=\"Tiempo de lectura\" \/>\n\t<meta name=\"twitter:data2\" content=\"1 minuto\" \/>\n<script type=\"application\/ld+json\" class=\"yoast-schema-graph\">{\"@context\":\"https:\/\/schema.org\",\"@graph\":[{\"@type\":\"WebPage\",\"@id\":\"https:\/\/yoamomimazatlan.com\/?p=2964\",\"url\":\"https:\/\/yoamomimazatlan.com\/?p=2964\",\"name\":\"Falso el video sobre nuevo cierre de playas en Mazatl\u00e1n: Protecci\u00f3n Civil - Amo mi Mazatl\u00e1n\",\"isPartOf\":{\"@id\":\"https:\/\/yoamomimazatlan.com\/#website\"},\"datePublished\":\"2020-07-03T17:19:26+00:00\",\"dateModified\":\"2020-07-03T17:30:18+00:00\",\"author\":{\"@id\":\"https:\/\/yoamomimazatlan.com\/#\/schema\/person\/5eb4abccc9443dff7750dbdd0a22c79e\"},\"breadcrumb\":{\"@id\":\"https:\/\/yoamomimazatlan.com\/?p=2964#breadcrumb\"},\"inLanguage\":\"es-MX\",\"potentialAction\":[{\"@type\":\"ReadAction\",\"target\":[\"https:\/\/yoamomimazatlan.com\/?p=2964\"]}]},{\"@type\":\"BreadcrumbList\",\"@id\":\"https:\/\/yoamomimazatlan.com\/?p=2964#breadcrumb\",\"itemListElement\":[{\"@type\":\"ListItem\",\"position\":1,\"name\":\"Inicio\",\"item\":\"https:\/\/yoamomimazatlan.com\/\"},{\"@type\":\"ListItem\",\"position\":2,\"name\":\"Falso el video sobre nuevo cierre de playas en Mazatl\u00e1n: Protecci\u00f3n Civil\"}]},{\"@type\":\"WebSite\",\"@id\":\"https:\/\/yoamomimazatlan.com\/#website\",\"url\":\"https:\/\/yoamomimazatlan.com\/\",\"name\":\"Amo mi Mazatl\u00e1n\",\"description\":\"Somos Pata Salada\",\"potentialAction\":[{\"@type\":\"SearchAction\",\"target\":{\"@type\":\"EntryPoint\",\"urlTemplate\":\"https:\/\/yoamomimazatlan.com\/?s={search_term_string}\"},\"query-input\":\"required name=search_term_string\"}],\"inLanguage\":\"es-MX\"},{\"@type\":\"Person\",\"@id\":\"https:\/\/yoamomimazatlan.com\/#\/schema\/person\/5eb4abccc9443dff7750dbdd0a22c79e\",\"name\":\"Luis Peraza\",\"image\":{\"@type\":\"ImageObject\",\"inLanguage\":\"es-MX\",\"@id\":\"https:\/\/yoamomimazatlan.com\/#\/schema\/person\/image\/\",\"url\":\"https:\/\/secure.gravatar.com\/avatar\/2829a2db2ad27a37cce4111a17f17d49?s=96&d=mm&r=g\",\"contentUrl\":\"https:\/\/secure.gravatar.com\/avatar\/2829a2db2ad27a37cce4111a17f17d49?s=96&d=mm&r=g\",\"caption\":\"Luis Peraza\"},\"url\":\"https:\/\/yoamomimazatlan.com\/?author=2\"}]}<\/script>\n<!-- \/ Yoast SEO plugin. -->","yoast_head_json":{"title":"Falso el video sobre nuevo cierre de playas en Mazatl\u00e1n: Protecci\u00f3n Civil - Amo mi Mazatl\u00e1n","robots":{"index":"index","follow":"follow","max-snippet":"max-snippet:-1","max-image-preview":"max-image-preview:large","max-video-preview":"max-video-preview:-1"},"canonical":"https:\/\/yoamomimazatlan.com\/?p=2964","og_locale":"es_MX","og_type":"article","og_title":"Falso el video sobre nuevo cierre de playas en Mazatl\u00e1n: Protecci\u00f3n Civil - Amo mi Mazatl\u00e1n","og_description":"Luego que desde el d\u00eda de ayer circulara en diversos grupos de Facebook un video que anunciaba un nuevo cierre de playas en Mazatl\u00e1n, Protecci\u00f3n Civil de este puerto coment\u00f3 que este material es totalmente falso. En entrevista telefonica el Coordinador de Protecci\u00f3n Civil, Eloy Ruiz Gastelum, enfatiz\u00f3 que este material que se difunde a [&hellip;]","og_url":"https:\/\/yoamomimazatlan.com\/?p=2964","og_site_name":"Amo mi Mazatl\u00e1n","article_published_time":"2020-07-03T17:19:26+00:00","article_modified_time":"2020-07-03T17:30:18+00:00","og_image":[{"width":596,"height":400,"url":"https:\/\/yoamomimazatlan.com\/wp-content\/uploads\/2020\/07\/WhatsApp-Image-2020-07-02-at-3.32.04-PM.jpeg","type":"image\/jpeg"}],"author":"Luis Peraza","twitter_card":"summary_large_image","twitter_misc":{"Escrito por":"Luis Peraza","Tiempo de lectura":"1 minuto"},"schema":{"@context":"https:\/\/schema.org","@graph":[{"@type":"WebPage","@id":"https:\/\/yoamomimazatlan.com\/?p=2964","url":"https:\/\/yoamomimazatlan.com\/?p=2964","name":"Falso el video sobre nuevo cierre de playas en Mazatl\u00e1n: Protecci\u00f3n Civil - Amo mi Mazatl\u00e1n","isPartOf":{"@id":"https:\/\/yoamomimazatlan.com\/#website"},"datePublished":"2020-07-03T17:19:26+00:00","dateModified":"2020-07-03T17:30:18+00:00","author":{"@id":"https:\/\/yoamomimazatlan.com\/#\/schema\/person\/5eb4abccc9443dff7750dbdd0a22c79e"},"breadcrumb":{"@id":"https:\/\/yoamomimazatlan.com\/?p=2964#breadcrumb"},"inLanguage":"es-MX","potentialAction":[{"@type":"ReadAction","target":["https:\/\/yoamomimazatlan.com\/?p=2964"]}]},{"@type":"BreadcrumbList","@id":"https:\/\/yoamomimazatlan.com\/?p=2964#breadcrumb","itemListElement":[{"@type":"ListItem","position":1,"name":"Inicio","item":"https:\/\/yoamomimazatlan.com\/"},{"@type":"ListItem","position":2,"name":"Falso el video sobre nuevo cierre de playas en Mazatl\u00e1n: Protecci\u00f3n Civil"}]},{"@type":"WebSite","@id":"https:\/\/yoamomimazatlan.com\/#website","url":"https:\/\/yoamomimazatlan.com\/","name":"Amo mi Mazatl\u00e1n","description":"Somos Pata Salada","potentialAction":[{"@type":"SearchAction","target":{"@type":"EntryPoint","urlTemplate":"https:\/\/yoamomimazatlan.com\/?s={search_term_string}"},"query-input":"required name=search_term_string"}],"inLanguage":"es-MX"},{"@type":"Person","@id":"https:\/\/yoamomimazatlan.com\/#\/schema\/person\/5eb4abccc9443dff7750dbdd0a22c79e","name":"Luis Peraza","image":{"@type":"ImageObject","inLanguage":"es-MX","@id":"https:\/\/yoamomimazatlan.com\/#\/schema\/person\/image\/","url":"https:\/\/secure.gravatar.com\/avatar\/2829a2db2ad27a37cce4111a17f17d49?s=96&d=mm&r=g","contentUrl":"https:\/\/secure.gravatar.com\/avatar\/2829a2db2ad27a37cce4111a17f17d49?s=96&d=mm&r=g","caption":"Luis Peraza"},"url":"https:\/\/yoamomimazatlan.com\/?author=2"}]}},"_links":{"self":[{"href":"https:\/\/yoamomimazatlan.com\/index.php?rest_route=\/wp\/v2\/posts\/2964"}],"collection":[{"href":"https:\/\/yoamomimazatlan.com\/index.php?rest_route=\/wp\/v2\/posts"}],"about":[{"href":"https:\/\/yoamomimazatlan.com\/index.php?rest_route=\/wp\/v2\/types\/post"}],"author":[{"embeddable":true,"href":"https:\/\/yoamomimazatlan.com\/index.php?rest_route=\/wp\/v2\/users\/2"}],"replies":[{"embeddable":true,"href":"https:\/\/yoamomimazatlan.com\/index.php?rest_route=%2Fwp%2Fv2%2Fcomments&post=2964"}],"version-history":[{"count":0,"href":"https:\/\/yoamomimazatlan.com\/index.php?rest_route=\/wp\/v2\/posts\/2964\/revisions"}],"wp:featuredmedia":[{"embeddable":true,"href":"https:\/\/yoamomimazatlan.com\/index.php?rest_route=\/wp\/v2\/media\/2967"}],"wp:attachment":[{"href":"https:\/\/yoamomimazatlan.com\/index.php?rest_route=%2Fwp%2Fv2%2Fmedia&parent=2964"}],"wp:term":[{"taxonomy":"category","embeddable":true,"href":"https:\/\/yoamomimazatlan.com\/index.php?rest_route=%2Fwp%2Fv2%2Fcategories&post=2964"},{"taxonomy":"post_tag","embeddable":true,"href":"https:\/\/yoamomimazatlan.com\/index.php?rest_route=%2Fwp%2Fv2%2Ftags&post=2964"}],"curies":[{"name":"wp","href":"https:\/\/api.w.org\/{rel}","templated":true}]}}