{"id":3734,"date":"2020-09-22T20:24:28","date_gmt":"2020-09-22T20:24:28","guid":{"rendered":"http:\/\/yoamomimazatlan.com\/?p=3734"},"modified":"2020-09-22T20:38:56","modified_gmt":"2020-09-22T20:38:56","slug":"ya-hay-fecha-de-inauguracion-autocinema-estelar-llega-el-jueves-a-mazatlan","status":"publish","type":"post","link":"https:\/\/yoamomimazatlan.com\/?p=3734","title":{"rendered":"\u00a1Ya hay fecha de inauguraci\u00f3n! Autocinema Estelar llega el jueves a Mazatl\u00e1n"},"content":{"rendered":"\n<p>\u00a1Por fin! Mazatl\u00e1n contar\u00e1 con Autocinema Estelar.<\/p>\n\n\n\n<p>Ser\u00e1 este jueves 24 de septiembre cuando arranque esta modalidad de cine en el puerto con todos los protocolos por la pandemia que atraviesa el pa\u00eds y el mundo entero en esta nueva normalidad.<\/p>\n\n\n\n<p>YO AMO MI MAZATL\u00c1N, platic\u00f3 con Paloma Guti\u00e9rrez, Gerente de Mercadotecnia, de Autocinema Mazatl\u00e1n nos revel\u00f3 que ser\u00e1 en el Centro de Convenciones donde decenas de compa\u00f1eros de su empresa preparar\u00e1n toda la log\u00edstica para que todo este listo a partir de este jueves.<\/p>\n\n\n\n<figure class=\"wp-block-embed-facebook wp-block-embed is-type-rich is-provider-facebook\"><div class=\"wp-block-embed__wrapper\">\n<div id=\"fb-root\"><\/div><script async=\"1\" defer=\"1\" crossorigin=\"anonymous\" src=\"https:\/\/connect.facebook.net\/en_US\/sdk.js#xfbml=1&amp;version=v8.0\" nonce=\"ac4i683R\"><\/script><div class=\"fb-post\" data-href=\"https:\/\/www.facebook.com\/105489671289731\/photos\/a.110019707503394\/129236082248423\/?type=3&amp;theater\" data-width=\"580\"><blockquote cite=\"https:\/\/www.facebook.com\/105489671289731\/photos\/a.110019707503394\/129236082248423\/?type=3\" class=\"fb-xfbml-parse-ignore\"><p>\u00a1Ya tenemos la fecha para vivir la experiencia del Autocinema en Mazatl\u00e1n ?! Te esperamos a la inauguraci\u00f3n Estelar&#8230;<\/p>Posted by <a href=\"https:\/\/www.facebook.com\/AutoCinema-Estelar-Mazatl&#xe1;n-105489671289731\/\">AutoCinema Estelar Mazatl\u00e1n<\/a> on&nbsp;<a href=\"https:\/\/www.facebook.com\/105489671289731\/photos\/a.110019707503394\/129236082248423\/?type=3\">Monday, September 21, 2020<\/a><\/blockquote><\/div>\n<\/div><\/figure>\n\n\n\n<p>Coment\u00f3 que los boletos tienen un costo de 300 pesos por veh\u00edculo en el que podr\u00e1n ingresar el n\u00famero de personas que est\u00e9 permitido en su coche.<\/p>\n\n\n\n<p>Agreg\u00f3 que durante la funci\u00f3n se podr\u00e1n adquirir diferentes snacks entre los que destacan palomitas, refrescos, esquites, hot dogs, hamburguesas, pizzas, sushi, entre otros as\u00ed como diferentes tipos de combos \u00a1S\u00f3lo encender\u00e1s tus intermitentes y un integrante del equipo te atender\u00e1 sin necesidad de bajar de tu coche!<\/p>\n\n\n\n<figure class=\"wp-block-embed-facebook wp-block-embed is-type-rich is-provider-facebook\"><div class=\"wp-block-embed__wrapper\">\n<div id=\"fb-root\"><\/div><script async=\"1\" defer=\"1\" crossorigin=\"anonymous\" src=\"https:\/\/connect.facebook.net\/en_US\/sdk.js#xfbml=1&amp;version=v8.0\" nonce=\"Yhh9UwOG\"><\/script><div class=\"fb-post\" data-href=\"https:\/\/www.facebook.com\/105489671289731\/photos\/a.110019707503394\/129785395526825\/?type=3&amp;theater\" data-width=\"580\"><blockquote cite=\"https:\/\/www.facebook.com\/105489671289731\/photos\/a.110019707503394\/129785395526825\/?type=3\" class=\"fb-xfbml-parse-ignore\"><p>\u00a1Yummy yummy! ?  Del\u00e9itate con nuestro Men\u00fa Estelar\u2728 ??????????\u00a1Tenemos para ti una variada oferta de alimentos y&#8230;<\/p>Posted by <a href=\"https:\/\/www.facebook.com\/AutoCinema-Estelar-Mazatl&#xe1;n-105489671289731\/\">AutoCinema Estelar Mazatl\u00e1n<\/a> on&nbsp;<a href=\"https:\/\/www.facebook.com\/105489671289731\/photos\/a.110019707503394\/129785395526825\/?type=3\">Tuesday, September 22, 2020<\/a><\/blockquote><\/div>\n<\/div><\/figure>\n\n\n\n<p>Lo que m\u00e1s nos gust\u00f3 es que la lluvia \u00a1no impedir\u00e1 que disfrutes la pel\u00edcula! Ya que nuestra amiga Paloma Guti\u00e9rrez nos pas\u00f3 el dato que la pantalla que se colocar\u00e1 esta adaptada para cualquier tipo de clima,  y que en lo que respecta al sonido de la pel\u00edcula ser\u00e1 a trav\u00e9s de una estaci\u00f3n de radio donde la sintonizar\u00e1s para poder escuchar con los vidrios cerrados el sonido en cada uno de los veh\u00edculos.<\/p>\n\n\n\n<p>As\u00ed que ya lo sabes mazalover tienes que asistir, as\u00ed que adquiere tus boletos a trav\u00e9s del sitio <a href=\"http:\/\/www.autocinemaestelar.com\/?fbclid=IwAR2h9du1xwisMv96mpz-MFf70G80CpHr9AUvGjurzGTwL7JsFvJFCGgqO9Q\" target=\"_blank\" rel=\"noreferrer noopener\">www.autocinemaestelar.com<\/a> o bien descarga la aplicaci\u00f3n Autocinema Estelar disponible en Android y IOS.<\/p>\n\n\n\n<p><\/p>\n","protected":false},"excerpt":{"rendered":"<p>\u00a1Por fin! Mazatl\u00e1n contar\u00e1 con Autocinema Estelar. Ser\u00e1 este jueves 24 de septiembre cuando arranque esta modalidad de cine en el puerto con todos los protocolos por la pandemia que atraviesa el pa\u00eds y el mundo entero en esta nueva normalidad. YO AMO MI MAZATL\u00c1N, platic\u00f3 con Paloma Guti\u00e9rrez, Gerente de Mercadotecnia, de Autocinema Mazatl\u00e1n [&hellip;]<\/p>\n","protected":false},"author":2,"featured_media":3735,"comment_status":"open","ping_status":"open","sticky":false,"template":"","format":"standard","meta":{"footnotes":""},"categories":[1],"tags":[],"yoast_head":"<!-- This site is optimized with the Yoast SEO plugin v21.7 - https:\/\/yoast.com\/wordpress\/plugins\/seo\/ -->\n<title>\u00a1Ya hay fecha de inauguraci\u00f3n! Autocinema Estelar llega el jueves a Mazatl\u00e1n - Amo mi Mazatl\u00e1n<\/title>\n<meta name=\"robots\" content=\"index, follow, max-snippet:-1, max-image-preview:large, max-video-preview:-1\" \/>\n<link rel=\"canonical\" href=\"https:\/\/yoamomimazatlan.com\/?p=3734\" \/>\n<meta property=\"og:locale\" content=\"es_MX\" \/>\n<meta property=\"og:type\" content=\"article\" \/>\n<meta property=\"og:title\" content=\"\u00a1Ya hay fecha de inauguraci\u00f3n! Autocinema Estelar llega el jueves a Mazatl\u00e1n - Amo mi Mazatl\u00e1n\" \/>\n<meta property=\"og:description\" content=\"\u00a1Por fin! Mazatl\u00e1n contar\u00e1 con Autocinema Estelar. Ser\u00e1 este jueves 24 de septiembre cuando arranque esta modalidad de cine en el puerto con todos los protocolos por la pandemia que atraviesa el pa\u00eds y el mundo entero en esta nueva normalidad. YO AMO MI MAZATL\u00c1N, platic\u00f3 con Paloma Guti\u00e9rrez, Gerente de Mercadotecnia, de Autocinema Mazatl\u00e1n [&hellip;]\" \/>\n<meta property=\"og:url\" content=\"https:\/\/yoamomimazatlan.com\/?p=3734\" \/>\n<meta property=\"og:site_name\" content=\"Amo mi Mazatl\u00e1n\" \/>\n<meta property=\"article:published_time\" content=\"2020-09-22T20:24:28+00:00\" \/>\n<meta property=\"article:modified_time\" content=\"2020-09-22T20:38:56+00:00\" \/>\n<meta property=\"og:image\" content=\"https:\/\/yoamomimazatlan.com\/wp-content\/uploads\/2020\/09\/WhatsApp-Image-2020-09-22-at-2.09.35-PM-scaled.jpeg\" \/>\n\t<meta property=\"og:image:width\" content=\"533\" \/>\n\t<meta property=\"og:image:height\" content=\"400\" \/>\n\t<meta property=\"og:image:type\" content=\"image\/jpeg\" \/>\n<meta name=\"author\" content=\"Luis Peraza\" \/>\n<meta name=\"twitter:card\" content=\"summary_large_image\" \/>\n<meta name=\"twitter:label1\" content=\"Escrito por\" \/>\n\t<meta name=\"twitter:data1\" content=\"Luis Peraza\" \/>\n\t<meta name=\"twitter:label2\" content=\"Tiempo de lectura\" \/>\n\t<meta name=\"twitter:data2\" content=\"2 minutos\" \/>\n<script type=\"application\/ld+json\" class=\"yoast-schema-graph\">{\"@context\":\"https:\/\/schema.org\",\"@graph\":[{\"@type\":\"WebPage\",\"@id\":\"https:\/\/yoamomimazatlan.com\/?p=3734\",\"url\":\"https:\/\/yoamomimazatlan.com\/?p=3734\",\"name\":\"\u00a1Ya hay fecha de inauguraci\u00f3n! Autocinema Estelar llega el jueves a Mazatl\u00e1n - Amo mi Mazatl\u00e1n\",\"isPartOf\":{\"@id\":\"https:\/\/yoamomimazatlan.com\/#website\"},\"datePublished\":\"2020-09-22T20:24:28+00:00\",\"dateModified\":\"2020-09-22T20:38:56+00:00\",\"author\":{\"@id\":\"https:\/\/yoamomimazatlan.com\/#\/schema\/person\/5eb4abccc9443dff7750dbdd0a22c79e\"},\"breadcrumb\":{\"@id\":\"https:\/\/yoamomimazatlan.com\/?p=3734#breadcrumb\"},\"inLanguage\":\"es-MX\",\"potentialAction\":[{\"@type\":\"ReadAction\",\"target\":[\"https:\/\/yoamomimazatlan.com\/?p=3734\"]}]},{\"@type\":\"BreadcrumbList\",\"@id\":\"https:\/\/yoamomimazatlan.com\/?p=3734#breadcrumb\",\"itemListElement\":[{\"@type\":\"ListItem\",\"position\":1,\"name\":\"Inicio\",\"item\":\"https:\/\/yoamomimazatlan.com\/\"},{\"@type\":\"ListItem\",\"position\":2,\"name\":\"\u00a1Ya hay fecha de inauguraci\u00f3n! Autocinema Estelar llega el jueves a Mazatl\u00e1n\"}]},{\"@type\":\"WebSite\",\"@id\":\"https:\/\/yoamomimazatlan.com\/#website\",\"url\":\"https:\/\/yoamomimazatlan.com\/\",\"name\":\"Amo mi Mazatl\u00e1n\",\"description\":\"Somos Pata Salada\",\"potentialAction\":[{\"@type\":\"SearchAction\",\"target\":{\"@type\":\"EntryPoint\",\"urlTemplate\":\"https:\/\/yoamomimazatlan.com\/?s={search_term_string}\"},\"query-input\":\"required name=search_term_string\"}],\"inLanguage\":\"es-MX\"},{\"@type\":\"Person\",\"@id\":\"https:\/\/yoamomimazatlan.com\/#\/schema\/person\/5eb4abccc9443dff7750dbdd0a22c79e\",\"name\":\"Luis Peraza\",\"image\":{\"@type\":\"ImageObject\",\"inLanguage\":\"es-MX\",\"@id\":\"https:\/\/yoamomimazatlan.com\/#\/schema\/person\/image\/\",\"url\":\"https:\/\/secure.gravatar.com\/avatar\/2829a2db2ad27a37cce4111a17f17d49?s=96&d=mm&r=g\",\"contentUrl\":\"https:\/\/secure.gravatar.com\/avatar\/2829a2db2ad27a37cce4111a17f17d49?s=96&d=mm&r=g\",\"caption\":\"Luis Peraza\"},\"url\":\"https:\/\/yoamomimazatlan.com\/?author=2\"}]}<\/script>\n<!-- \/ Yoast SEO plugin. -->","yoast_head_json":{"title":"\u00a1Ya hay fecha de inauguraci\u00f3n! Autocinema Estelar llega el jueves a Mazatl\u00e1n - Amo mi Mazatl\u00e1n","robots":{"index":"index","follow":"follow","max-snippet":"max-snippet:-1","max-image-preview":"max-image-preview:large","max-video-preview":"max-video-preview:-1"},"canonical":"https:\/\/yoamomimazatlan.com\/?p=3734","og_locale":"es_MX","og_type":"article","og_title":"\u00a1Ya hay fecha de inauguraci\u00f3n! Autocinema Estelar llega el jueves a Mazatl\u00e1n - Amo mi Mazatl\u00e1n","og_description":"\u00a1Por fin! Mazatl\u00e1n contar\u00e1 con Autocinema Estelar. Ser\u00e1 este jueves 24 de septiembre cuando arranque esta modalidad de cine en el puerto con todos los protocolos por la pandemia que atraviesa el pa\u00eds y el mundo entero en esta nueva normalidad. YO AMO MI MAZATL\u00c1N, platic\u00f3 con Paloma Guti\u00e9rrez, Gerente de Mercadotecnia, de Autocinema Mazatl\u00e1n [&hellip;]","og_url":"https:\/\/yoamomimazatlan.com\/?p=3734","og_site_name":"Amo mi Mazatl\u00e1n","article_published_time":"2020-09-22T20:24:28+00:00","article_modified_time":"2020-09-22T20:38:56+00:00","og_image":[{"width":533,"height":400,"url":"https:\/\/yoamomimazatlan.com\/wp-content\/uploads\/2020\/09\/WhatsApp-Image-2020-09-22-at-2.09.35-PM-scaled.jpeg","type":"image\/jpeg"}],"author":"Luis Peraza","twitter_card":"summary_large_image","twitter_misc":{"Escrito por":"Luis Peraza","Tiempo de lectura":"2 minutos"},"schema":{"@context":"https:\/\/schema.org","@graph":[{"@type":"WebPage","@id":"https:\/\/yoamomimazatlan.com\/?p=3734","url":"https:\/\/yoamomimazatlan.com\/?p=3734","name":"\u00a1Ya hay fecha de inauguraci\u00f3n! Autocinema Estelar llega el jueves a Mazatl\u00e1n - Amo mi Mazatl\u00e1n","isPartOf":{"@id":"https:\/\/yoamomimazatlan.com\/#website"},"datePublished":"2020-09-22T20:24:28+00:00","dateModified":"2020-09-22T20:38:56+00:00","author":{"@id":"https:\/\/yoamomimazatlan.com\/#\/schema\/person\/5eb4abccc9443dff7750dbdd0a22c79e"},"breadcrumb":{"@id":"https:\/\/yoamomimazatlan.com\/?p=3734#breadcrumb"},"inLanguage":"es-MX","potentialAction":[{"@type":"ReadAction","target":["https:\/\/yoamomimazatlan.com\/?p=3734"]}]},{"@type":"BreadcrumbList","@id":"https:\/\/yoamomimazatlan.com\/?p=3734#breadcrumb","itemListElement":[{"@type":"ListItem","position":1,"name":"Inicio","item":"https:\/\/yoamomimazatlan.com\/"},{"@type":"ListItem","position":2,"name":"\u00a1Ya hay fecha de inauguraci\u00f3n! Autocinema Estelar llega el jueves a Mazatl\u00e1n"}]},{"@type":"WebSite","@id":"https:\/\/yoamomimazatlan.com\/#website","url":"https:\/\/yoamomimazatlan.com\/","name":"Amo mi Mazatl\u00e1n","description":"Somos Pata Salada","potentialAction":[{"@type":"SearchAction","target":{"@type":"EntryPoint","urlTemplate":"https:\/\/yoamomimazatlan.com\/?s={search_term_string}"},"query-input":"required name=search_term_string"}],"inLanguage":"es-MX"},{"@type":"Person","@id":"https:\/\/yoamomimazatlan.com\/#\/schema\/person\/5eb4abccc9443dff7750dbdd0a22c79e","name":"Luis Peraza","image":{"@type":"ImageObject","inLanguage":"es-MX","@id":"https:\/\/yoamomimazatlan.com\/#\/schema\/person\/image\/","url":"https:\/\/secure.gravatar.com\/avatar\/2829a2db2ad27a37cce4111a17f17d49?s=96&d=mm&r=g","contentUrl":"https:\/\/secure.gravatar.com\/avatar\/2829a2db2ad27a37cce4111a17f17d49?s=96&d=mm&r=g","caption":"Luis Peraza"},"url":"https:\/\/yoamomimazatlan.com\/?author=2"}]}},"_links":{"self":[{"href":"https:\/\/yoamomimazatlan.com\/index.php?rest_route=\/wp\/v2\/posts\/3734"}],"collection":[{"href":"https:\/\/yoamomimazatlan.com\/index.php?rest_route=\/wp\/v2\/posts"}],"about":[{"href":"https:\/\/yoamomimazatlan.com\/index.php?rest_route=\/wp\/v2\/types\/post"}],"author":[{"embeddable":true,"href":"https:\/\/yoamomimazatlan.com\/index.php?rest_route=\/wp\/v2\/users\/2"}],"replies":[{"embeddable":true,"href":"https:\/\/yoamomimazatlan.com\/index.php?rest_route=%2Fwp%2Fv2%2Fcomments&post=3734"}],"version-history":[{"count":0,"href":"https:\/\/yoamomimazatlan.com\/index.php?rest_route=\/wp\/v2\/posts\/3734\/revisions"}],"wp:featuredmedia":[{"embeddable":true,"href":"https:\/\/yoamomimazatlan.com\/index.php?rest_route=\/wp\/v2\/media\/3735"}],"wp:attachment":[{"href":"https:\/\/yoamomimazatlan.com\/index.php?rest_route=%2Fwp%2Fv2%2Fmedia&parent=3734"}],"wp:term":[{"taxonomy":"category","embeddable":true,"href":"https:\/\/yoamomimazatlan.com\/index.php?rest_route=%2Fwp%2Fv2%2Fcategories&post=3734"},{"taxonomy":"post_tag","embeddable":true,"href":"https:\/\/yoamomimazatlan.com\/index.php?rest_route=%2Fwp%2Fv2%2Ftags&post=3734"}],"curies":[{"name":"wp","href":"https:\/\/api.w.org\/{rel}","templated":true}]}}