{"id":3874,"date":"2020-11-10T19:47:03","date_gmt":"2020-11-10T19:47:03","guid":{"rendered":"http:\/\/yoamomimazatlan.com\/?p=3874"},"modified":"2020-11-10T19:48:15","modified_gmt":"2020-11-10T19:48:15","slug":"alcalde-promete-castigar-a-policias-que-abusaron-de-banderos-en-mazatlan","status":"publish","type":"post","link":"https:\/\/yoamomimazatlan.com\/?p=3874","title":{"rendered":"Alcalde promete castigar a polic\u00edas que abusaron de banderos en Mazatl\u00e1n"},"content":{"rendered":"\n<p>El Alcalde Luis Guillermo Benitez Torres asegur\u00f3 que su Gobierno est\u00e1 en contra de la brutalidad policiaca y no permite abusos de las fuerzas del orden, por lo que ya est\u00e1n trabajando en la investigaci\u00f3n del caso de los m\u00fasicos playeros.<\/p>\n\n\n\n<p><br>La ma\u00f1ana del lunes, el Presidente Municipal se reuni\u00f3 con un grupo de m\u00fasicos que tocan en la playa, y \u00e9stos solicitaron un trato digno por parte de polic\u00edas e inspectores de Oficial\u00eda Mayor, y adem\u00e1s acusaron que el pasado viernes fueron v\u00edctimas de abusos policiacos.<\/p>\n\n\n\n<script async=\"\" src=\"https:\/\/pagead2.googlesyndication.com\/pagead\/js\/adsbygoogle.js\"><\/script>\n<ins class=\"adsbygoogle\" style=\"display:block; text-align:center;\" data-ad-layout=\"in-article\" data-ad-format=\"fluid\" data-ad-client=\"ca-pub-5399463873420767\" data-ad-slot=\"9891489938\"><\/ins>\n<script>\n     (adsbygoogle = window.adsbygoogle || []).push({});\n<\/script>\n\n\n\n<p><br>En el encuentro, el Qu\u00edmico Benitez Torres les reiter\u00f3 su apoyo total y record\u00f3 que durante el cierre de la actividad tur\u00edstica en el puerto, el Ayuntamiento les permiti\u00f3 a ellos tocar en esquinas y sem\u00e1foros para que obtuvieran alg\u00fan ingreso econ\u00f3mico.<\/p>\n\n\n\n<p><br>Sobre los supuestos abusos de autoridad, asegur\u00f3 que su Administraci\u00f3n har\u00e1 una investigaci\u00f3n para dar con los culpables y ser\u00e1n castigados.<\/p>\n\n\n\n<p><br>&#8220;Somos un gobierno de cambio, donde se hace justicia, donde no vamos a permitir abusos de la fuerzas el orden, de tal forma que est\u00e1n dispuestos ellos a identificar a los que los trataron mal, y vamos a actuar con todo dentro de la fiscal\u00eda interna de polic\u00eda, para que se castigue los culpables y a los comandantes encargados de los grupos policiacos sin protecci\u00f3n a nadie. Hay que hacer justicia, esa es nuestra forma de pensar y as\u00ed actuamos&#8221;.<\/p>\n","protected":false},"excerpt":{"rendered":"<p>El Alcalde Luis Guillermo Benitez Torres asegur\u00f3 que su Gobierno est\u00e1 en contra de la brutalidad policiaca y no permite abusos de las fuerzas del orden, por lo que ya est\u00e1n trabajando en la investigaci\u00f3n del caso de los m\u00fasicos playeros. La ma\u00f1ana del lunes, el Presidente Municipal se reuni\u00f3 con un grupo de m\u00fasicos [&hellip;]<\/p>\n","protected":false},"author":2,"featured_media":3875,"comment_status":"open","ping_status":"open","sticky":false,"template":"","format":"standard","meta":{"footnotes":""},"categories":[1],"tags":[],"yoast_head":"<!-- This site is optimized with the Yoast SEO plugin v21.7 - https:\/\/yoast.com\/wordpress\/plugins\/seo\/ -->\n<title>Alcalde promete castigar a polic\u00edas que abusaron de banderos en Mazatl\u00e1n - Amo mi Mazatl\u00e1n<\/title>\n<meta name=\"robots\" content=\"index, follow, max-snippet:-1, max-image-preview:large, max-video-preview:-1\" \/>\n<link rel=\"canonical\" href=\"https:\/\/yoamomimazatlan.com\/?p=3874\" \/>\n<meta property=\"og:locale\" content=\"es_MX\" \/>\n<meta property=\"og:type\" content=\"article\" \/>\n<meta property=\"og:title\" content=\"Alcalde promete castigar a polic\u00edas que abusaron de banderos en Mazatl\u00e1n - Amo mi Mazatl\u00e1n\" \/>\n<meta property=\"og:description\" content=\"El Alcalde Luis Guillermo Benitez Torres asegur\u00f3 que su Gobierno est\u00e1 en contra de la brutalidad policiaca y no permite abusos de las fuerzas del orden, por lo que ya est\u00e1n trabajando en la investigaci\u00f3n del caso de los m\u00fasicos playeros. La ma\u00f1ana del lunes, el Presidente Municipal se reuni\u00f3 con un grupo de m\u00fasicos [&hellip;]\" \/>\n<meta property=\"og:url\" content=\"https:\/\/yoamomimazatlan.com\/?p=3874\" \/>\n<meta property=\"og:site_name\" content=\"Amo mi Mazatl\u00e1n\" \/>\n<meta property=\"article:published_time\" content=\"2020-11-10T19:47:03+00:00\" \/>\n<meta property=\"article:modified_time\" content=\"2020-11-10T19:48:15+00:00\" \/>\n<meta property=\"og:image\" content=\"https:\/\/yoamomimazatlan.com\/wp-content\/uploads\/2020\/11\/portada-4-scaled.jpg\" \/>\n\t<meta property=\"og:image:width\" content=\"536\" \/>\n\t<meta property=\"og:image:height\" content=\"400\" \/>\n\t<meta property=\"og:image:type\" content=\"image\/jpeg\" \/>\n<meta name=\"author\" content=\"Luis Peraza\" \/>\n<meta name=\"twitter:card\" content=\"summary_large_image\" \/>\n<meta name=\"twitter:label1\" content=\"Escrito por\" \/>\n\t<meta name=\"twitter:data1\" content=\"Luis Peraza\" \/>\n\t<meta name=\"twitter:label2\" content=\"Tiempo de lectura\" \/>\n\t<meta name=\"twitter:data2\" content=\"1 minuto\" \/>\n<script type=\"application\/ld+json\" class=\"yoast-schema-graph\">{\"@context\":\"https:\/\/schema.org\",\"@graph\":[{\"@type\":\"WebPage\",\"@id\":\"https:\/\/yoamomimazatlan.com\/?p=3874\",\"url\":\"https:\/\/yoamomimazatlan.com\/?p=3874\",\"name\":\"Alcalde promete castigar a polic\u00edas que abusaron de banderos en Mazatl\u00e1n - Amo mi Mazatl\u00e1n\",\"isPartOf\":{\"@id\":\"https:\/\/yoamomimazatlan.com\/#website\"},\"datePublished\":\"2020-11-10T19:47:03+00:00\",\"dateModified\":\"2020-11-10T19:48:15+00:00\",\"author\":{\"@id\":\"https:\/\/yoamomimazatlan.com\/#\/schema\/person\/5eb4abccc9443dff7750dbdd0a22c79e\"},\"breadcrumb\":{\"@id\":\"https:\/\/yoamomimazatlan.com\/?p=3874#breadcrumb\"},\"inLanguage\":\"es-MX\",\"potentialAction\":[{\"@type\":\"ReadAction\",\"target\":[\"https:\/\/yoamomimazatlan.com\/?p=3874\"]}]},{\"@type\":\"BreadcrumbList\",\"@id\":\"https:\/\/yoamomimazatlan.com\/?p=3874#breadcrumb\",\"itemListElement\":[{\"@type\":\"ListItem\",\"position\":1,\"name\":\"Inicio\",\"item\":\"https:\/\/yoamomimazatlan.com\/\"},{\"@type\":\"ListItem\",\"position\":2,\"name\":\"Alcalde promete castigar a polic\u00edas que abusaron de banderos en Mazatl\u00e1n\"}]},{\"@type\":\"WebSite\",\"@id\":\"https:\/\/yoamomimazatlan.com\/#website\",\"url\":\"https:\/\/yoamomimazatlan.com\/\",\"name\":\"Amo mi Mazatl\u00e1n\",\"description\":\"Somos Pata Salada\",\"potentialAction\":[{\"@type\":\"SearchAction\",\"target\":{\"@type\":\"EntryPoint\",\"urlTemplate\":\"https:\/\/yoamomimazatlan.com\/?s={search_term_string}\"},\"query-input\":\"required name=search_term_string\"}],\"inLanguage\":\"es-MX\"},{\"@type\":\"Person\",\"@id\":\"https:\/\/yoamomimazatlan.com\/#\/schema\/person\/5eb4abccc9443dff7750dbdd0a22c79e\",\"name\":\"Luis Peraza\",\"image\":{\"@type\":\"ImageObject\",\"inLanguage\":\"es-MX\",\"@id\":\"https:\/\/yoamomimazatlan.com\/#\/schema\/person\/image\/\",\"url\":\"https:\/\/secure.gravatar.com\/avatar\/2829a2db2ad27a37cce4111a17f17d49?s=96&d=mm&r=g\",\"contentUrl\":\"https:\/\/secure.gravatar.com\/avatar\/2829a2db2ad27a37cce4111a17f17d49?s=96&d=mm&r=g\",\"caption\":\"Luis Peraza\"},\"url\":\"https:\/\/yoamomimazatlan.com\/?author=2\"}]}<\/script>\n<!-- \/ Yoast SEO plugin. -->","yoast_head_json":{"title":"Alcalde promete castigar a polic\u00edas que abusaron de banderos en Mazatl\u00e1n - Amo mi Mazatl\u00e1n","robots":{"index":"index","follow":"follow","max-snippet":"max-snippet:-1","max-image-preview":"max-image-preview:large","max-video-preview":"max-video-preview:-1"},"canonical":"https:\/\/yoamomimazatlan.com\/?p=3874","og_locale":"es_MX","og_type":"article","og_title":"Alcalde promete castigar a polic\u00edas que abusaron de banderos en Mazatl\u00e1n - Amo mi Mazatl\u00e1n","og_description":"El Alcalde Luis Guillermo Benitez Torres asegur\u00f3 que su Gobierno est\u00e1 en contra de la brutalidad policiaca y no permite abusos de las fuerzas del orden, por lo que ya est\u00e1n trabajando en la investigaci\u00f3n del caso de los m\u00fasicos playeros. La ma\u00f1ana del lunes, el Presidente Municipal se reuni\u00f3 con un grupo de m\u00fasicos [&hellip;]","og_url":"https:\/\/yoamomimazatlan.com\/?p=3874","og_site_name":"Amo mi Mazatl\u00e1n","article_published_time":"2020-11-10T19:47:03+00:00","article_modified_time":"2020-11-10T19:48:15+00:00","og_image":[{"width":536,"height":400,"url":"https:\/\/yoamomimazatlan.com\/wp-content\/uploads\/2020\/11\/portada-4-scaled.jpg","type":"image\/jpeg"}],"author":"Luis Peraza","twitter_card":"summary_large_image","twitter_misc":{"Escrito por":"Luis Peraza","Tiempo de lectura":"1 minuto"},"schema":{"@context":"https:\/\/schema.org","@graph":[{"@type":"WebPage","@id":"https:\/\/yoamomimazatlan.com\/?p=3874","url":"https:\/\/yoamomimazatlan.com\/?p=3874","name":"Alcalde promete castigar a polic\u00edas que abusaron de banderos en Mazatl\u00e1n - Amo mi Mazatl\u00e1n","isPartOf":{"@id":"https:\/\/yoamomimazatlan.com\/#website"},"datePublished":"2020-11-10T19:47:03+00:00","dateModified":"2020-11-10T19:48:15+00:00","author":{"@id":"https:\/\/yoamomimazatlan.com\/#\/schema\/person\/5eb4abccc9443dff7750dbdd0a22c79e"},"breadcrumb":{"@id":"https:\/\/yoamomimazatlan.com\/?p=3874#breadcrumb"},"inLanguage":"es-MX","potentialAction":[{"@type":"ReadAction","target":["https:\/\/yoamomimazatlan.com\/?p=3874"]}]},{"@type":"BreadcrumbList","@id":"https:\/\/yoamomimazatlan.com\/?p=3874#breadcrumb","itemListElement":[{"@type":"ListItem","position":1,"name":"Inicio","item":"https:\/\/yoamomimazatlan.com\/"},{"@type":"ListItem","position":2,"name":"Alcalde promete castigar a polic\u00edas que abusaron de banderos en Mazatl\u00e1n"}]},{"@type":"WebSite","@id":"https:\/\/yoamomimazatlan.com\/#website","url":"https:\/\/yoamomimazatlan.com\/","name":"Amo mi Mazatl\u00e1n","description":"Somos Pata Salada","potentialAction":[{"@type":"SearchAction","target":{"@type":"EntryPoint","urlTemplate":"https:\/\/yoamomimazatlan.com\/?s={search_term_string}"},"query-input":"required name=search_term_string"}],"inLanguage":"es-MX"},{"@type":"Person","@id":"https:\/\/yoamomimazatlan.com\/#\/schema\/person\/5eb4abccc9443dff7750dbdd0a22c79e","name":"Luis Peraza","image":{"@type":"ImageObject","inLanguage":"es-MX","@id":"https:\/\/yoamomimazatlan.com\/#\/schema\/person\/image\/","url":"https:\/\/secure.gravatar.com\/avatar\/2829a2db2ad27a37cce4111a17f17d49?s=96&d=mm&r=g","contentUrl":"https:\/\/secure.gravatar.com\/avatar\/2829a2db2ad27a37cce4111a17f17d49?s=96&d=mm&r=g","caption":"Luis Peraza"},"url":"https:\/\/yoamomimazatlan.com\/?author=2"}]}},"_links":{"self":[{"href":"https:\/\/yoamomimazatlan.com\/index.php?rest_route=\/wp\/v2\/posts\/3874"}],"collection":[{"href":"https:\/\/yoamomimazatlan.com\/index.php?rest_route=\/wp\/v2\/posts"}],"about":[{"href":"https:\/\/yoamomimazatlan.com\/index.php?rest_route=\/wp\/v2\/types\/post"}],"author":[{"embeddable":true,"href":"https:\/\/yoamomimazatlan.com\/index.php?rest_route=\/wp\/v2\/users\/2"}],"replies":[{"embeddable":true,"href":"https:\/\/yoamomimazatlan.com\/index.php?rest_route=%2Fwp%2Fv2%2Fcomments&post=3874"}],"version-history":[{"count":0,"href":"https:\/\/yoamomimazatlan.com\/index.php?rest_route=\/wp\/v2\/posts\/3874\/revisions"}],"wp:featuredmedia":[{"embeddable":true,"href":"https:\/\/yoamomimazatlan.com\/index.php?rest_route=\/wp\/v2\/media\/3875"}],"wp:attachment":[{"href":"https:\/\/yoamomimazatlan.com\/index.php?rest_route=%2Fwp%2Fv2%2Fmedia&parent=3874"}],"wp:term":[{"taxonomy":"category","embeddable":true,"href":"https:\/\/yoamomimazatlan.com\/index.php?rest_route=%2Fwp%2Fv2%2Fcategories&post=3874"},{"taxonomy":"post_tag","embeddable":true,"href":"https:\/\/yoamomimazatlan.com\/index.php?rest_route=%2Fwp%2Fv2%2Ftags&post=3874"}],"curies":[{"name":"wp","href":"https:\/\/api.w.org\/{rel}","templated":true}]}}