{"id":4186,"date":"2021-01-28T19:55:46","date_gmt":"2021-01-28T19:55:46","guid":{"rendered":"http:\/\/yoamomimazatlan.com\/?p=4186"},"modified":"2021-01-28T19:58:03","modified_gmt":"2021-01-28T19:58:03","slug":"arremete-julio-preciado-en-contra-del-empresario-felipe-silva","status":"publish","type":"post","link":"https:\/\/yoamomimazatlan.com\/?p=4186","title":{"rendered":"Arremete JULIO PRECIADO en contra del empresario Felipe Silva"},"content":{"rendered":"\n<p>El cantante Julio Preciado arremeti\u00f3 en contra del empresario de espect\u00e1culos en Mazatl\u00e1n Felipe Silva al asegurar que est\u00e1 detr\u00e1s de p\u00e1ginas de Facebook Falsas que buscan a toda costa desprestigiarlo y demeritar su trayectoria art\u00edstica.<\/p>\n\n\n\n<p>El Gigante de la Banda utiliz\u00f3 su cuenta oficial de Facebook para denunciar este hecho con la siguiente publicaci\u00f3n: <\/p>\n\n\n\n<p>&#8220;Se\u00f1ores directores y programadores de la cadena de Radio La Mejor los invito a se metan a la p\u00e1gina de Del Plato a la Boca que maneja el Pseudo empresario Felipe El Sapo Silva para que se den cuenta de la opini\u00f3n que tiene de sus reconocimientos y como se mofan de uno de sus galardonados en este caso un servidor e invito a todos los seguidores de mis dem\u00e1s compa\u00f1eros nominados entre ellos Pancho Barraza. El Mexicano Grupo Firme Codiciado Gerardo Ortiz Cristian Nodhal y muchos pero muchos m\u00e1s a que ext\u00e9rnen su opini\u00f3n al respecto ya que este tipejo Felipe Silva y sus mercachifles chayoteros&#8221;, dijo.<\/p>\n\n\n\n<p>Asegur\u00f3 que este empresario no entiende y ahora se fueron hasta la cocina demeritando los premios de una radio con Presencia a nivel nacional.<\/p>\n\n\n\n<p>&#8220;Que lastima que les duela la verdad y no tengan valor de dar la cara, m\u00e1s El Sapo Silva que ya quisiera tener un poquito de mi trayectoria y reconocimientos, pero en fin amigos ustedes son los que nos ponen en el lugar que merecemos y esta gente no deber\u00eda tener una o tres paginas como las tiene este se\u00f1or para desacreditar personas e instituciones R\u00e1diales a su antojo&#8221;, arremeti\u00f3.<\/p>\n\n\n\n<p>Hasta el momento este empresario no ha emitido declaraci\u00f3n al respecto.<\/p>\n\n\n\n<p> <\/p>\n","protected":false},"excerpt":{"rendered":"<p>El cantante Julio Preciado arremeti\u00f3 en contra del empresario de espect\u00e1culos en Mazatl\u00e1n Felipe Silva al asegurar que est\u00e1 detr\u00e1s de p\u00e1ginas de Facebook Falsas que buscan a toda costa desprestigiarlo y demeritar su trayectoria art\u00edstica. El Gigante de la Banda utiliz\u00f3 su cuenta oficial de Facebook para denunciar este hecho con la siguiente publicaci\u00f3n: [&hellip;]<\/p>\n","protected":false},"author":2,"featured_media":4187,"comment_status":"open","ping_status":"open","sticky":false,"template":"","format":"standard","meta":{"footnotes":""},"categories":[1],"tags":[],"yoast_head":"<!-- This site is optimized with the Yoast SEO plugin v21.7 - https:\/\/yoast.com\/wordpress\/plugins\/seo\/ -->\n<title>Arremete JULIO PRECIADO en contra del empresario Felipe Silva - Amo mi Mazatl\u00e1n<\/title>\n<meta name=\"robots\" content=\"index, follow, max-snippet:-1, max-image-preview:large, max-video-preview:-1\" \/>\n<link rel=\"canonical\" href=\"https:\/\/yoamomimazatlan.com\/?p=4186\" \/>\n<meta property=\"og:locale\" content=\"es_MX\" \/>\n<meta property=\"og:type\" content=\"article\" \/>\n<meta property=\"og:title\" content=\"Arremete JULIO PRECIADO en contra del empresario Felipe Silva - Amo mi Mazatl\u00e1n\" \/>\n<meta property=\"og:description\" content=\"El cantante Julio Preciado arremeti\u00f3 en contra del empresario de espect\u00e1culos en Mazatl\u00e1n Felipe Silva al asegurar que est\u00e1 detr\u00e1s de p\u00e1ginas de Facebook Falsas que buscan a toda costa desprestigiarlo y demeritar su trayectoria art\u00edstica. El Gigante de la Banda utiliz\u00f3 su cuenta oficial de Facebook para denunciar este hecho con la siguiente publicaci\u00f3n: [&hellip;]\" \/>\n<meta property=\"og:url\" content=\"https:\/\/yoamomimazatlan.com\/?p=4186\" \/>\n<meta property=\"og:site_name\" content=\"Amo mi Mazatl\u00e1n\" \/>\n<meta property=\"article:published_time\" content=\"2021-01-28T19:55:46+00:00\" \/>\n<meta property=\"article:modified_time\" content=\"2021-01-28T19:58:03+00:00\" \/>\n<meta property=\"og:image\" content=\"https:\/\/yoamomimazatlan.com\/wp-content\/uploads\/2021\/01\/portada-9-scaled.jpg\" \/>\n\t<meta property=\"og:image:width\" content=\"600\" \/>\n\t<meta property=\"og:image:height\" content=\"364\" \/>\n\t<meta property=\"og:image:type\" content=\"image\/jpeg\" \/>\n<meta name=\"author\" content=\"Luis Peraza\" \/>\n<meta name=\"twitter:card\" content=\"summary_large_image\" \/>\n<meta name=\"twitter:label1\" content=\"Escrito por\" \/>\n\t<meta name=\"twitter:data1\" content=\"Luis Peraza\" \/>\n\t<meta name=\"twitter:label2\" content=\"Tiempo de lectura\" \/>\n\t<meta name=\"twitter:data2\" content=\"2 minutos\" \/>\n<script type=\"application\/ld+json\" class=\"yoast-schema-graph\">{\"@context\":\"https:\/\/schema.org\",\"@graph\":[{\"@type\":\"WebPage\",\"@id\":\"https:\/\/yoamomimazatlan.com\/?p=4186\",\"url\":\"https:\/\/yoamomimazatlan.com\/?p=4186\",\"name\":\"Arremete JULIO PRECIADO en contra del empresario Felipe Silva - Amo mi Mazatl\u00e1n\",\"isPartOf\":{\"@id\":\"https:\/\/yoamomimazatlan.com\/#website\"},\"datePublished\":\"2021-01-28T19:55:46+00:00\",\"dateModified\":\"2021-01-28T19:58:03+00:00\",\"author\":{\"@id\":\"https:\/\/yoamomimazatlan.com\/#\/schema\/person\/5eb4abccc9443dff7750dbdd0a22c79e\"},\"breadcrumb\":{\"@id\":\"https:\/\/yoamomimazatlan.com\/?p=4186#breadcrumb\"},\"inLanguage\":\"es-MX\",\"potentialAction\":[{\"@type\":\"ReadAction\",\"target\":[\"https:\/\/yoamomimazatlan.com\/?p=4186\"]}]},{\"@type\":\"BreadcrumbList\",\"@id\":\"https:\/\/yoamomimazatlan.com\/?p=4186#breadcrumb\",\"itemListElement\":[{\"@type\":\"ListItem\",\"position\":1,\"name\":\"Inicio\",\"item\":\"https:\/\/yoamomimazatlan.com\/\"},{\"@type\":\"ListItem\",\"position\":2,\"name\":\"Arremete JULIO PRECIADO en contra del empresario Felipe Silva\"}]},{\"@type\":\"WebSite\",\"@id\":\"https:\/\/yoamomimazatlan.com\/#website\",\"url\":\"https:\/\/yoamomimazatlan.com\/\",\"name\":\"Amo mi Mazatl\u00e1n\",\"description\":\"Somos Pata Salada\",\"potentialAction\":[{\"@type\":\"SearchAction\",\"target\":{\"@type\":\"EntryPoint\",\"urlTemplate\":\"https:\/\/yoamomimazatlan.com\/?s={search_term_string}\"},\"query-input\":\"required name=search_term_string\"}],\"inLanguage\":\"es-MX\"},{\"@type\":\"Person\",\"@id\":\"https:\/\/yoamomimazatlan.com\/#\/schema\/person\/5eb4abccc9443dff7750dbdd0a22c79e\",\"name\":\"Luis Peraza\",\"image\":{\"@type\":\"ImageObject\",\"inLanguage\":\"es-MX\",\"@id\":\"https:\/\/yoamomimazatlan.com\/#\/schema\/person\/image\/\",\"url\":\"https:\/\/secure.gravatar.com\/avatar\/2829a2db2ad27a37cce4111a17f17d49?s=96&d=mm&r=g\",\"contentUrl\":\"https:\/\/secure.gravatar.com\/avatar\/2829a2db2ad27a37cce4111a17f17d49?s=96&d=mm&r=g\",\"caption\":\"Luis Peraza\"},\"url\":\"https:\/\/yoamomimazatlan.com\/?author=2\"}]}<\/script>\n<!-- \/ Yoast SEO plugin. -->","yoast_head_json":{"title":"Arremete JULIO PRECIADO en contra del empresario Felipe Silva - Amo mi Mazatl\u00e1n","robots":{"index":"index","follow":"follow","max-snippet":"max-snippet:-1","max-image-preview":"max-image-preview:large","max-video-preview":"max-video-preview:-1"},"canonical":"https:\/\/yoamomimazatlan.com\/?p=4186","og_locale":"es_MX","og_type":"article","og_title":"Arremete JULIO PRECIADO en contra del empresario Felipe Silva - Amo mi Mazatl\u00e1n","og_description":"El cantante Julio Preciado arremeti\u00f3 en contra del empresario de espect\u00e1culos en Mazatl\u00e1n Felipe Silva al asegurar que est\u00e1 detr\u00e1s de p\u00e1ginas de Facebook Falsas que buscan a toda costa desprestigiarlo y demeritar su trayectoria art\u00edstica. El Gigante de la Banda utiliz\u00f3 su cuenta oficial de Facebook para denunciar este hecho con la siguiente publicaci\u00f3n: [&hellip;]","og_url":"https:\/\/yoamomimazatlan.com\/?p=4186","og_site_name":"Amo mi Mazatl\u00e1n","article_published_time":"2021-01-28T19:55:46+00:00","article_modified_time":"2021-01-28T19:58:03+00:00","og_image":[{"width":600,"height":364,"url":"https:\/\/yoamomimazatlan.com\/wp-content\/uploads\/2021\/01\/portada-9-scaled.jpg","type":"image\/jpeg"}],"author":"Luis Peraza","twitter_card":"summary_large_image","twitter_misc":{"Escrito por":"Luis Peraza","Tiempo de lectura":"2 minutos"},"schema":{"@context":"https:\/\/schema.org","@graph":[{"@type":"WebPage","@id":"https:\/\/yoamomimazatlan.com\/?p=4186","url":"https:\/\/yoamomimazatlan.com\/?p=4186","name":"Arremete JULIO PRECIADO en contra del empresario Felipe Silva - Amo mi Mazatl\u00e1n","isPartOf":{"@id":"https:\/\/yoamomimazatlan.com\/#website"},"datePublished":"2021-01-28T19:55:46+00:00","dateModified":"2021-01-28T19:58:03+00:00","author":{"@id":"https:\/\/yoamomimazatlan.com\/#\/schema\/person\/5eb4abccc9443dff7750dbdd0a22c79e"},"breadcrumb":{"@id":"https:\/\/yoamomimazatlan.com\/?p=4186#breadcrumb"},"inLanguage":"es-MX","potentialAction":[{"@type":"ReadAction","target":["https:\/\/yoamomimazatlan.com\/?p=4186"]}]},{"@type":"BreadcrumbList","@id":"https:\/\/yoamomimazatlan.com\/?p=4186#breadcrumb","itemListElement":[{"@type":"ListItem","position":1,"name":"Inicio","item":"https:\/\/yoamomimazatlan.com\/"},{"@type":"ListItem","position":2,"name":"Arremete JULIO PRECIADO en contra del empresario Felipe Silva"}]},{"@type":"WebSite","@id":"https:\/\/yoamomimazatlan.com\/#website","url":"https:\/\/yoamomimazatlan.com\/","name":"Amo mi Mazatl\u00e1n","description":"Somos Pata Salada","potentialAction":[{"@type":"SearchAction","target":{"@type":"EntryPoint","urlTemplate":"https:\/\/yoamomimazatlan.com\/?s={search_term_string}"},"query-input":"required name=search_term_string"}],"inLanguage":"es-MX"},{"@type":"Person","@id":"https:\/\/yoamomimazatlan.com\/#\/schema\/person\/5eb4abccc9443dff7750dbdd0a22c79e","name":"Luis Peraza","image":{"@type":"ImageObject","inLanguage":"es-MX","@id":"https:\/\/yoamomimazatlan.com\/#\/schema\/person\/image\/","url":"https:\/\/secure.gravatar.com\/avatar\/2829a2db2ad27a37cce4111a17f17d49?s=96&d=mm&r=g","contentUrl":"https:\/\/secure.gravatar.com\/avatar\/2829a2db2ad27a37cce4111a17f17d49?s=96&d=mm&r=g","caption":"Luis Peraza"},"url":"https:\/\/yoamomimazatlan.com\/?author=2"}]}},"_links":{"self":[{"href":"https:\/\/yoamomimazatlan.com\/index.php?rest_route=\/wp\/v2\/posts\/4186"}],"collection":[{"href":"https:\/\/yoamomimazatlan.com\/index.php?rest_route=\/wp\/v2\/posts"}],"about":[{"href":"https:\/\/yoamomimazatlan.com\/index.php?rest_route=\/wp\/v2\/types\/post"}],"author":[{"embeddable":true,"href":"https:\/\/yoamomimazatlan.com\/index.php?rest_route=\/wp\/v2\/users\/2"}],"replies":[{"embeddable":true,"href":"https:\/\/yoamomimazatlan.com\/index.php?rest_route=%2Fwp%2Fv2%2Fcomments&post=4186"}],"version-history":[{"count":0,"href":"https:\/\/yoamomimazatlan.com\/index.php?rest_route=\/wp\/v2\/posts\/4186\/revisions"}],"wp:featuredmedia":[{"embeddable":true,"href":"https:\/\/yoamomimazatlan.com\/index.php?rest_route=\/wp\/v2\/media\/4187"}],"wp:attachment":[{"href":"https:\/\/yoamomimazatlan.com\/index.php?rest_route=%2Fwp%2Fv2%2Fmedia&parent=4186"}],"wp:term":[{"taxonomy":"category","embeddable":true,"href":"https:\/\/yoamomimazatlan.com\/index.php?rest_route=%2Fwp%2Fv2%2Fcategories&post=4186"},{"taxonomy":"post_tag","embeddable":true,"href":"https:\/\/yoamomimazatlan.com\/index.php?rest_route=%2Fwp%2Fv2%2Ftags&post=4186"}],"curies":[{"name":"wp","href":"https:\/\/api.w.org\/{rel}","templated":true}]}}