{"id":4465,"date":"2022-05-23T20:58:26","date_gmt":"2022-05-23T20:58:26","guid":{"rendered":"http:\/\/yoamomimazatlan.com\/?p=4465"},"modified":"2022-05-23T20:58:29","modified_gmt":"2022-05-23T20:58:29","slug":"mazatlan-primera-vez-con-stand-propio-en-tianguis-turistico","status":"publish","type":"post","link":"https:\/\/yoamomimazatlan.com\/?p=4465","title":{"rendered":"Mazatl\u00e1n: Primera vez con stand propio en Tianguis Tur\u00edstico"},"content":{"rendered":"\n<p>Esta ma\u00f1ana se realiz\u00f3 el corte de list\u00f3n inaugural de la Sala de Exposiciones de el Tianguis Tur\u00edstico en su edici\u00f3n n\u00famero 46, donde participan los destinos m\u00e1s importantes de M\u00e9xico y Mazatl\u00e1n tiene presencia por primera vez con un pabell\u00f3n propio, por ser un puerto de talla internacional, que representa el 80 por ciento de los visitantes que llegan a Sinaloa.<\/p>\n\n\n\n<p>En el acto estuvo presente el Alcalde Luis Guillermo Benitez Torres; el Secretario de Turismo Federal, Miguel Torruco Marqu\u00e9s; Presidente de Concanaco Servytur, H\u00e9ctor Tejada Shaar; la Gobernadora de Guerrero, Evelyn Salgado Pineda, el Director del Instituto de Cultura, Turismo y Arte, Jos\u00e9 \u00c1ngel Tostado Quevedo, Secretario de Desarrollo Econ\u00f3mico, Turismo y Pesca, Ricardo Velarde C\u00e1rdenas, la regidora Paulina Heredia, entre otros.<\/p>\n\n\n\n<p>Haciendo alusi\u00f3n a la m\u00e1xima fiesta porte\u00f1a con un dise\u00f1o que representa un carro aleg\u00f3rico, el pabell\u00f3n de Mazatl\u00e1n es una muestra de la alegr\u00eda de el carnaval, la gran agenda cultural, arquitectura, tradiciones, folclor y alegr\u00eda de los mazatlecos, mostrando la gran oferta tur\u00edstica con los que cuenta La Perla del Pac\u00edfico, para disfrute de los diferentes tipos de turismo que visitan el destino.<\/p>\n\n\n\n<p>El Qu\u00edmico Benitez, destac\u00f3 que el stand de Mazatl\u00e1n fue el primero que inauguraron en el evento tur\u00edstico por las autoridades y agradeci\u00f3 el trato que ha recibido, ya que reiter\u00f3 que su presencia es para promocionar el puerto, como nunca en la historia.<\/p>\n\n\n\n<p>Anunci\u00f3, adem\u00e1s que firm\u00f3 un convenio con el Fondo Mixto de Ciudad de M\u00e9xico para promocionar a Mazatl\u00e1n, ya que en paquete se van a promover, lo que permitir\u00e1 que la econom\u00eda mejore cada d\u00eda.<\/p>\n\n\n\n<p>\u201cMazatl\u00e1n representa el 80 por ciento del turismo de Sinaloa, no significa que nos dividamos, soy aliado del Gobernador, estamos juntos, vamos a potenciar el turismo de Sinaloa. Fue el primer stand que se inaugur\u00f3\u201d, coment\u00f3.<\/p>\n\n\n\n<p>El evento de talla internacional se realiza del el 23 al 25 de mayo en Acapulco, Guerrero y se encuentran representantes de 47 pa\u00edses.<\/p>\n","protected":false},"excerpt":{"rendered":"<p>Esta ma\u00f1ana se realiz\u00f3 el corte de list\u00f3n inaugural de la Sala de Exposiciones de el Tianguis Tur\u00edstico en su edici\u00f3n n\u00famero 46, donde participan los destinos m\u00e1s importantes de M\u00e9xico y Mazatl\u00e1n tiene presencia por primera vez con un pabell\u00f3n propio, por ser un puerto de talla internacional, que representa el 80 por ciento [&hellip;]<\/p>\n","protected":false},"author":2,"featured_media":4466,"comment_status":"open","ping_status":"open","sticky":false,"template":"","format":"standard","meta":{"footnotes":""},"categories":[1],"tags":[],"yoast_head":"<!-- This site is optimized with the Yoast SEO plugin v21.7 - https:\/\/yoast.com\/wordpress\/plugins\/seo\/ -->\n<title>Mazatl\u00e1n: Primera vez con stand propio en Tianguis Tur\u00edstico - Amo mi Mazatl\u00e1n<\/title>\n<meta name=\"robots\" content=\"index, follow, max-snippet:-1, max-image-preview:large, max-video-preview:-1\" \/>\n<link rel=\"canonical\" href=\"https:\/\/yoamomimazatlan.com\/?p=4465\" \/>\n<meta property=\"og:locale\" content=\"es_MX\" \/>\n<meta property=\"og:type\" content=\"article\" \/>\n<meta property=\"og:title\" content=\"Mazatl\u00e1n: Primera vez con stand propio en Tianguis Tur\u00edstico - Amo mi Mazatl\u00e1n\" \/>\n<meta property=\"og:description\" content=\"Esta ma\u00f1ana se realiz\u00f3 el corte de list\u00f3n inaugural de la Sala de Exposiciones de el Tianguis Tur\u00edstico en su edici\u00f3n n\u00famero 46, donde participan los destinos m\u00e1s importantes de M\u00e9xico y Mazatl\u00e1n tiene presencia por primera vez con un pabell\u00f3n propio, por ser un puerto de talla internacional, que representa el 80 por ciento [&hellip;]\" \/>\n<meta property=\"og:url\" content=\"https:\/\/yoamomimazatlan.com\/?p=4465\" \/>\n<meta property=\"og:site_name\" content=\"Amo mi Mazatl\u00e1n\" \/>\n<meta property=\"article:published_time\" content=\"2022-05-23T20:58:26+00:00\" \/>\n<meta property=\"article:modified_time\" content=\"2022-05-23T20:58:29+00:00\" \/>\n<meta property=\"og:image\" content=\"https:\/\/yoamomimazatlan.com\/wp-content\/uploads\/2022\/05\/WhatsApp-Image-2022-05-23-at-11.55.20-AM-scaled.jpeg\" \/>\n\t<meta property=\"og:image:width\" content=\"600\" \/>\n\t<meta property=\"og:image:height\" content=\"400\" \/>\n\t<meta property=\"og:image:type\" content=\"image\/jpeg\" \/>\n<meta name=\"author\" content=\"Luis Peraza\" \/>\n<meta name=\"twitter:card\" content=\"summary_large_image\" \/>\n<meta name=\"twitter:label1\" content=\"Escrito por\" \/>\n\t<meta name=\"twitter:data1\" content=\"Luis Peraza\" \/>\n\t<meta name=\"twitter:label2\" content=\"Tiempo de lectura\" \/>\n\t<meta name=\"twitter:data2\" content=\"2 minutos\" \/>\n<script type=\"application\/ld+json\" class=\"yoast-schema-graph\">{\"@context\":\"https:\/\/schema.org\",\"@graph\":[{\"@type\":\"WebPage\",\"@id\":\"https:\/\/yoamomimazatlan.com\/?p=4465\",\"url\":\"https:\/\/yoamomimazatlan.com\/?p=4465\",\"name\":\"Mazatl\u00e1n: Primera vez con stand propio en Tianguis Tur\u00edstico - Amo mi Mazatl\u00e1n\",\"isPartOf\":{\"@id\":\"https:\/\/yoamomimazatlan.com\/#website\"},\"datePublished\":\"2022-05-23T20:58:26+00:00\",\"dateModified\":\"2022-05-23T20:58:29+00:00\",\"author\":{\"@id\":\"https:\/\/yoamomimazatlan.com\/#\/schema\/person\/5eb4abccc9443dff7750dbdd0a22c79e\"},\"breadcrumb\":{\"@id\":\"https:\/\/yoamomimazatlan.com\/?p=4465#breadcrumb\"},\"inLanguage\":\"es-MX\",\"potentialAction\":[{\"@type\":\"ReadAction\",\"target\":[\"https:\/\/yoamomimazatlan.com\/?p=4465\"]}]},{\"@type\":\"BreadcrumbList\",\"@id\":\"https:\/\/yoamomimazatlan.com\/?p=4465#breadcrumb\",\"itemListElement\":[{\"@type\":\"ListItem\",\"position\":1,\"name\":\"Inicio\",\"item\":\"https:\/\/yoamomimazatlan.com\/\"},{\"@type\":\"ListItem\",\"position\":2,\"name\":\"Mazatl\u00e1n: Primera vez con stand propio en Tianguis Tur\u00edstico\"}]},{\"@type\":\"WebSite\",\"@id\":\"https:\/\/yoamomimazatlan.com\/#website\",\"url\":\"https:\/\/yoamomimazatlan.com\/\",\"name\":\"Amo mi Mazatl\u00e1n\",\"description\":\"Somos Pata Salada\",\"potentialAction\":[{\"@type\":\"SearchAction\",\"target\":{\"@type\":\"EntryPoint\",\"urlTemplate\":\"https:\/\/yoamomimazatlan.com\/?s={search_term_string}\"},\"query-input\":\"required name=search_term_string\"}],\"inLanguage\":\"es-MX\"},{\"@type\":\"Person\",\"@id\":\"https:\/\/yoamomimazatlan.com\/#\/schema\/person\/5eb4abccc9443dff7750dbdd0a22c79e\",\"name\":\"Luis Peraza\",\"image\":{\"@type\":\"ImageObject\",\"inLanguage\":\"es-MX\",\"@id\":\"https:\/\/yoamomimazatlan.com\/#\/schema\/person\/image\/\",\"url\":\"https:\/\/secure.gravatar.com\/avatar\/2829a2db2ad27a37cce4111a17f17d49?s=96&d=mm&r=g\",\"contentUrl\":\"https:\/\/secure.gravatar.com\/avatar\/2829a2db2ad27a37cce4111a17f17d49?s=96&d=mm&r=g\",\"caption\":\"Luis Peraza\"},\"url\":\"https:\/\/yoamomimazatlan.com\/?author=2\"}]}<\/script>\n<!-- \/ Yoast SEO plugin. -->","yoast_head_json":{"title":"Mazatl\u00e1n: Primera vez con stand propio en Tianguis Tur\u00edstico - Amo mi Mazatl\u00e1n","robots":{"index":"index","follow":"follow","max-snippet":"max-snippet:-1","max-image-preview":"max-image-preview:large","max-video-preview":"max-video-preview:-1"},"canonical":"https:\/\/yoamomimazatlan.com\/?p=4465","og_locale":"es_MX","og_type":"article","og_title":"Mazatl\u00e1n: Primera vez con stand propio en Tianguis Tur\u00edstico - Amo mi Mazatl\u00e1n","og_description":"Esta ma\u00f1ana se realiz\u00f3 el corte de list\u00f3n inaugural de la Sala de Exposiciones de el Tianguis Tur\u00edstico en su edici\u00f3n n\u00famero 46, donde participan los destinos m\u00e1s importantes de M\u00e9xico y Mazatl\u00e1n tiene presencia por primera vez con un pabell\u00f3n propio, por ser un puerto de talla internacional, que representa el 80 por ciento [&hellip;]","og_url":"https:\/\/yoamomimazatlan.com\/?p=4465","og_site_name":"Amo mi Mazatl\u00e1n","article_published_time":"2022-05-23T20:58:26+00:00","article_modified_time":"2022-05-23T20:58:29+00:00","og_image":[{"width":600,"height":400,"url":"https:\/\/yoamomimazatlan.com\/wp-content\/uploads\/2022\/05\/WhatsApp-Image-2022-05-23-at-11.55.20-AM-scaled.jpeg","type":"image\/jpeg"}],"author":"Luis Peraza","twitter_card":"summary_large_image","twitter_misc":{"Escrito por":"Luis Peraza","Tiempo de lectura":"2 minutos"},"schema":{"@context":"https:\/\/schema.org","@graph":[{"@type":"WebPage","@id":"https:\/\/yoamomimazatlan.com\/?p=4465","url":"https:\/\/yoamomimazatlan.com\/?p=4465","name":"Mazatl\u00e1n: Primera vez con stand propio en Tianguis Tur\u00edstico - Amo mi Mazatl\u00e1n","isPartOf":{"@id":"https:\/\/yoamomimazatlan.com\/#website"},"datePublished":"2022-05-23T20:58:26+00:00","dateModified":"2022-05-23T20:58:29+00:00","author":{"@id":"https:\/\/yoamomimazatlan.com\/#\/schema\/person\/5eb4abccc9443dff7750dbdd0a22c79e"},"breadcrumb":{"@id":"https:\/\/yoamomimazatlan.com\/?p=4465#breadcrumb"},"inLanguage":"es-MX","potentialAction":[{"@type":"ReadAction","target":["https:\/\/yoamomimazatlan.com\/?p=4465"]}]},{"@type":"BreadcrumbList","@id":"https:\/\/yoamomimazatlan.com\/?p=4465#breadcrumb","itemListElement":[{"@type":"ListItem","position":1,"name":"Inicio","item":"https:\/\/yoamomimazatlan.com\/"},{"@type":"ListItem","position":2,"name":"Mazatl\u00e1n: Primera vez con stand propio en Tianguis Tur\u00edstico"}]},{"@type":"WebSite","@id":"https:\/\/yoamomimazatlan.com\/#website","url":"https:\/\/yoamomimazatlan.com\/","name":"Amo mi Mazatl\u00e1n","description":"Somos Pata Salada","potentialAction":[{"@type":"SearchAction","target":{"@type":"EntryPoint","urlTemplate":"https:\/\/yoamomimazatlan.com\/?s={search_term_string}"},"query-input":"required name=search_term_string"}],"inLanguage":"es-MX"},{"@type":"Person","@id":"https:\/\/yoamomimazatlan.com\/#\/schema\/person\/5eb4abccc9443dff7750dbdd0a22c79e","name":"Luis Peraza","image":{"@type":"ImageObject","inLanguage":"es-MX","@id":"https:\/\/yoamomimazatlan.com\/#\/schema\/person\/image\/","url":"https:\/\/secure.gravatar.com\/avatar\/2829a2db2ad27a37cce4111a17f17d49?s=96&d=mm&r=g","contentUrl":"https:\/\/secure.gravatar.com\/avatar\/2829a2db2ad27a37cce4111a17f17d49?s=96&d=mm&r=g","caption":"Luis Peraza"},"url":"https:\/\/yoamomimazatlan.com\/?author=2"}]}},"_links":{"self":[{"href":"https:\/\/yoamomimazatlan.com\/index.php?rest_route=\/wp\/v2\/posts\/4465"}],"collection":[{"href":"https:\/\/yoamomimazatlan.com\/index.php?rest_route=\/wp\/v2\/posts"}],"about":[{"href":"https:\/\/yoamomimazatlan.com\/index.php?rest_route=\/wp\/v2\/types\/post"}],"author":[{"embeddable":true,"href":"https:\/\/yoamomimazatlan.com\/index.php?rest_route=\/wp\/v2\/users\/2"}],"replies":[{"embeddable":true,"href":"https:\/\/yoamomimazatlan.com\/index.php?rest_route=%2Fwp%2Fv2%2Fcomments&post=4465"}],"version-history":[{"count":0,"href":"https:\/\/yoamomimazatlan.com\/index.php?rest_route=\/wp\/v2\/posts\/4465\/revisions"}],"wp:featuredmedia":[{"embeddable":true,"href":"https:\/\/yoamomimazatlan.com\/index.php?rest_route=\/wp\/v2\/media\/4466"}],"wp:attachment":[{"href":"https:\/\/yoamomimazatlan.com\/index.php?rest_route=%2Fwp%2Fv2%2Fmedia&parent=4465"}],"wp:term":[{"taxonomy":"category","embeddable":true,"href":"https:\/\/yoamomimazatlan.com\/index.php?rest_route=%2Fwp%2Fv2%2Fcategories&post=4465"},{"taxonomy":"post_tag","embeddable":true,"href":"https:\/\/yoamomimazatlan.com\/index.php?rest_route=%2Fwp%2Fv2%2Ftags&post=4465"}],"curies":[{"name":"wp","href":"https:\/\/api.w.org\/{rel}","templated":true}]}}