{"id":4471,"date":"2022-05-25T00:22:33","date_gmt":"2022-05-25T00:22:33","guid":{"rendered":"http:\/\/yoamomimazatlan.com\/?p=4471"},"modified":"2022-05-25T00:26:31","modified_gmt":"2022-05-25T00:26:31","slug":"gobierno-municipal-va-por-mas-conectividad-area-aqui-los-detalles","status":"publish","type":"post","link":"https:\/\/yoamomimazatlan.com\/?p=4471","title":{"rendered":"Gobierno Municipal va por m\u00e1s conectividad \u00e1rea, aqu\u00ed los detalles"},"content":{"rendered":"\n<p>Con la visi\u00f3n de extender la conectividad \u00e1rea del puerto a todo M\u00e9xico y el extranjero, el Presidente Municipal, Luis Guillermo Benitez y la comitiva de funcionarios que lo acompa\u00f1aron, aprovecharon al m\u00e1ximo el stand de Mazatl\u00e1n en el Tianguis Tur\u00edstico de Acapulco para lograr convenios para m\u00e1s rutas con Aerom\u00e9xico y TAR.<\/p>\n\n\n\n<p>El Qu\u00edmico dijo estar feliz por los resultados que tuvo el stand de Mazatl\u00e1n, adem\u00e1s de refrendar y coincidir con visiones iguales en la promoci\u00f3n tur\u00edstica del pa\u00eds.<\/p>\n\n\n\n<p>\u201cVamos felices de regreso a Mazatl\u00e1n, con grandes acuerdos, grandes compromisos, con promesas y aceptaci\u00f3n de hermanamientos con ciudades claves de Mazatl\u00e1n\u201d, resalt\u00f3.<\/p>\n\n\n\n<p>La visi\u00f3n de conectividad con Aeromexico es aumentar el n\u00famero de vuelos con la Ciudad de M\u00e9xico y Tijuana, as\u00ed como lograr nuevas rutas. Con TAR el objetivo es conectar El Baj\u00edo con el Pac\u00edfico, y en un futuro cercano, El Paso, Texas y Mexicali con vuelos directos.<\/p>\n\n\n\n<p>El Alcalde, realiz\u00f3 tambi\u00e9n la firma de un convenio con Queer Destinations, una importante organizaci\u00f3n que promueve el turismo LGTQ+, que incluir\u00e1 a Mazatl\u00e1n como uno de sus destinos TOP 10 de M\u00e9xico preferidos por la comunidad.<\/p>\n\n\n\n<p>El Qu\u00edmico tambi\u00e9n sostuvo pl\u00e1ticas con autoridades municipales para el hermanamiento con Isla Mujeres e Izamal, con el Gobernador de Yucat\u00e1n acord\u00f3 firmar un convenio pr\u00f3ximamente para la capacitaci\u00f3n y certificaci\u00f3n de la polic\u00eda en Mazatl\u00e1n.<\/p>\n","protected":false},"excerpt":{"rendered":"<p>Con la visi\u00f3n de extender la conectividad \u00e1rea del puerto a todo M\u00e9xico y el extranjero, el Presidente Municipal, Luis Guillermo Benitez y la comitiva de funcionarios que lo acompa\u00f1aron, aprovecharon al m\u00e1ximo el stand de Mazatl\u00e1n en el Tianguis Tur\u00edstico de Acapulco para lograr convenios para m\u00e1s rutas con Aerom\u00e9xico y TAR. El Qu\u00edmico [&hellip;]<\/p>\n","protected":false},"author":2,"featured_media":4472,"comment_status":"open","ping_status":"open","sticky":false,"template":"","format":"standard","meta":{"footnotes":""},"categories":[1],"tags":[],"yoast_head":"<!-- This site is optimized with the Yoast SEO plugin v21.7 - https:\/\/yoast.com\/wordpress\/plugins\/seo\/ -->\n<title>Gobierno Municipal va por m\u00e1s conectividad \u00e1rea, aqu\u00ed los detalles - Amo mi Mazatl\u00e1n<\/title>\n<meta name=\"robots\" content=\"index, follow, max-snippet:-1, max-image-preview:large, max-video-preview:-1\" \/>\n<link rel=\"canonical\" href=\"https:\/\/yoamomimazatlan.com\/?p=4471\" \/>\n<meta property=\"og:locale\" content=\"es_MX\" \/>\n<meta property=\"og:type\" content=\"article\" \/>\n<meta property=\"og:title\" content=\"Gobierno Municipal va por m\u00e1s conectividad \u00e1rea, aqu\u00ed los detalles - Amo mi Mazatl\u00e1n\" \/>\n<meta property=\"og:description\" content=\"Con la visi\u00f3n de extender la conectividad \u00e1rea del puerto a todo M\u00e9xico y el extranjero, el Presidente Municipal, Luis Guillermo Benitez y la comitiva de funcionarios que lo acompa\u00f1aron, aprovecharon al m\u00e1ximo el stand de Mazatl\u00e1n en el Tianguis Tur\u00edstico de Acapulco para lograr convenios para m\u00e1s rutas con Aerom\u00e9xico y TAR. El Qu\u00edmico [&hellip;]\" \/>\n<meta property=\"og:url\" content=\"https:\/\/yoamomimazatlan.com\/?p=4471\" \/>\n<meta property=\"og:site_name\" content=\"Amo mi Mazatl\u00e1n\" \/>\n<meta property=\"article:published_time\" content=\"2022-05-25T00:22:33+00:00\" \/>\n<meta property=\"article:modified_time\" content=\"2022-05-25T00:26:31+00:00\" \/>\n<meta property=\"og:image\" content=\"https:\/\/yoamomimazatlan.com\/wp-content\/uploads\/2022\/05\/WhatsApp-Image-2022-05-24-at-6.04.34-PM-scaled.jpeg\" \/>\n\t<meta property=\"og:image:width\" content=\"580\" \/>\n\t<meta property=\"og:image:height\" content=\"400\" \/>\n\t<meta property=\"og:image:type\" content=\"image\/jpeg\" \/>\n<meta name=\"author\" content=\"Luis Peraza\" \/>\n<meta name=\"twitter:card\" content=\"summary_large_image\" \/>\n<meta name=\"twitter:label1\" content=\"Escrito por\" \/>\n\t<meta name=\"twitter:data1\" content=\"Luis Peraza\" \/>\n\t<meta name=\"twitter:label2\" content=\"Tiempo de lectura\" \/>\n\t<meta name=\"twitter:data2\" content=\"2 minutos\" \/>\n<script type=\"application\/ld+json\" class=\"yoast-schema-graph\">{\"@context\":\"https:\/\/schema.org\",\"@graph\":[{\"@type\":\"WebPage\",\"@id\":\"https:\/\/yoamomimazatlan.com\/?p=4471\",\"url\":\"https:\/\/yoamomimazatlan.com\/?p=4471\",\"name\":\"Gobierno Municipal va por m\u00e1s conectividad \u00e1rea, aqu\u00ed los detalles - Amo mi Mazatl\u00e1n\",\"isPartOf\":{\"@id\":\"https:\/\/yoamomimazatlan.com\/#website\"},\"datePublished\":\"2022-05-25T00:22:33+00:00\",\"dateModified\":\"2022-05-25T00:26:31+00:00\",\"author\":{\"@id\":\"https:\/\/yoamomimazatlan.com\/#\/schema\/person\/5eb4abccc9443dff7750dbdd0a22c79e\"},\"breadcrumb\":{\"@id\":\"https:\/\/yoamomimazatlan.com\/?p=4471#breadcrumb\"},\"inLanguage\":\"es-MX\",\"potentialAction\":[{\"@type\":\"ReadAction\",\"target\":[\"https:\/\/yoamomimazatlan.com\/?p=4471\"]}]},{\"@type\":\"BreadcrumbList\",\"@id\":\"https:\/\/yoamomimazatlan.com\/?p=4471#breadcrumb\",\"itemListElement\":[{\"@type\":\"ListItem\",\"position\":1,\"name\":\"Inicio\",\"item\":\"https:\/\/yoamomimazatlan.com\/\"},{\"@type\":\"ListItem\",\"position\":2,\"name\":\"Gobierno Municipal va por m\u00e1s conectividad \u00e1rea, aqu\u00ed los detalles\"}]},{\"@type\":\"WebSite\",\"@id\":\"https:\/\/yoamomimazatlan.com\/#website\",\"url\":\"https:\/\/yoamomimazatlan.com\/\",\"name\":\"Amo mi Mazatl\u00e1n\",\"description\":\"Somos Pata Salada\",\"potentialAction\":[{\"@type\":\"SearchAction\",\"target\":{\"@type\":\"EntryPoint\",\"urlTemplate\":\"https:\/\/yoamomimazatlan.com\/?s={search_term_string}\"},\"query-input\":\"required name=search_term_string\"}],\"inLanguage\":\"es-MX\"},{\"@type\":\"Person\",\"@id\":\"https:\/\/yoamomimazatlan.com\/#\/schema\/person\/5eb4abccc9443dff7750dbdd0a22c79e\",\"name\":\"Luis Peraza\",\"image\":{\"@type\":\"ImageObject\",\"inLanguage\":\"es-MX\",\"@id\":\"https:\/\/yoamomimazatlan.com\/#\/schema\/person\/image\/\",\"url\":\"https:\/\/secure.gravatar.com\/avatar\/2829a2db2ad27a37cce4111a17f17d49?s=96&d=mm&r=g\",\"contentUrl\":\"https:\/\/secure.gravatar.com\/avatar\/2829a2db2ad27a37cce4111a17f17d49?s=96&d=mm&r=g\",\"caption\":\"Luis Peraza\"},\"url\":\"https:\/\/yoamomimazatlan.com\/?author=2\"}]}<\/script>\n<!-- \/ Yoast SEO plugin. -->","yoast_head_json":{"title":"Gobierno Municipal va por m\u00e1s conectividad \u00e1rea, aqu\u00ed los detalles - Amo mi Mazatl\u00e1n","robots":{"index":"index","follow":"follow","max-snippet":"max-snippet:-1","max-image-preview":"max-image-preview:large","max-video-preview":"max-video-preview:-1"},"canonical":"https:\/\/yoamomimazatlan.com\/?p=4471","og_locale":"es_MX","og_type":"article","og_title":"Gobierno Municipal va por m\u00e1s conectividad \u00e1rea, aqu\u00ed los detalles - Amo mi Mazatl\u00e1n","og_description":"Con la visi\u00f3n de extender la conectividad \u00e1rea del puerto a todo M\u00e9xico y el extranjero, el Presidente Municipal, Luis Guillermo Benitez y la comitiva de funcionarios que lo acompa\u00f1aron, aprovecharon al m\u00e1ximo el stand de Mazatl\u00e1n en el Tianguis Tur\u00edstico de Acapulco para lograr convenios para m\u00e1s rutas con Aerom\u00e9xico y TAR. El Qu\u00edmico [&hellip;]","og_url":"https:\/\/yoamomimazatlan.com\/?p=4471","og_site_name":"Amo mi Mazatl\u00e1n","article_published_time":"2022-05-25T00:22:33+00:00","article_modified_time":"2022-05-25T00:26:31+00:00","og_image":[{"width":580,"height":400,"url":"https:\/\/yoamomimazatlan.com\/wp-content\/uploads\/2022\/05\/WhatsApp-Image-2022-05-24-at-6.04.34-PM-scaled.jpeg","type":"image\/jpeg"}],"author":"Luis Peraza","twitter_card":"summary_large_image","twitter_misc":{"Escrito por":"Luis Peraza","Tiempo de lectura":"2 minutos"},"schema":{"@context":"https:\/\/schema.org","@graph":[{"@type":"WebPage","@id":"https:\/\/yoamomimazatlan.com\/?p=4471","url":"https:\/\/yoamomimazatlan.com\/?p=4471","name":"Gobierno Municipal va por m\u00e1s conectividad \u00e1rea, aqu\u00ed los detalles - Amo mi Mazatl\u00e1n","isPartOf":{"@id":"https:\/\/yoamomimazatlan.com\/#website"},"datePublished":"2022-05-25T00:22:33+00:00","dateModified":"2022-05-25T00:26:31+00:00","author":{"@id":"https:\/\/yoamomimazatlan.com\/#\/schema\/person\/5eb4abccc9443dff7750dbdd0a22c79e"},"breadcrumb":{"@id":"https:\/\/yoamomimazatlan.com\/?p=4471#breadcrumb"},"inLanguage":"es-MX","potentialAction":[{"@type":"ReadAction","target":["https:\/\/yoamomimazatlan.com\/?p=4471"]}]},{"@type":"BreadcrumbList","@id":"https:\/\/yoamomimazatlan.com\/?p=4471#breadcrumb","itemListElement":[{"@type":"ListItem","position":1,"name":"Inicio","item":"https:\/\/yoamomimazatlan.com\/"},{"@type":"ListItem","position":2,"name":"Gobierno Municipal va por m\u00e1s conectividad \u00e1rea, aqu\u00ed los detalles"}]},{"@type":"WebSite","@id":"https:\/\/yoamomimazatlan.com\/#website","url":"https:\/\/yoamomimazatlan.com\/","name":"Amo mi Mazatl\u00e1n","description":"Somos Pata Salada","potentialAction":[{"@type":"SearchAction","target":{"@type":"EntryPoint","urlTemplate":"https:\/\/yoamomimazatlan.com\/?s={search_term_string}"},"query-input":"required name=search_term_string"}],"inLanguage":"es-MX"},{"@type":"Person","@id":"https:\/\/yoamomimazatlan.com\/#\/schema\/person\/5eb4abccc9443dff7750dbdd0a22c79e","name":"Luis Peraza","image":{"@type":"ImageObject","inLanguage":"es-MX","@id":"https:\/\/yoamomimazatlan.com\/#\/schema\/person\/image\/","url":"https:\/\/secure.gravatar.com\/avatar\/2829a2db2ad27a37cce4111a17f17d49?s=96&d=mm&r=g","contentUrl":"https:\/\/secure.gravatar.com\/avatar\/2829a2db2ad27a37cce4111a17f17d49?s=96&d=mm&r=g","caption":"Luis Peraza"},"url":"https:\/\/yoamomimazatlan.com\/?author=2"}]}},"_links":{"self":[{"href":"https:\/\/yoamomimazatlan.com\/index.php?rest_route=\/wp\/v2\/posts\/4471"}],"collection":[{"href":"https:\/\/yoamomimazatlan.com\/index.php?rest_route=\/wp\/v2\/posts"}],"about":[{"href":"https:\/\/yoamomimazatlan.com\/index.php?rest_route=\/wp\/v2\/types\/post"}],"author":[{"embeddable":true,"href":"https:\/\/yoamomimazatlan.com\/index.php?rest_route=\/wp\/v2\/users\/2"}],"replies":[{"embeddable":true,"href":"https:\/\/yoamomimazatlan.com\/index.php?rest_route=%2Fwp%2Fv2%2Fcomments&post=4471"}],"version-history":[{"count":0,"href":"https:\/\/yoamomimazatlan.com\/index.php?rest_route=\/wp\/v2\/posts\/4471\/revisions"}],"wp:featuredmedia":[{"embeddable":true,"href":"https:\/\/yoamomimazatlan.com\/index.php?rest_route=\/wp\/v2\/media\/4472"}],"wp:attachment":[{"href":"https:\/\/yoamomimazatlan.com\/index.php?rest_route=%2Fwp%2Fv2%2Fmedia&parent=4471"}],"wp:term":[{"taxonomy":"category","embeddable":true,"href":"https:\/\/yoamomimazatlan.com\/index.php?rest_route=%2Fwp%2Fv2%2Fcategories&post=4471"},{"taxonomy":"post_tag","embeddable":true,"href":"https:\/\/yoamomimazatlan.com\/index.php?rest_route=%2Fwp%2Fv2%2Ftags&post=4471"}],"curies":[{"name":"wp","href":"https:\/\/api.w.org\/{rel}","templated":true}]}}