{"id":4905,"date":"2022-07-26T20:43:23","date_gmt":"2022-07-26T20:43:23","guid":{"rendered":"http:\/\/yoamomimazatlan.com\/?p=4905"},"modified":"2022-07-26T20:43:26","modified_gmt":"2022-07-26T20:43:26","slug":"gobierno-municipal-y-sistema-dif-dan-inicio-a-la-campana-de-apoyo-sumate","status":"publish","type":"post","link":"https:\/\/yoamomimazatlan.com\/?p=4905","title":{"rendered":"Gobierno Municipal y Sistema DIF dan inicio a la campa\u00f1a de apoyo \u2018S\u00famate\u2019"},"content":{"rendered":"\n<p>Gobierno Municipal y el Sistema DIF Mazatl\u00e1n arrancaron la campa\u00f1a \u2018S\u00famate\u2019, la cual busca recolectar ropa, art\u00edculos de higiene personal y alimentos no perecederos que posteriormente ser\u00e1n destinados a personas en situaci\u00f3n de emergencia ante la presencia de la temporada de huracanes.<\/p>\n\n\n\n<p>El banderazo de inicio se dio en la explanada de la plazuela Rep\u00fablica, encabezado por el Alcalde Luis Guillermo Benitez Torres y la directora de la instituci\u00f3n Brenda Borboa Sarabia, acompa\u00f1ados de un grupo de funcionarios y regidores.<\/p>\n\n\n\n<p>En su participaci\u00f3n, Borboa Sarabia asegur\u00f3 que el objetivo principal de esta jornada es apoyar, con esa calidad humana que distingue a la instituci\u00f3n.<\/p>\n\n\n\n<p>\u201cNosotros tenemos la obligaci\u00f3n de ayudar a las personas que m\u00e1s lo necesitan, y no ser\u00e1 la excepci\u00f3n en estos momentos, es por eso que, por instrucciones de nuestro Alcalde, damos inicio a esta campa\u00f1a que consiste en recolectar v\u00edveres, ropa y todo lo que podamos traer; est\u00e1 la invitaci\u00f3n para los funcionarios, empresarios y a todo el p\u00fablico en general, para que se una a esta campa\u00f1a y estar prevenidos en caso de desastres naturales \u201cagreg\u00f3.<\/p>\n\n\n\n<p>Por su parte Benitez Torres, pidi\u00f3 a los directivos de la paramunicipal que la entrega de lo recolectado sea transparente, para que se note que la labor de la instituci\u00f3n es esa, servir a los que menos tienen.<\/p>\n\n\n\n<p>\u201cPor eso estoy contento porque s\u00e9 que todos van a poner un granito de arena, incluy\u00e9ndome. Todo lo que sea necesario vamos a aportar, invitando a los regidores, a nuestros funcionarios, a nuestros trabajadores, cualquiera puede traer a donar algo\u201d, coment\u00f3.<\/p>\n\n\n\n<p>El mun\u00edcipe hizo un llamado a los empresarios a sumarse a esta campa\u00f1a como una oportunidad de ayudar, y pidi\u00f3 que de sus utilidades donen para el que menos tiene, en caso de una eventualidad.<\/p>\n\n\n\n<p>La campa\u00f1a concluir\u00e1 el pr\u00f3ximo viernes y los horarios en que los ciudadanos pueden pasar a dejar su ayuda es de 09.00 a 15:00 horas, en el m\u00f3dulo que se ubica frente al edificio del Palacio Municipal.<\/p>\n","protected":false},"excerpt":{"rendered":"<p>Gobierno Municipal y el Sistema DIF Mazatl\u00e1n arrancaron la campa\u00f1a \u2018S\u00famate\u2019, la cual busca recolectar ropa, art\u00edculos de higiene personal y alimentos no perecederos que posteriormente ser\u00e1n destinados a personas en situaci\u00f3n de emergencia ante la presencia de la temporada de huracanes. El banderazo de inicio se dio en la explanada de la plazuela Rep\u00fablica, [&hellip;]<\/p>\n","protected":false},"author":2,"featured_media":4906,"comment_status":"open","ping_status":"open","sticky":false,"template":"","format":"standard","meta":{"footnotes":""},"categories":[1],"tags":[],"yoast_head":"<!-- This site is optimized with the Yoast SEO plugin v21.7 - https:\/\/yoast.com\/wordpress\/plugins\/seo\/ -->\n<title>Gobierno Municipal y Sistema DIF dan inicio a la campa\u00f1a de apoyo \u2018S\u00famate\u2019 - Amo mi Mazatl\u00e1n<\/title>\n<meta name=\"robots\" content=\"index, follow, max-snippet:-1, max-image-preview:large, max-video-preview:-1\" \/>\n<link rel=\"canonical\" href=\"https:\/\/yoamomimazatlan.com\/?p=4905\" \/>\n<meta property=\"og:locale\" content=\"es_MX\" \/>\n<meta property=\"og:type\" content=\"article\" \/>\n<meta property=\"og:title\" content=\"Gobierno Municipal y Sistema DIF dan inicio a la campa\u00f1a de apoyo \u2018S\u00famate\u2019 - Amo mi Mazatl\u00e1n\" \/>\n<meta property=\"og:description\" content=\"Gobierno Municipal y el Sistema DIF Mazatl\u00e1n arrancaron la campa\u00f1a \u2018S\u00famate\u2019, la cual busca recolectar ropa, art\u00edculos de higiene personal y alimentos no perecederos que posteriormente ser\u00e1n destinados a personas en situaci\u00f3n de emergencia ante la presencia de la temporada de huracanes. El banderazo de inicio se dio en la explanada de la plazuela Rep\u00fablica, [&hellip;]\" \/>\n<meta property=\"og:url\" content=\"https:\/\/yoamomimazatlan.com\/?p=4905\" \/>\n<meta property=\"og:site_name\" content=\"Amo mi Mazatl\u00e1n\" \/>\n<meta property=\"article:published_time\" content=\"2022-07-26T20:43:23+00:00\" \/>\n<meta property=\"article:modified_time\" content=\"2022-07-26T20:43:26+00:00\" \/>\n<meta property=\"og:image\" content=\"https:\/\/yoamomimazatlan.com\/wp-content\/uploads\/2022\/07\/WhatsApp-Image-2022-07-25-at-12.52.31-PM-scaled.jpeg\" \/>\n\t<meta property=\"og:image:width\" content=\"600\" \/>\n\t<meta property=\"og:image:height\" content=\"400\" \/>\n\t<meta property=\"og:image:type\" content=\"image\/jpeg\" \/>\n<meta name=\"author\" content=\"Luis Peraza\" \/>\n<meta name=\"twitter:card\" content=\"summary_large_image\" \/>\n<meta name=\"twitter:label1\" content=\"Escrito por\" \/>\n\t<meta name=\"twitter:data1\" content=\"Luis Peraza\" \/>\n\t<meta name=\"twitter:label2\" content=\"Tiempo de lectura\" \/>\n\t<meta name=\"twitter:data2\" content=\"2 minutos\" \/>\n<script type=\"application\/ld+json\" class=\"yoast-schema-graph\">{\"@context\":\"https:\/\/schema.org\",\"@graph\":[{\"@type\":\"WebPage\",\"@id\":\"https:\/\/yoamomimazatlan.com\/?p=4905\",\"url\":\"https:\/\/yoamomimazatlan.com\/?p=4905\",\"name\":\"Gobierno Municipal y Sistema DIF dan inicio a la campa\u00f1a de apoyo \u2018S\u00famate\u2019 - Amo mi Mazatl\u00e1n\",\"isPartOf\":{\"@id\":\"https:\/\/yoamomimazatlan.com\/#website\"},\"datePublished\":\"2022-07-26T20:43:23+00:00\",\"dateModified\":\"2022-07-26T20:43:26+00:00\",\"author\":{\"@id\":\"https:\/\/yoamomimazatlan.com\/#\/schema\/person\/5eb4abccc9443dff7750dbdd0a22c79e\"},\"breadcrumb\":{\"@id\":\"https:\/\/yoamomimazatlan.com\/?p=4905#breadcrumb\"},\"inLanguage\":\"es-MX\",\"potentialAction\":[{\"@type\":\"ReadAction\",\"target\":[\"https:\/\/yoamomimazatlan.com\/?p=4905\"]}]},{\"@type\":\"BreadcrumbList\",\"@id\":\"https:\/\/yoamomimazatlan.com\/?p=4905#breadcrumb\",\"itemListElement\":[{\"@type\":\"ListItem\",\"position\":1,\"name\":\"Inicio\",\"item\":\"https:\/\/yoamomimazatlan.com\/\"},{\"@type\":\"ListItem\",\"position\":2,\"name\":\"Gobierno Municipal y Sistema DIF dan inicio a la campa\u00f1a de apoyo \u2018S\u00famate\u2019\"}]},{\"@type\":\"WebSite\",\"@id\":\"https:\/\/yoamomimazatlan.com\/#website\",\"url\":\"https:\/\/yoamomimazatlan.com\/\",\"name\":\"Amo mi Mazatl\u00e1n\",\"description\":\"Somos Pata Salada\",\"potentialAction\":[{\"@type\":\"SearchAction\",\"target\":{\"@type\":\"EntryPoint\",\"urlTemplate\":\"https:\/\/yoamomimazatlan.com\/?s={search_term_string}\"},\"query-input\":\"required name=search_term_string\"}],\"inLanguage\":\"es-MX\"},{\"@type\":\"Person\",\"@id\":\"https:\/\/yoamomimazatlan.com\/#\/schema\/person\/5eb4abccc9443dff7750dbdd0a22c79e\",\"name\":\"Luis Peraza\",\"image\":{\"@type\":\"ImageObject\",\"inLanguage\":\"es-MX\",\"@id\":\"https:\/\/yoamomimazatlan.com\/#\/schema\/person\/image\/\",\"url\":\"https:\/\/secure.gravatar.com\/avatar\/2829a2db2ad27a37cce4111a17f17d49?s=96&d=mm&r=g\",\"contentUrl\":\"https:\/\/secure.gravatar.com\/avatar\/2829a2db2ad27a37cce4111a17f17d49?s=96&d=mm&r=g\",\"caption\":\"Luis Peraza\"},\"url\":\"https:\/\/yoamomimazatlan.com\/?author=2\"}]}<\/script>\n<!-- \/ Yoast SEO plugin. -->","yoast_head_json":{"title":"Gobierno Municipal y Sistema DIF dan inicio a la campa\u00f1a de apoyo \u2018S\u00famate\u2019 - Amo mi Mazatl\u00e1n","robots":{"index":"index","follow":"follow","max-snippet":"max-snippet:-1","max-image-preview":"max-image-preview:large","max-video-preview":"max-video-preview:-1"},"canonical":"https:\/\/yoamomimazatlan.com\/?p=4905","og_locale":"es_MX","og_type":"article","og_title":"Gobierno Municipal y Sistema DIF dan inicio a la campa\u00f1a de apoyo \u2018S\u00famate\u2019 - Amo mi Mazatl\u00e1n","og_description":"Gobierno Municipal y el Sistema DIF Mazatl\u00e1n arrancaron la campa\u00f1a \u2018S\u00famate\u2019, la cual busca recolectar ropa, art\u00edculos de higiene personal y alimentos no perecederos que posteriormente ser\u00e1n destinados a personas en situaci\u00f3n de emergencia ante la presencia de la temporada de huracanes. El banderazo de inicio se dio en la explanada de la plazuela Rep\u00fablica, [&hellip;]","og_url":"https:\/\/yoamomimazatlan.com\/?p=4905","og_site_name":"Amo mi Mazatl\u00e1n","article_published_time":"2022-07-26T20:43:23+00:00","article_modified_time":"2022-07-26T20:43:26+00:00","og_image":[{"width":600,"height":400,"url":"https:\/\/yoamomimazatlan.com\/wp-content\/uploads\/2022\/07\/WhatsApp-Image-2022-07-25-at-12.52.31-PM-scaled.jpeg","type":"image\/jpeg"}],"author":"Luis Peraza","twitter_card":"summary_large_image","twitter_misc":{"Escrito por":"Luis Peraza","Tiempo de lectura":"2 minutos"},"schema":{"@context":"https:\/\/schema.org","@graph":[{"@type":"WebPage","@id":"https:\/\/yoamomimazatlan.com\/?p=4905","url":"https:\/\/yoamomimazatlan.com\/?p=4905","name":"Gobierno Municipal y Sistema DIF dan inicio a la campa\u00f1a de apoyo \u2018S\u00famate\u2019 - Amo mi Mazatl\u00e1n","isPartOf":{"@id":"https:\/\/yoamomimazatlan.com\/#website"},"datePublished":"2022-07-26T20:43:23+00:00","dateModified":"2022-07-26T20:43:26+00:00","author":{"@id":"https:\/\/yoamomimazatlan.com\/#\/schema\/person\/5eb4abccc9443dff7750dbdd0a22c79e"},"breadcrumb":{"@id":"https:\/\/yoamomimazatlan.com\/?p=4905#breadcrumb"},"inLanguage":"es-MX","potentialAction":[{"@type":"ReadAction","target":["https:\/\/yoamomimazatlan.com\/?p=4905"]}]},{"@type":"BreadcrumbList","@id":"https:\/\/yoamomimazatlan.com\/?p=4905#breadcrumb","itemListElement":[{"@type":"ListItem","position":1,"name":"Inicio","item":"https:\/\/yoamomimazatlan.com\/"},{"@type":"ListItem","position":2,"name":"Gobierno Municipal y Sistema DIF dan inicio a la campa\u00f1a de apoyo \u2018S\u00famate\u2019"}]},{"@type":"WebSite","@id":"https:\/\/yoamomimazatlan.com\/#website","url":"https:\/\/yoamomimazatlan.com\/","name":"Amo mi Mazatl\u00e1n","description":"Somos Pata Salada","potentialAction":[{"@type":"SearchAction","target":{"@type":"EntryPoint","urlTemplate":"https:\/\/yoamomimazatlan.com\/?s={search_term_string}"},"query-input":"required name=search_term_string"}],"inLanguage":"es-MX"},{"@type":"Person","@id":"https:\/\/yoamomimazatlan.com\/#\/schema\/person\/5eb4abccc9443dff7750dbdd0a22c79e","name":"Luis Peraza","image":{"@type":"ImageObject","inLanguage":"es-MX","@id":"https:\/\/yoamomimazatlan.com\/#\/schema\/person\/image\/","url":"https:\/\/secure.gravatar.com\/avatar\/2829a2db2ad27a37cce4111a17f17d49?s=96&d=mm&r=g","contentUrl":"https:\/\/secure.gravatar.com\/avatar\/2829a2db2ad27a37cce4111a17f17d49?s=96&d=mm&r=g","caption":"Luis Peraza"},"url":"https:\/\/yoamomimazatlan.com\/?author=2"}]}},"_links":{"self":[{"href":"https:\/\/yoamomimazatlan.com\/index.php?rest_route=\/wp\/v2\/posts\/4905"}],"collection":[{"href":"https:\/\/yoamomimazatlan.com\/index.php?rest_route=\/wp\/v2\/posts"}],"about":[{"href":"https:\/\/yoamomimazatlan.com\/index.php?rest_route=\/wp\/v2\/types\/post"}],"author":[{"embeddable":true,"href":"https:\/\/yoamomimazatlan.com\/index.php?rest_route=\/wp\/v2\/users\/2"}],"replies":[{"embeddable":true,"href":"https:\/\/yoamomimazatlan.com\/index.php?rest_route=%2Fwp%2Fv2%2Fcomments&post=4905"}],"version-history":[{"count":0,"href":"https:\/\/yoamomimazatlan.com\/index.php?rest_route=\/wp\/v2\/posts\/4905\/revisions"}],"wp:featuredmedia":[{"embeddable":true,"href":"https:\/\/yoamomimazatlan.com\/index.php?rest_route=\/wp\/v2\/media\/4906"}],"wp:attachment":[{"href":"https:\/\/yoamomimazatlan.com\/index.php?rest_route=%2Fwp%2Fv2%2Fmedia&parent=4905"}],"wp:term":[{"taxonomy":"category","embeddable":true,"href":"https:\/\/yoamomimazatlan.com\/index.php?rest_route=%2Fwp%2Fv2%2Fcategories&post=4905"},{"taxonomy":"post_tag","embeddable":true,"href":"https:\/\/yoamomimazatlan.com\/index.php?rest_route=%2Fwp%2Fv2%2Ftags&post=4905"}],"curies":[{"name":"wp","href":"https:\/\/api.w.org\/{rel}","templated":true}]}}