{"id":5096,"date":"2022-08-29T02:37:58","date_gmt":"2022-08-29T02:37:58","guid":{"rendered":"http:\/\/yoamomimazatlan.com\/?p=5096"},"modified":"2022-08-29T02:38:00","modified_gmt":"2022-08-29T02:38:00","slug":"gobierno-municipal-y-sistema-dif-mazatlan-celebran-a-los-abuelitos-y-adultos-mayores","status":"publish","type":"post","link":"https:\/\/yoamomimazatlan.com\/?p=5096","title":{"rendered":"Gobierno Municipal y Sistema DIF Mazatl\u00e1n celebran a los abuelitos y adultos mayores"},"content":{"rendered":"\n<p>En un verdadero festival de m\u00fasica, baile, alegr\u00eda y convivencia, se convirti\u00f3 un homenaje a cientos de personas con motivo del D\u00eda del Abuelo y el Adulto Mayor, organizado por el Sistema DIF Mazatl\u00e1n en coordinaci\u00f3n con el Gobierno Municipal.<\/p>\n\n\n\n<p>A la celebraci\u00f3n acudieron como invitados especiales el Alcalde Luis Guillermo Benitez Torres, el Director del Instituto de Cultura, Jos\u00e9 \u00c1ngel Tostado Quevedo, Carolina P\u00e9rez e Ivanna Matamoros, reinas del Carnaval Internacional Mazatl\u00e1n y de los Juegos Florales 2022, respectivamente, y como anfitriona fungi\u00f3 la directora de DIF Mazatl\u00e1n, Brenda Borboa Sarabia,<\/p>\n\n\n\n<p>En su mensaje el Presidente Municipal destac\u00f3 que en lo personal se siente orgulloso de ser abuelo y las ganas de trabajar a\u00fan no se le quitan.<\/p>\n\n\n\n<p>\u201cDios me dio la oportunidad de estar aqu\u00ed y disfrutar este festejo muy merecido por cierto. Les deseo de coraz\u00f3n que la pasen muy bien, que se diviertan mucho, que disfruten, y que disfrutemos el tiempo que nos queda de vida\u201d, les dese\u00f3.<\/p>\n\n\n\n<p>Por su parte Borboa Sarabia, agradeci\u00f3 la asistencia de las autoridades municipales y de los festejados; reconoci\u00f3 que en este Gobierno se est\u00e1 trabajando para los Adultos Mayores.<\/p>\n\n\n\n<p>\u201cEstoy muy contenta de estar con todos ustedes y de verdad es una fiesta para todos ustedes. Quiero decirles que en este Gobierno de la Cuarta Trasformaci\u00f3n, estamos trabajando por y para ustedes, y realmente me siento muy honrada de estar aqu\u00ed, en este Sistema DIF y estamos aqu\u00ed para servirles\u201d, manifest\u00f3.<\/p>\n\n\n\n<p>El Alcalde, Luis Guillermo Benitez Torres, y la Directora, Brenda Borboa, fueron quienes coronaron a los nuevos soberanos del festejo, Margarita I y Gabriel I<\/p>\n","protected":false},"excerpt":{"rendered":"<p>En un verdadero festival de m\u00fasica, baile, alegr\u00eda y convivencia, se convirti\u00f3 un homenaje a cientos de personas con motivo del D\u00eda del Abuelo y el Adulto Mayor, organizado por el Sistema DIF Mazatl\u00e1n en coordinaci\u00f3n con el Gobierno Municipal. A la celebraci\u00f3n acudieron como invitados especiales el Alcalde Luis Guillermo Benitez Torres, el Director [&hellip;]<\/p>\n","protected":false},"author":2,"featured_media":5097,"comment_status":"open","ping_status":"open","sticky":false,"template":"","format":"standard","meta":{"footnotes":""},"categories":[1],"tags":[],"yoast_head":"<!-- This site is optimized with the Yoast SEO plugin v21.7 - https:\/\/yoast.com\/wordpress\/plugins\/seo\/ -->\n<title>Gobierno Municipal y Sistema DIF Mazatl\u00e1n celebran a los abuelitos y adultos mayores - Amo mi Mazatl\u00e1n<\/title>\n<meta name=\"robots\" content=\"index, follow, max-snippet:-1, max-image-preview:large, max-video-preview:-1\" \/>\n<link rel=\"canonical\" href=\"https:\/\/yoamomimazatlan.com\/?p=5096\" \/>\n<meta property=\"og:locale\" content=\"es_MX\" \/>\n<meta property=\"og:type\" content=\"article\" \/>\n<meta property=\"og:title\" content=\"Gobierno Municipal y Sistema DIF Mazatl\u00e1n celebran a los abuelitos y adultos mayores - Amo mi Mazatl\u00e1n\" \/>\n<meta property=\"og:description\" content=\"En un verdadero festival de m\u00fasica, baile, alegr\u00eda y convivencia, se convirti\u00f3 un homenaje a cientos de personas con motivo del D\u00eda del Abuelo y el Adulto Mayor, organizado por el Sistema DIF Mazatl\u00e1n en coordinaci\u00f3n con el Gobierno Municipal. A la celebraci\u00f3n acudieron como invitados especiales el Alcalde Luis Guillermo Benitez Torres, el Director [&hellip;]\" \/>\n<meta property=\"og:url\" content=\"https:\/\/yoamomimazatlan.com\/?p=5096\" \/>\n<meta property=\"og:site_name\" content=\"Amo mi Mazatl\u00e1n\" \/>\n<meta property=\"article:published_time\" content=\"2022-08-29T02:37:58+00:00\" \/>\n<meta property=\"article:modified_time\" content=\"2022-08-29T02:38:00+00:00\" \/>\n<meta property=\"og:image\" content=\"https:\/\/yoamomimazatlan.com\/wp-content\/uploads\/2022\/08\/WhatsApp-Image-2022-08-28-at-8.27.58-PM-scaled.jpeg\" \/>\n\t<meta property=\"og:image:width\" content=\"600\" \/>\n\t<meta property=\"og:image:height\" content=\"400\" \/>\n\t<meta property=\"og:image:type\" content=\"image\/jpeg\" \/>\n<meta name=\"author\" content=\"Luis Peraza\" \/>\n<meta name=\"twitter:card\" content=\"summary_large_image\" \/>\n<meta name=\"twitter:label1\" content=\"Escrito por\" \/>\n\t<meta name=\"twitter:data1\" content=\"Luis Peraza\" \/>\n\t<meta name=\"twitter:label2\" content=\"Tiempo de lectura\" \/>\n\t<meta name=\"twitter:data2\" content=\"2 minutos\" \/>\n<script type=\"application\/ld+json\" class=\"yoast-schema-graph\">{\"@context\":\"https:\/\/schema.org\",\"@graph\":[{\"@type\":\"WebPage\",\"@id\":\"https:\/\/yoamomimazatlan.com\/?p=5096\",\"url\":\"https:\/\/yoamomimazatlan.com\/?p=5096\",\"name\":\"Gobierno Municipal y Sistema DIF Mazatl\u00e1n celebran a los abuelitos y adultos mayores - Amo mi Mazatl\u00e1n\",\"isPartOf\":{\"@id\":\"https:\/\/yoamomimazatlan.com\/#website\"},\"datePublished\":\"2022-08-29T02:37:58+00:00\",\"dateModified\":\"2022-08-29T02:38:00+00:00\",\"author\":{\"@id\":\"https:\/\/yoamomimazatlan.com\/#\/schema\/person\/5eb4abccc9443dff7750dbdd0a22c79e\"},\"breadcrumb\":{\"@id\":\"https:\/\/yoamomimazatlan.com\/?p=5096#breadcrumb\"},\"inLanguage\":\"es-MX\",\"potentialAction\":[{\"@type\":\"ReadAction\",\"target\":[\"https:\/\/yoamomimazatlan.com\/?p=5096\"]}]},{\"@type\":\"BreadcrumbList\",\"@id\":\"https:\/\/yoamomimazatlan.com\/?p=5096#breadcrumb\",\"itemListElement\":[{\"@type\":\"ListItem\",\"position\":1,\"name\":\"Inicio\",\"item\":\"https:\/\/yoamomimazatlan.com\/\"},{\"@type\":\"ListItem\",\"position\":2,\"name\":\"Gobierno Municipal y Sistema DIF Mazatl\u00e1n celebran a los abuelitos y adultos mayores\"}]},{\"@type\":\"WebSite\",\"@id\":\"https:\/\/yoamomimazatlan.com\/#website\",\"url\":\"https:\/\/yoamomimazatlan.com\/\",\"name\":\"Amo mi Mazatl\u00e1n\",\"description\":\"Somos Pata Salada\",\"potentialAction\":[{\"@type\":\"SearchAction\",\"target\":{\"@type\":\"EntryPoint\",\"urlTemplate\":\"https:\/\/yoamomimazatlan.com\/?s={search_term_string}\"},\"query-input\":\"required name=search_term_string\"}],\"inLanguage\":\"es-MX\"},{\"@type\":\"Person\",\"@id\":\"https:\/\/yoamomimazatlan.com\/#\/schema\/person\/5eb4abccc9443dff7750dbdd0a22c79e\",\"name\":\"Luis Peraza\",\"image\":{\"@type\":\"ImageObject\",\"inLanguage\":\"es-MX\",\"@id\":\"https:\/\/yoamomimazatlan.com\/#\/schema\/person\/image\/\",\"url\":\"https:\/\/secure.gravatar.com\/avatar\/2829a2db2ad27a37cce4111a17f17d49?s=96&d=mm&r=g\",\"contentUrl\":\"https:\/\/secure.gravatar.com\/avatar\/2829a2db2ad27a37cce4111a17f17d49?s=96&d=mm&r=g\",\"caption\":\"Luis Peraza\"},\"url\":\"https:\/\/yoamomimazatlan.com\/?author=2\"}]}<\/script>\n<!-- \/ Yoast SEO plugin. -->","yoast_head_json":{"title":"Gobierno Municipal y Sistema DIF Mazatl\u00e1n celebran a los abuelitos y adultos mayores - Amo mi Mazatl\u00e1n","robots":{"index":"index","follow":"follow","max-snippet":"max-snippet:-1","max-image-preview":"max-image-preview:large","max-video-preview":"max-video-preview:-1"},"canonical":"https:\/\/yoamomimazatlan.com\/?p=5096","og_locale":"es_MX","og_type":"article","og_title":"Gobierno Municipal y Sistema DIF Mazatl\u00e1n celebran a los abuelitos y adultos mayores - Amo mi Mazatl\u00e1n","og_description":"En un verdadero festival de m\u00fasica, baile, alegr\u00eda y convivencia, se convirti\u00f3 un homenaje a cientos de personas con motivo del D\u00eda del Abuelo y el Adulto Mayor, organizado por el Sistema DIF Mazatl\u00e1n en coordinaci\u00f3n con el Gobierno Municipal. A la celebraci\u00f3n acudieron como invitados especiales el Alcalde Luis Guillermo Benitez Torres, el Director [&hellip;]","og_url":"https:\/\/yoamomimazatlan.com\/?p=5096","og_site_name":"Amo mi Mazatl\u00e1n","article_published_time":"2022-08-29T02:37:58+00:00","article_modified_time":"2022-08-29T02:38:00+00:00","og_image":[{"width":600,"height":400,"url":"https:\/\/yoamomimazatlan.com\/wp-content\/uploads\/2022\/08\/WhatsApp-Image-2022-08-28-at-8.27.58-PM-scaled.jpeg","type":"image\/jpeg"}],"author":"Luis Peraza","twitter_card":"summary_large_image","twitter_misc":{"Escrito por":"Luis Peraza","Tiempo de lectura":"2 minutos"},"schema":{"@context":"https:\/\/schema.org","@graph":[{"@type":"WebPage","@id":"https:\/\/yoamomimazatlan.com\/?p=5096","url":"https:\/\/yoamomimazatlan.com\/?p=5096","name":"Gobierno Municipal y Sistema DIF Mazatl\u00e1n celebran a los abuelitos y adultos mayores - Amo mi Mazatl\u00e1n","isPartOf":{"@id":"https:\/\/yoamomimazatlan.com\/#website"},"datePublished":"2022-08-29T02:37:58+00:00","dateModified":"2022-08-29T02:38:00+00:00","author":{"@id":"https:\/\/yoamomimazatlan.com\/#\/schema\/person\/5eb4abccc9443dff7750dbdd0a22c79e"},"breadcrumb":{"@id":"https:\/\/yoamomimazatlan.com\/?p=5096#breadcrumb"},"inLanguage":"es-MX","potentialAction":[{"@type":"ReadAction","target":["https:\/\/yoamomimazatlan.com\/?p=5096"]}]},{"@type":"BreadcrumbList","@id":"https:\/\/yoamomimazatlan.com\/?p=5096#breadcrumb","itemListElement":[{"@type":"ListItem","position":1,"name":"Inicio","item":"https:\/\/yoamomimazatlan.com\/"},{"@type":"ListItem","position":2,"name":"Gobierno Municipal y Sistema DIF Mazatl\u00e1n celebran a los abuelitos y adultos mayores"}]},{"@type":"WebSite","@id":"https:\/\/yoamomimazatlan.com\/#website","url":"https:\/\/yoamomimazatlan.com\/","name":"Amo mi Mazatl\u00e1n","description":"Somos Pata Salada","potentialAction":[{"@type":"SearchAction","target":{"@type":"EntryPoint","urlTemplate":"https:\/\/yoamomimazatlan.com\/?s={search_term_string}"},"query-input":"required name=search_term_string"}],"inLanguage":"es-MX"},{"@type":"Person","@id":"https:\/\/yoamomimazatlan.com\/#\/schema\/person\/5eb4abccc9443dff7750dbdd0a22c79e","name":"Luis Peraza","image":{"@type":"ImageObject","inLanguage":"es-MX","@id":"https:\/\/yoamomimazatlan.com\/#\/schema\/person\/image\/","url":"https:\/\/secure.gravatar.com\/avatar\/2829a2db2ad27a37cce4111a17f17d49?s=96&d=mm&r=g","contentUrl":"https:\/\/secure.gravatar.com\/avatar\/2829a2db2ad27a37cce4111a17f17d49?s=96&d=mm&r=g","caption":"Luis Peraza"},"url":"https:\/\/yoamomimazatlan.com\/?author=2"}]}},"_links":{"self":[{"href":"https:\/\/yoamomimazatlan.com\/index.php?rest_route=\/wp\/v2\/posts\/5096"}],"collection":[{"href":"https:\/\/yoamomimazatlan.com\/index.php?rest_route=\/wp\/v2\/posts"}],"about":[{"href":"https:\/\/yoamomimazatlan.com\/index.php?rest_route=\/wp\/v2\/types\/post"}],"author":[{"embeddable":true,"href":"https:\/\/yoamomimazatlan.com\/index.php?rest_route=\/wp\/v2\/users\/2"}],"replies":[{"embeddable":true,"href":"https:\/\/yoamomimazatlan.com\/index.php?rest_route=%2Fwp%2Fv2%2Fcomments&post=5096"}],"version-history":[{"count":0,"href":"https:\/\/yoamomimazatlan.com\/index.php?rest_route=\/wp\/v2\/posts\/5096\/revisions"}],"wp:featuredmedia":[{"embeddable":true,"href":"https:\/\/yoamomimazatlan.com\/index.php?rest_route=\/wp\/v2\/media\/5097"}],"wp:attachment":[{"href":"https:\/\/yoamomimazatlan.com\/index.php?rest_route=%2Fwp%2Fv2%2Fmedia&parent=5096"}],"wp:term":[{"taxonomy":"category","embeddable":true,"href":"https:\/\/yoamomimazatlan.com\/index.php?rest_route=%2Fwp%2Fv2%2Fcategories&post=5096"},{"taxonomy":"post_tag","embeddable":true,"href":"https:\/\/yoamomimazatlan.com\/index.php?rest_route=%2Fwp%2Fv2%2Ftags&post=5096"}],"curies":[{"name":"wp","href":"https:\/\/api.w.org\/{rel}","templated":true}]}}