{"id":5617,"date":"2022-11-05T20:14:34","date_gmt":"2022-11-05T20:14:34","guid":{"rendered":"http:\/\/yoamomimazatlan.com\/?p=5617"},"modified":"2022-11-05T20:14:36","modified_gmt":"2022-11-05T20:14:36","slug":"raul-rico-gonzalez-asume-la-direccion-general-de-cultura","status":"publish","type":"post","link":"https:\/\/yoamomimazatlan.com\/?p=5617","title":{"rendered":"Ra\u00fal Rico Gonz\u00e1lez asume la direcci\u00f3n general de Cultura"},"content":{"rendered":"\n<p>Ra\u00fal Rico Gonz\u00e1lez rindi\u00f3 protesta esta ma\u00f1ana como Director General del Instituto de Cultura, Turismo y Arte de Mazatl\u00e1n.<\/p>\n\n\n\n<p>Su nombramiento fue aprobado por unanimidad por los integrantes del Consejo de Administraci\u00f3n de la paramunicipal.<\/p>\n\n\n\n<p>La sesi\u00f3n de Consejo, realizada en la Galer\u00eda \u00c1ngela Peralta, estuvo presidida por el Presidente Municipal de Mazatl\u00e1n, Edgar Gonz\u00e1lez Zatarain, quien anunci\u00f3 la integraci\u00f3n de Rodolfo Cardona P\u00e9rez en la direcci\u00f3n de Administraci\u00f3n y Finanzas.<\/p>\n\n\n\n<p>Al anunciar el nombramiento, el Presidente Municipal de Mazatl\u00e1n, Edgar Gonz\u00e1lez Zatarain, se refiri\u00f3 a Ra\u00fal Rico como un hombre que sabe conciliar los conflictos, unificar en el tema cultural y estabilizar el tema financiero.<\/p>\n\n\n\n<p>El Alcalde destac\u00f3 que el nuevo director de Cultura tendr\u00e1 la gran responsabilidad de aplicar el presupuesto para que haya un equilibrio en las finanzas y que lo que se gasta tenga un sentido social, cultural y sin derroches.<br>Respecto al equipo de trabajo, el Primer Edil precis\u00f3 que su integraci\u00f3n ser\u00e1 responsabilidad del nuevo titular de la paramunicipal.<\/p>\n\n\n\n<p>Ante representantes de medios de comunicaci\u00f3n, destac\u00f3 que la nueva administraci\u00f3n de Cultura tendr\u00e1 que sacar adelante el proyecto cultural y art\u00edstico de Mazatl\u00e1n, sin demeritar eventos que ya son una tradici\u00f3n como el Carnaval, en atenci\u00f3n a una instrucci\u00f3n muy precisa del Gobernador de Sinaloa, Rub\u00e9n Rocha Moya.<\/p>\n\n\n\n<p>A su vez, Ra\u00fal Rico Gonz\u00e1lez manifest\u00f3 que har\u00e1 una valoraci\u00f3n de las condiciones en las que se encuentra el Instituto de Cultura y en funci\u00f3n de eso, se tomar\u00e1n decisiones para sacar adelante el proyecto cultural del municipio.<\/p>\n\n\n\n<p>Rico Gonz\u00e1lez enfatiz\u00f3 que una prioridad ser\u00e1 rehacer el proyecto educativo que se desarrolla a trav\u00e9s de las escuelas y talleres del Centro Municipal de Artes, en donde se han formado artistas que destacan en la escena nacional e internacional.<\/p>\n\n\n\n<p>\u201cSi dejamos que se nos vaya de las manos, Mazatl\u00e1n estar\u00eda perdiendo lo que hab\u00eda logrado\u201d, puntualiz\u00f3.<\/p>\n","protected":false},"excerpt":{"rendered":"<p>Ra\u00fal Rico Gonz\u00e1lez rindi\u00f3 protesta esta ma\u00f1ana como Director General del Instituto de Cultura, Turismo y Arte de Mazatl\u00e1n. Su nombramiento fue aprobado por unanimidad por los integrantes del Consejo de Administraci\u00f3n de la paramunicipal. La sesi\u00f3n de Consejo, realizada en la Galer\u00eda \u00c1ngela Peralta, estuvo presidida por el Presidente Municipal de Mazatl\u00e1n, Edgar Gonz\u00e1lez [&hellip;]<\/p>\n","protected":false},"author":2,"featured_media":5618,"comment_status":"open","ping_status":"open","sticky":false,"template":"","format":"standard","meta":{"footnotes":""},"categories":[1],"tags":[],"yoast_head":"<!-- This site is optimized with the Yoast SEO plugin v21.7 - https:\/\/yoast.com\/wordpress\/plugins\/seo\/ -->\n<title>Ra\u00fal Rico Gonz\u00e1lez asume la direcci\u00f3n general de Cultura - Amo mi Mazatl\u00e1n<\/title>\n<meta name=\"robots\" content=\"index, follow, max-snippet:-1, max-image-preview:large, max-video-preview:-1\" \/>\n<link rel=\"canonical\" href=\"https:\/\/yoamomimazatlan.com\/?p=5617\" \/>\n<meta property=\"og:locale\" content=\"es_MX\" \/>\n<meta property=\"og:type\" content=\"article\" \/>\n<meta property=\"og:title\" content=\"Ra\u00fal Rico Gonz\u00e1lez asume la direcci\u00f3n general de Cultura - Amo mi Mazatl\u00e1n\" \/>\n<meta property=\"og:description\" content=\"Ra\u00fal Rico Gonz\u00e1lez rindi\u00f3 protesta esta ma\u00f1ana como Director General del Instituto de Cultura, Turismo y Arte de Mazatl\u00e1n. Su nombramiento fue aprobado por unanimidad por los integrantes del Consejo de Administraci\u00f3n de la paramunicipal. La sesi\u00f3n de Consejo, realizada en la Galer\u00eda \u00c1ngela Peralta, estuvo presidida por el Presidente Municipal de Mazatl\u00e1n, Edgar Gonz\u00e1lez [&hellip;]\" \/>\n<meta property=\"og:url\" content=\"https:\/\/yoamomimazatlan.com\/?p=5617\" \/>\n<meta property=\"og:site_name\" content=\"Amo mi Mazatl\u00e1n\" \/>\n<meta property=\"article:published_time\" content=\"2022-11-05T20:14:34+00:00\" \/>\n<meta property=\"article:modified_time\" content=\"2022-11-05T20:14:36+00:00\" \/>\n<meta property=\"og:image\" content=\"https:\/\/yoamomimazatlan.com\/wp-content\/uploads\/2022\/11\/WhatsApp-Image-2022-11-05-at-1.10.10-PM-scaled.jpeg\" \/>\n\t<meta property=\"og:image:width\" content=\"600\" \/>\n\t<meta property=\"og:image:height\" content=\"400\" \/>\n\t<meta property=\"og:image:type\" content=\"image\/jpeg\" \/>\n<meta name=\"author\" content=\"Luis Peraza\" \/>\n<meta name=\"twitter:card\" content=\"summary_large_image\" \/>\n<meta name=\"twitter:label1\" content=\"Escrito por\" \/>\n\t<meta name=\"twitter:data1\" content=\"Luis Peraza\" \/>\n\t<meta name=\"twitter:label2\" content=\"Tiempo de lectura\" \/>\n\t<meta name=\"twitter:data2\" content=\"2 minutos\" \/>\n<script type=\"application\/ld+json\" class=\"yoast-schema-graph\">{\"@context\":\"https:\/\/schema.org\",\"@graph\":[{\"@type\":\"WebPage\",\"@id\":\"https:\/\/yoamomimazatlan.com\/?p=5617\",\"url\":\"https:\/\/yoamomimazatlan.com\/?p=5617\",\"name\":\"Ra\u00fal Rico Gonz\u00e1lez asume la direcci\u00f3n general de Cultura - Amo mi Mazatl\u00e1n\",\"isPartOf\":{\"@id\":\"https:\/\/yoamomimazatlan.com\/#website\"},\"datePublished\":\"2022-11-05T20:14:34+00:00\",\"dateModified\":\"2022-11-05T20:14:36+00:00\",\"author\":{\"@id\":\"https:\/\/yoamomimazatlan.com\/#\/schema\/person\/5eb4abccc9443dff7750dbdd0a22c79e\"},\"breadcrumb\":{\"@id\":\"https:\/\/yoamomimazatlan.com\/?p=5617#breadcrumb\"},\"inLanguage\":\"es-MX\",\"potentialAction\":[{\"@type\":\"ReadAction\",\"target\":[\"https:\/\/yoamomimazatlan.com\/?p=5617\"]}]},{\"@type\":\"BreadcrumbList\",\"@id\":\"https:\/\/yoamomimazatlan.com\/?p=5617#breadcrumb\",\"itemListElement\":[{\"@type\":\"ListItem\",\"position\":1,\"name\":\"Inicio\",\"item\":\"https:\/\/yoamomimazatlan.com\/\"},{\"@type\":\"ListItem\",\"position\":2,\"name\":\"Ra\u00fal Rico Gonz\u00e1lez asume la direcci\u00f3n general de Cultura\"}]},{\"@type\":\"WebSite\",\"@id\":\"https:\/\/yoamomimazatlan.com\/#website\",\"url\":\"https:\/\/yoamomimazatlan.com\/\",\"name\":\"Amo mi Mazatl\u00e1n\",\"description\":\"Somos Pata Salada\",\"potentialAction\":[{\"@type\":\"SearchAction\",\"target\":{\"@type\":\"EntryPoint\",\"urlTemplate\":\"https:\/\/yoamomimazatlan.com\/?s={search_term_string}\"},\"query-input\":\"required name=search_term_string\"}],\"inLanguage\":\"es-MX\"},{\"@type\":\"Person\",\"@id\":\"https:\/\/yoamomimazatlan.com\/#\/schema\/person\/5eb4abccc9443dff7750dbdd0a22c79e\",\"name\":\"Luis Peraza\",\"image\":{\"@type\":\"ImageObject\",\"inLanguage\":\"es-MX\",\"@id\":\"https:\/\/yoamomimazatlan.com\/#\/schema\/person\/image\/\",\"url\":\"https:\/\/secure.gravatar.com\/avatar\/2829a2db2ad27a37cce4111a17f17d49?s=96&d=mm&r=g\",\"contentUrl\":\"https:\/\/secure.gravatar.com\/avatar\/2829a2db2ad27a37cce4111a17f17d49?s=96&d=mm&r=g\",\"caption\":\"Luis Peraza\"},\"url\":\"https:\/\/yoamomimazatlan.com\/?author=2\"}]}<\/script>\n<!-- \/ Yoast SEO plugin. -->","yoast_head_json":{"title":"Ra\u00fal Rico Gonz\u00e1lez asume la direcci\u00f3n general de Cultura - Amo mi Mazatl\u00e1n","robots":{"index":"index","follow":"follow","max-snippet":"max-snippet:-1","max-image-preview":"max-image-preview:large","max-video-preview":"max-video-preview:-1"},"canonical":"https:\/\/yoamomimazatlan.com\/?p=5617","og_locale":"es_MX","og_type":"article","og_title":"Ra\u00fal Rico Gonz\u00e1lez asume la direcci\u00f3n general de Cultura - Amo mi Mazatl\u00e1n","og_description":"Ra\u00fal Rico Gonz\u00e1lez rindi\u00f3 protesta esta ma\u00f1ana como Director General del Instituto de Cultura, Turismo y Arte de Mazatl\u00e1n. Su nombramiento fue aprobado por unanimidad por los integrantes del Consejo de Administraci\u00f3n de la paramunicipal. La sesi\u00f3n de Consejo, realizada en la Galer\u00eda \u00c1ngela Peralta, estuvo presidida por el Presidente Municipal de Mazatl\u00e1n, Edgar Gonz\u00e1lez [&hellip;]","og_url":"https:\/\/yoamomimazatlan.com\/?p=5617","og_site_name":"Amo mi Mazatl\u00e1n","article_published_time":"2022-11-05T20:14:34+00:00","article_modified_time":"2022-11-05T20:14:36+00:00","og_image":[{"width":600,"height":400,"url":"https:\/\/yoamomimazatlan.com\/wp-content\/uploads\/2022\/11\/WhatsApp-Image-2022-11-05-at-1.10.10-PM-scaled.jpeg","type":"image\/jpeg"}],"author":"Luis Peraza","twitter_card":"summary_large_image","twitter_misc":{"Escrito por":"Luis Peraza","Tiempo de lectura":"2 minutos"},"schema":{"@context":"https:\/\/schema.org","@graph":[{"@type":"WebPage","@id":"https:\/\/yoamomimazatlan.com\/?p=5617","url":"https:\/\/yoamomimazatlan.com\/?p=5617","name":"Ra\u00fal Rico Gonz\u00e1lez asume la direcci\u00f3n general de Cultura - Amo mi Mazatl\u00e1n","isPartOf":{"@id":"https:\/\/yoamomimazatlan.com\/#website"},"datePublished":"2022-11-05T20:14:34+00:00","dateModified":"2022-11-05T20:14:36+00:00","author":{"@id":"https:\/\/yoamomimazatlan.com\/#\/schema\/person\/5eb4abccc9443dff7750dbdd0a22c79e"},"breadcrumb":{"@id":"https:\/\/yoamomimazatlan.com\/?p=5617#breadcrumb"},"inLanguage":"es-MX","potentialAction":[{"@type":"ReadAction","target":["https:\/\/yoamomimazatlan.com\/?p=5617"]}]},{"@type":"BreadcrumbList","@id":"https:\/\/yoamomimazatlan.com\/?p=5617#breadcrumb","itemListElement":[{"@type":"ListItem","position":1,"name":"Inicio","item":"https:\/\/yoamomimazatlan.com\/"},{"@type":"ListItem","position":2,"name":"Ra\u00fal Rico Gonz\u00e1lez asume la direcci\u00f3n general de Cultura"}]},{"@type":"WebSite","@id":"https:\/\/yoamomimazatlan.com\/#website","url":"https:\/\/yoamomimazatlan.com\/","name":"Amo mi Mazatl\u00e1n","description":"Somos Pata Salada","potentialAction":[{"@type":"SearchAction","target":{"@type":"EntryPoint","urlTemplate":"https:\/\/yoamomimazatlan.com\/?s={search_term_string}"},"query-input":"required name=search_term_string"}],"inLanguage":"es-MX"},{"@type":"Person","@id":"https:\/\/yoamomimazatlan.com\/#\/schema\/person\/5eb4abccc9443dff7750dbdd0a22c79e","name":"Luis Peraza","image":{"@type":"ImageObject","inLanguage":"es-MX","@id":"https:\/\/yoamomimazatlan.com\/#\/schema\/person\/image\/","url":"https:\/\/secure.gravatar.com\/avatar\/2829a2db2ad27a37cce4111a17f17d49?s=96&d=mm&r=g","contentUrl":"https:\/\/secure.gravatar.com\/avatar\/2829a2db2ad27a37cce4111a17f17d49?s=96&d=mm&r=g","caption":"Luis Peraza"},"url":"https:\/\/yoamomimazatlan.com\/?author=2"}]}},"_links":{"self":[{"href":"https:\/\/yoamomimazatlan.com\/index.php?rest_route=\/wp\/v2\/posts\/5617"}],"collection":[{"href":"https:\/\/yoamomimazatlan.com\/index.php?rest_route=\/wp\/v2\/posts"}],"about":[{"href":"https:\/\/yoamomimazatlan.com\/index.php?rest_route=\/wp\/v2\/types\/post"}],"author":[{"embeddable":true,"href":"https:\/\/yoamomimazatlan.com\/index.php?rest_route=\/wp\/v2\/users\/2"}],"replies":[{"embeddable":true,"href":"https:\/\/yoamomimazatlan.com\/index.php?rest_route=%2Fwp%2Fv2%2Fcomments&post=5617"}],"version-history":[{"count":0,"href":"https:\/\/yoamomimazatlan.com\/index.php?rest_route=\/wp\/v2\/posts\/5617\/revisions"}],"wp:featuredmedia":[{"embeddable":true,"href":"https:\/\/yoamomimazatlan.com\/index.php?rest_route=\/wp\/v2\/media\/5618"}],"wp:attachment":[{"href":"https:\/\/yoamomimazatlan.com\/index.php?rest_route=%2Fwp%2Fv2%2Fmedia&parent=5617"}],"wp:term":[{"taxonomy":"category","embeddable":true,"href":"https:\/\/yoamomimazatlan.com\/index.php?rest_route=%2Fwp%2Fv2%2Fcategories&post=5617"},{"taxonomy":"post_tag","embeddable":true,"href":"https:\/\/yoamomimazatlan.com\/index.php?rest_route=%2Fwp%2Fv2%2Ftags&post=5617"}],"curies":[{"name":"wp","href":"https:\/\/api.w.org\/{rel}","templated":true}]}}