{"id":5691,"date":"2022-11-24T20:36:19","date_gmt":"2022-11-24T20:36:19","guid":{"rendered":"http:\/\/yoamomimazatlan.com\/?p=5691"},"modified":"2022-11-24T20:36:21","modified_gmt":"2022-11-24T20:36:21","slug":"gobierno-municipal-reconoce-al-beisbolista-campeon-de-grandes-ligas-y-mazatleco-distinguido-jose-luis-urquidy","status":"publish","type":"post","link":"https:\/\/yoamomimazatlan.com\/?p=5691","title":{"rendered":"Gobierno Municipal reconoce al beisbolista campe\u00f3n de Grandes Ligas y mazatleco distinguido Jos\u00e9 Luis Urquidy"},"content":{"rendered":"\n<p>Apoyar, impulsar y reconocer el talento mazatleco es de suma importancia para el Gobierno de Mazatl\u00e1n, por ello, la ma\u00f1ana de este jueves, el Alcalde, Edgar Gonz\u00e1lez Zatarain, acompa\u00f1ado de su esposa, la Presidenta del Sistema DIF Municipal, Mar\u00eda Teresa Apodaca de Gonz\u00e1lez, y el Secretario del Ayuntamiento, Rafael Mendoza, entregaron un especial reconocimiento al deportista mazatleco Jos\u00e9 Luis Urquidy.<\/p>\n\n\n\n<p>La sala de Cabildo municipal se engalan\u00f3 con la presencia del destacado beisbolista, quien estuvo acompa\u00f1ado de su esposa, Estefan\u00eda Dur\u00e1n, sus padres, familiares y amigos.<\/p>\n\n\n\n<p>El Primer Edil destac\u00f3 la importante trayectoria del beisbolista a nivel nacional e internacional y su reciente campeonato de la Serie Mundial 2022 con el equipo Astros de Houston. Mencion\u00f3 que es honorable que Jos\u00e9 Luis Urquidy ponga en alto el nombre y el talento que Mazatl\u00e1n tiene para ofrecer.<\/p>\n\n\n\n<p>\u201cHoy, este d\u00eda celebramos la historia de \u00e9xito de un mazatleco que ha puesto el nombre de su tierra muy en alto a su paso por el b\u00e9isbol profesional. Para el Ayuntamiento de Mazatl\u00e1n, es un honor ofrecer este merecido reconocimiento a quien, con talento, dedicaci\u00f3n y disciplina, supo ganarse un lugar y ser estelar en el mejor b\u00e9isbol del mundo. Los logros jam\u00e1s pasan a pesar de que el tiempo y las d\u00e9cadas siguen pasando, eso queda en el coraz\u00f3n de los mazatlecos, de los sinaloenses, de los mexicanos. Este momento tambi\u00e9n quedar\u00e1 grabado para este cabildo, para este recinto\u201d, destac\u00f3.<\/p>\n\n\n\n<p>Por su parte, Jos\u00e9 Luis Urquidy agradeci\u00f3 el reconocimiento a su desempe\u00f1o. Resalt\u00f3 la importancia que representa el tener la oportunidad de enaltecer al puerto y ser un ejemplo a seguir para los deportistas locales.<\/p>\n\n\n\n<p>\u201cEste reconocimiento que recibo me da mucha emoci\u00f3n, me da mucha motivaci\u00f3n para seguir siendo un ciudadano ejemplar, un deportista ejemplar para todos los ni\u00f1os, las nuevas generaciones que vienen en camino, cr\u00e9anme que me motiva para seguir si\u00e9ndolo, y muy contento de estar aqu\u00ed y por las palabras que me acaba de decir el Presidente\u201d, se\u00f1al\u00f3.<\/p>\n\n\n\n<p>Jos\u00e9 Luis Urquidy tambi\u00e9n entreg\u00f3 al Alcalde una casaca autografiada.<\/p>\n","protected":false},"excerpt":{"rendered":"<p>Apoyar, impulsar y reconocer el talento mazatleco es de suma importancia para el Gobierno de Mazatl\u00e1n, por ello, la ma\u00f1ana de este jueves, el Alcalde, Edgar Gonz\u00e1lez Zatarain, acompa\u00f1ado de su esposa, la Presidenta del Sistema DIF Municipal, Mar\u00eda Teresa Apodaca de Gonz\u00e1lez, y el Secretario del Ayuntamiento, Rafael Mendoza, entregaron un especial reconocimiento al [&hellip;]<\/p>\n","protected":false},"author":2,"featured_media":5693,"comment_status":"open","ping_status":"open","sticky":false,"template":"","format":"standard","meta":{"footnotes":""},"categories":[1],"tags":[],"yoast_head":"<!-- This site is optimized with the Yoast SEO plugin v21.7 - https:\/\/yoast.com\/wordpress\/plugins\/seo\/ -->\n<title>Gobierno Municipal reconoce al beisbolista campe\u00f3n de Grandes Ligas y mazatleco distinguido Jos\u00e9 Luis Urquidy - Amo mi Mazatl\u00e1n<\/title>\n<meta name=\"robots\" content=\"index, follow, max-snippet:-1, max-image-preview:large, max-video-preview:-1\" \/>\n<link rel=\"canonical\" href=\"https:\/\/yoamomimazatlan.com\/?p=5691\" \/>\n<meta property=\"og:locale\" content=\"es_MX\" \/>\n<meta property=\"og:type\" content=\"article\" \/>\n<meta property=\"og:title\" content=\"Gobierno Municipal reconoce al beisbolista campe\u00f3n de Grandes Ligas y mazatleco distinguido Jos\u00e9 Luis Urquidy - Amo mi Mazatl\u00e1n\" \/>\n<meta property=\"og:description\" content=\"Apoyar, impulsar y reconocer el talento mazatleco es de suma importancia para el Gobierno de Mazatl\u00e1n, por ello, la ma\u00f1ana de este jueves, el Alcalde, Edgar Gonz\u00e1lez Zatarain, acompa\u00f1ado de su esposa, la Presidenta del Sistema DIF Municipal, Mar\u00eda Teresa Apodaca de Gonz\u00e1lez, y el Secretario del Ayuntamiento, Rafael Mendoza, entregaron un especial reconocimiento al [&hellip;]\" \/>\n<meta property=\"og:url\" content=\"https:\/\/yoamomimazatlan.com\/?p=5691\" \/>\n<meta property=\"og:site_name\" content=\"Amo mi Mazatl\u00e1n\" \/>\n<meta property=\"article:published_time\" content=\"2022-11-24T20:36:19+00:00\" \/>\n<meta property=\"article:modified_time\" content=\"2022-11-24T20:36:21+00:00\" \/>\n<meta property=\"og:image\" content=\"https:\/\/yoamomimazatlan.com\/wp-content\/uploads\/2022\/11\/WhatsApp-Image-2022-11-24-at-1.33.02-PM-scaled.jpeg\" \/>\n\t<meta property=\"og:image:width\" content=\"600\" \/>\n\t<meta property=\"og:image:height\" content=\"400\" \/>\n\t<meta property=\"og:image:type\" content=\"image\/jpeg\" \/>\n<meta name=\"author\" content=\"Luis Peraza\" \/>\n<meta name=\"twitter:card\" content=\"summary_large_image\" \/>\n<meta name=\"twitter:label1\" content=\"Escrito por\" \/>\n\t<meta name=\"twitter:data1\" content=\"Luis Peraza\" \/>\n\t<meta name=\"twitter:label2\" content=\"Tiempo de lectura\" \/>\n\t<meta name=\"twitter:data2\" content=\"2 minutos\" \/>\n<script type=\"application\/ld+json\" class=\"yoast-schema-graph\">{\"@context\":\"https:\/\/schema.org\",\"@graph\":[{\"@type\":\"WebPage\",\"@id\":\"https:\/\/yoamomimazatlan.com\/?p=5691\",\"url\":\"https:\/\/yoamomimazatlan.com\/?p=5691\",\"name\":\"Gobierno Municipal reconoce al beisbolista campe\u00f3n de Grandes Ligas y mazatleco distinguido Jos\u00e9 Luis Urquidy - Amo mi Mazatl\u00e1n\",\"isPartOf\":{\"@id\":\"https:\/\/yoamomimazatlan.com\/#website\"},\"datePublished\":\"2022-11-24T20:36:19+00:00\",\"dateModified\":\"2022-11-24T20:36:21+00:00\",\"author\":{\"@id\":\"https:\/\/yoamomimazatlan.com\/#\/schema\/person\/5eb4abccc9443dff7750dbdd0a22c79e\"},\"breadcrumb\":{\"@id\":\"https:\/\/yoamomimazatlan.com\/?p=5691#breadcrumb\"},\"inLanguage\":\"es-MX\",\"potentialAction\":[{\"@type\":\"ReadAction\",\"target\":[\"https:\/\/yoamomimazatlan.com\/?p=5691\"]}]},{\"@type\":\"BreadcrumbList\",\"@id\":\"https:\/\/yoamomimazatlan.com\/?p=5691#breadcrumb\",\"itemListElement\":[{\"@type\":\"ListItem\",\"position\":1,\"name\":\"Inicio\",\"item\":\"https:\/\/yoamomimazatlan.com\/\"},{\"@type\":\"ListItem\",\"position\":2,\"name\":\"Gobierno Municipal reconoce al beisbolista campe\u00f3n de Grandes Ligas y mazatleco distinguido Jos\u00e9 Luis Urquidy\"}]},{\"@type\":\"WebSite\",\"@id\":\"https:\/\/yoamomimazatlan.com\/#website\",\"url\":\"https:\/\/yoamomimazatlan.com\/\",\"name\":\"Amo mi Mazatl\u00e1n\",\"description\":\"Somos Pata Salada\",\"potentialAction\":[{\"@type\":\"SearchAction\",\"target\":{\"@type\":\"EntryPoint\",\"urlTemplate\":\"https:\/\/yoamomimazatlan.com\/?s={search_term_string}\"},\"query-input\":\"required name=search_term_string\"}],\"inLanguage\":\"es-MX\"},{\"@type\":\"Person\",\"@id\":\"https:\/\/yoamomimazatlan.com\/#\/schema\/person\/5eb4abccc9443dff7750dbdd0a22c79e\",\"name\":\"Luis Peraza\",\"image\":{\"@type\":\"ImageObject\",\"inLanguage\":\"es-MX\",\"@id\":\"https:\/\/yoamomimazatlan.com\/#\/schema\/person\/image\/\",\"url\":\"https:\/\/secure.gravatar.com\/avatar\/2829a2db2ad27a37cce4111a17f17d49?s=96&d=mm&r=g\",\"contentUrl\":\"https:\/\/secure.gravatar.com\/avatar\/2829a2db2ad27a37cce4111a17f17d49?s=96&d=mm&r=g\",\"caption\":\"Luis Peraza\"},\"url\":\"https:\/\/yoamomimazatlan.com\/?author=2\"}]}<\/script>\n<!-- \/ Yoast SEO plugin. -->","yoast_head_json":{"title":"Gobierno Municipal reconoce al beisbolista campe\u00f3n de Grandes Ligas y mazatleco distinguido Jos\u00e9 Luis Urquidy - Amo mi Mazatl\u00e1n","robots":{"index":"index","follow":"follow","max-snippet":"max-snippet:-1","max-image-preview":"max-image-preview:large","max-video-preview":"max-video-preview:-1"},"canonical":"https:\/\/yoamomimazatlan.com\/?p=5691","og_locale":"es_MX","og_type":"article","og_title":"Gobierno Municipal reconoce al beisbolista campe\u00f3n de Grandes Ligas y mazatleco distinguido Jos\u00e9 Luis Urquidy - Amo mi Mazatl\u00e1n","og_description":"Apoyar, impulsar y reconocer el talento mazatleco es de suma importancia para el Gobierno de Mazatl\u00e1n, por ello, la ma\u00f1ana de este jueves, el Alcalde, Edgar Gonz\u00e1lez Zatarain, acompa\u00f1ado de su esposa, la Presidenta del Sistema DIF Municipal, Mar\u00eda Teresa Apodaca de Gonz\u00e1lez, y el Secretario del Ayuntamiento, Rafael Mendoza, entregaron un especial reconocimiento al [&hellip;]","og_url":"https:\/\/yoamomimazatlan.com\/?p=5691","og_site_name":"Amo mi Mazatl\u00e1n","article_published_time":"2022-11-24T20:36:19+00:00","article_modified_time":"2022-11-24T20:36:21+00:00","og_image":[{"width":600,"height":400,"url":"https:\/\/yoamomimazatlan.com\/wp-content\/uploads\/2022\/11\/WhatsApp-Image-2022-11-24-at-1.33.02-PM-scaled.jpeg","type":"image\/jpeg"}],"author":"Luis Peraza","twitter_card":"summary_large_image","twitter_misc":{"Escrito por":"Luis Peraza","Tiempo de lectura":"2 minutos"},"schema":{"@context":"https:\/\/schema.org","@graph":[{"@type":"WebPage","@id":"https:\/\/yoamomimazatlan.com\/?p=5691","url":"https:\/\/yoamomimazatlan.com\/?p=5691","name":"Gobierno Municipal reconoce al beisbolista campe\u00f3n de Grandes Ligas y mazatleco distinguido Jos\u00e9 Luis Urquidy - Amo mi Mazatl\u00e1n","isPartOf":{"@id":"https:\/\/yoamomimazatlan.com\/#website"},"datePublished":"2022-11-24T20:36:19+00:00","dateModified":"2022-11-24T20:36:21+00:00","author":{"@id":"https:\/\/yoamomimazatlan.com\/#\/schema\/person\/5eb4abccc9443dff7750dbdd0a22c79e"},"breadcrumb":{"@id":"https:\/\/yoamomimazatlan.com\/?p=5691#breadcrumb"},"inLanguage":"es-MX","potentialAction":[{"@type":"ReadAction","target":["https:\/\/yoamomimazatlan.com\/?p=5691"]}]},{"@type":"BreadcrumbList","@id":"https:\/\/yoamomimazatlan.com\/?p=5691#breadcrumb","itemListElement":[{"@type":"ListItem","position":1,"name":"Inicio","item":"https:\/\/yoamomimazatlan.com\/"},{"@type":"ListItem","position":2,"name":"Gobierno Municipal reconoce al beisbolista campe\u00f3n de Grandes Ligas y mazatleco distinguido Jos\u00e9 Luis Urquidy"}]},{"@type":"WebSite","@id":"https:\/\/yoamomimazatlan.com\/#website","url":"https:\/\/yoamomimazatlan.com\/","name":"Amo mi Mazatl\u00e1n","description":"Somos Pata Salada","potentialAction":[{"@type":"SearchAction","target":{"@type":"EntryPoint","urlTemplate":"https:\/\/yoamomimazatlan.com\/?s={search_term_string}"},"query-input":"required name=search_term_string"}],"inLanguage":"es-MX"},{"@type":"Person","@id":"https:\/\/yoamomimazatlan.com\/#\/schema\/person\/5eb4abccc9443dff7750dbdd0a22c79e","name":"Luis Peraza","image":{"@type":"ImageObject","inLanguage":"es-MX","@id":"https:\/\/yoamomimazatlan.com\/#\/schema\/person\/image\/","url":"https:\/\/secure.gravatar.com\/avatar\/2829a2db2ad27a37cce4111a17f17d49?s=96&d=mm&r=g","contentUrl":"https:\/\/secure.gravatar.com\/avatar\/2829a2db2ad27a37cce4111a17f17d49?s=96&d=mm&r=g","caption":"Luis Peraza"},"url":"https:\/\/yoamomimazatlan.com\/?author=2"}]}},"_links":{"self":[{"href":"https:\/\/yoamomimazatlan.com\/index.php?rest_route=\/wp\/v2\/posts\/5691"}],"collection":[{"href":"https:\/\/yoamomimazatlan.com\/index.php?rest_route=\/wp\/v2\/posts"}],"about":[{"href":"https:\/\/yoamomimazatlan.com\/index.php?rest_route=\/wp\/v2\/types\/post"}],"author":[{"embeddable":true,"href":"https:\/\/yoamomimazatlan.com\/index.php?rest_route=\/wp\/v2\/users\/2"}],"replies":[{"embeddable":true,"href":"https:\/\/yoamomimazatlan.com\/index.php?rest_route=%2Fwp%2Fv2%2Fcomments&post=5691"}],"version-history":[{"count":0,"href":"https:\/\/yoamomimazatlan.com\/index.php?rest_route=\/wp\/v2\/posts\/5691\/revisions"}],"wp:featuredmedia":[{"embeddable":true,"href":"https:\/\/yoamomimazatlan.com\/index.php?rest_route=\/wp\/v2\/media\/5693"}],"wp:attachment":[{"href":"https:\/\/yoamomimazatlan.com\/index.php?rest_route=%2Fwp%2Fv2%2Fmedia&parent=5691"}],"wp:term":[{"taxonomy":"category","embeddable":true,"href":"https:\/\/yoamomimazatlan.com\/index.php?rest_route=%2Fwp%2Fv2%2Fcategories&post=5691"},{"taxonomy":"post_tag","embeddable":true,"href":"https:\/\/yoamomimazatlan.com\/index.php?rest_route=%2Fwp%2Fv2%2Ftags&post=5691"}],"curies":[{"name":"wp","href":"https:\/\/api.w.org\/{rel}","templated":true}]}}