{"id":5701,"date":"2022-11-26T00:08:58","date_gmt":"2022-11-26T00:08:58","guid":{"rendered":"http:\/\/yoamomimazatlan.com\/?p=5701"},"modified":"2022-11-26T00:09:01","modified_gmt":"2022-11-26T00:09:01","slug":"gobierno-municipal-impulsara-programa-de-rescate-de-300-espacios-y-areas-publicas-en-la-zona-urbana-y-rural-de-mazatlan","status":"publish","type":"post","link":"https:\/\/yoamomimazatlan.com\/?p=5701","title":{"rendered":"Gobierno Municipal impulsar\u00e1 programa de rescate de 300 espacios y \u00e1reas p\u00fablicas en la zona urbana y rural de Mazatl\u00e1n"},"content":{"rendered":"\n<p>Para recuperar el entorno urbano y familiar que permita la sana convivencia de la ciudadan\u00eda, el Gobierno Municipal impulsar\u00e1 con fuerza el programa de rescate de 300 espacios y \u00e1reas p\u00fablicas en la zona urbana y rural de Mazatl\u00e1n, anunci\u00f3 el Director de Bienestar y Desarrollo Social, Tonatiu Guerra Mart\u00ednez.<\/p>\n\n\n\n<p>Explic\u00f3 que el objetivo es mejorar y rescatar parques de juegos infantiles, \u00e1reas verdes, zonas deportivas (canchas de diferentes actividades y gimnasios al aire libres), remodelaci\u00f3n de banquetas, mejoramiento de la flora entre otras acciones m\u00e1s que se realizar\u00e1n con recursos provenientes del gasto corriente del Gobierno Municipal.<\/p>\n\n\n\n<p>Mencion\u00f3 que las acciones estar\u00e1n a cargo del Instituto Municipal del Deporte, la Direcci\u00f3n de Servicios P\u00fablicos, del \u00e1rea de Bienestar Social y Obras P\u00fablicas trabajar\u00e1n en esa cultura urbana para rescatar los espacios y \u00e1reas p\u00fablicas.<\/p>\n\n\n\n<p>\u201cEl rescate de espacios p\u00fablicos, dentro del programa de mejoramiento urbano que se har\u00e1 en cuatro pol\u00edgonos tambi\u00e9n vamos a integrar lo que se puede llamar rescate la cultura urbana que es el rescate de los espacios y \u00e1reas p\u00fablicas, parques, jardines, \u00e1reas deportivas, canchas, las cuales tenemos que tratar rescatar para darle un mejoramiento a la ciudad\u201d, coment\u00f3.<\/p>\n\n\n\n<p>Guerra Mart\u00ednez a\u00f1adi\u00f3 que por el momento han atendido cinco colonias y cuatro comunidades con el programa de rescate de espacios y \u00e1reas p\u00fablicas, actividad que intensificar\u00e1n para el pr\u00f3ximo a\u00f1o.<\/p>\n","protected":false},"excerpt":{"rendered":"<p>Para recuperar el entorno urbano y familiar que permita la sana convivencia de la ciudadan\u00eda, el Gobierno Municipal impulsar\u00e1 con fuerza el programa de rescate de 300 espacios y \u00e1reas p\u00fablicas en la zona urbana y rural de Mazatl\u00e1n, anunci\u00f3 el Director de Bienestar y Desarrollo Social, Tonatiu Guerra Mart\u00ednez. Explic\u00f3 que el objetivo es [&hellip;]<\/p>\n","protected":false},"author":2,"featured_media":5702,"comment_status":"open","ping_status":"open","sticky":false,"template":"","format":"standard","meta":{"footnotes":""},"categories":[1],"tags":[],"yoast_head":"<!-- This site is optimized with the Yoast SEO plugin v21.7 - https:\/\/yoast.com\/wordpress\/plugins\/seo\/ -->\n<title>Gobierno Municipal impulsar\u00e1 programa de rescate de 300 espacios y \u00e1reas p\u00fablicas en la zona urbana y rural de Mazatl\u00e1n - Amo mi Mazatl\u00e1n<\/title>\n<meta name=\"robots\" content=\"index, follow, max-snippet:-1, max-image-preview:large, max-video-preview:-1\" \/>\n<link rel=\"canonical\" href=\"https:\/\/yoamomimazatlan.com\/?p=5701\" \/>\n<meta property=\"og:locale\" content=\"es_MX\" \/>\n<meta property=\"og:type\" content=\"article\" \/>\n<meta property=\"og:title\" content=\"Gobierno Municipal impulsar\u00e1 programa de rescate de 300 espacios y \u00e1reas p\u00fablicas en la zona urbana y rural de Mazatl\u00e1n - Amo mi Mazatl\u00e1n\" \/>\n<meta property=\"og:description\" content=\"Para recuperar el entorno urbano y familiar que permita la sana convivencia de la ciudadan\u00eda, el Gobierno Municipal impulsar\u00e1 con fuerza el programa de rescate de 300 espacios y \u00e1reas p\u00fablicas en la zona urbana y rural de Mazatl\u00e1n, anunci\u00f3 el Director de Bienestar y Desarrollo Social, Tonatiu Guerra Mart\u00ednez. Explic\u00f3 que el objetivo es [&hellip;]\" \/>\n<meta property=\"og:url\" content=\"https:\/\/yoamomimazatlan.com\/?p=5701\" \/>\n<meta property=\"og:site_name\" content=\"Amo mi Mazatl\u00e1n\" \/>\n<meta property=\"article:published_time\" content=\"2022-11-26T00:08:58+00:00\" \/>\n<meta property=\"article:modified_time\" content=\"2022-11-26T00:09:01+00:00\" \/>\n<meta property=\"og:image\" content=\"https:\/\/yoamomimazatlan.com\/wp-content\/uploads\/2022\/11\/WhatsApp-Image-2022-11-25-at-5.01.18-PM-scaled.jpeg\" \/>\n\t<meta property=\"og:image:width\" content=\"600\" \/>\n\t<meta property=\"og:image:height\" content=\"373\" \/>\n\t<meta property=\"og:image:type\" content=\"image\/jpeg\" \/>\n<meta name=\"author\" content=\"Luis Peraza\" \/>\n<meta name=\"twitter:card\" content=\"summary_large_image\" \/>\n<meta name=\"twitter:label1\" content=\"Escrito por\" \/>\n\t<meta name=\"twitter:data1\" content=\"Luis Peraza\" \/>\n\t<meta name=\"twitter:label2\" content=\"Tiempo de lectura\" \/>\n\t<meta name=\"twitter:data2\" content=\"2 minutos\" \/>\n<script type=\"application\/ld+json\" class=\"yoast-schema-graph\">{\"@context\":\"https:\/\/schema.org\",\"@graph\":[{\"@type\":\"WebPage\",\"@id\":\"https:\/\/yoamomimazatlan.com\/?p=5701\",\"url\":\"https:\/\/yoamomimazatlan.com\/?p=5701\",\"name\":\"Gobierno Municipal impulsar\u00e1 programa de rescate de 300 espacios y \u00e1reas p\u00fablicas en la zona urbana y rural de Mazatl\u00e1n - Amo mi Mazatl\u00e1n\",\"isPartOf\":{\"@id\":\"https:\/\/yoamomimazatlan.com\/#website\"},\"datePublished\":\"2022-11-26T00:08:58+00:00\",\"dateModified\":\"2022-11-26T00:09:01+00:00\",\"author\":{\"@id\":\"https:\/\/yoamomimazatlan.com\/#\/schema\/person\/5eb4abccc9443dff7750dbdd0a22c79e\"},\"breadcrumb\":{\"@id\":\"https:\/\/yoamomimazatlan.com\/?p=5701#breadcrumb\"},\"inLanguage\":\"es-MX\",\"potentialAction\":[{\"@type\":\"ReadAction\",\"target\":[\"https:\/\/yoamomimazatlan.com\/?p=5701\"]}]},{\"@type\":\"BreadcrumbList\",\"@id\":\"https:\/\/yoamomimazatlan.com\/?p=5701#breadcrumb\",\"itemListElement\":[{\"@type\":\"ListItem\",\"position\":1,\"name\":\"Inicio\",\"item\":\"https:\/\/yoamomimazatlan.com\/\"},{\"@type\":\"ListItem\",\"position\":2,\"name\":\"Gobierno Municipal impulsar\u00e1 programa de rescate de 300 espacios y \u00e1reas p\u00fablicas en la zona urbana y rural de Mazatl\u00e1n\"}]},{\"@type\":\"WebSite\",\"@id\":\"https:\/\/yoamomimazatlan.com\/#website\",\"url\":\"https:\/\/yoamomimazatlan.com\/\",\"name\":\"Amo mi Mazatl\u00e1n\",\"description\":\"Somos Pata Salada\",\"potentialAction\":[{\"@type\":\"SearchAction\",\"target\":{\"@type\":\"EntryPoint\",\"urlTemplate\":\"https:\/\/yoamomimazatlan.com\/?s={search_term_string}\"},\"query-input\":\"required name=search_term_string\"}],\"inLanguage\":\"es-MX\"},{\"@type\":\"Person\",\"@id\":\"https:\/\/yoamomimazatlan.com\/#\/schema\/person\/5eb4abccc9443dff7750dbdd0a22c79e\",\"name\":\"Luis Peraza\",\"image\":{\"@type\":\"ImageObject\",\"inLanguage\":\"es-MX\",\"@id\":\"https:\/\/yoamomimazatlan.com\/#\/schema\/person\/image\/\",\"url\":\"https:\/\/secure.gravatar.com\/avatar\/2829a2db2ad27a37cce4111a17f17d49?s=96&d=mm&r=g\",\"contentUrl\":\"https:\/\/secure.gravatar.com\/avatar\/2829a2db2ad27a37cce4111a17f17d49?s=96&d=mm&r=g\",\"caption\":\"Luis Peraza\"},\"url\":\"https:\/\/yoamomimazatlan.com\/?author=2\"}]}<\/script>\n<!-- \/ Yoast SEO plugin. -->","yoast_head_json":{"title":"Gobierno Municipal impulsar\u00e1 programa de rescate de 300 espacios y \u00e1reas p\u00fablicas en la zona urbana y rural de Mazatl\u00e1n - Amo mi Mazatl\u00e1n","robots":{"index":"index","follow":"follow","max-snippet":"max-snippet:-1","max-image-preview":"max-image-preview:large","max-video-preview":"max-video-preview:-1"},"canonical":"https:\/\/yoamomimazatlan.com\/?p=5701","og_locale":"es_MX","og_type":"article","og_title":"Gobierno Municipal impulsar\u00e1 programa de rescate de 300 espacios y \u00e1reas p\u00fablicas en la zona urbana y rural de Mazatl\u00e1n - Amo mi Mazatl\u00e1n","og_description":"Para recuperar el entorno urbano y familiar que permita la sana convivencia de la ciudadan\u00eda, el Gobierno Municipal impulsar\u00e1 con fuerza el programa de rescate de 300 espacios y \u00e1reas p\u00fablicas en la zona urbana y rural de Mazatl\u00e1n, anunci\u00f3 el Director de Bienestar y Desarrollo Social, Tonatiu Guerra Mart\u00ednez. Explic\u00f3 que el objetivo es [&hellip;]","og_url":"https:\/\/yoamomimazatlan.com\/?p=5701","og_site_name":"Amo mi Mazatl\u00e1n","article_published_time":"2022-11-26T00:08:58+00:00","article_modified_time":"2022-11-26T00:09:01+00:00","og_image":[{"width":600,"height":373,"url":"https:\/\/yoamomimazatlan.com\/wp-content\/uploads\/2022\/11\/WhatsApp-Image-2022-11-25-at-5.01.18-PM-scaled.jpeg","type":"image\/jpeg"}],"author":"Luis Peraza","twitter_card":"summary_large_image","twitter_misc":{"Escrito por":"Luis Peraza","Tiempo de lectura":"2 minutos"},"schema":{"@context":"https:\/\/schema.org","@graph":[{"@type":"WebPage","@id":"https:\/\/yoamomimazatlan.com\/?p=5701","url":"https:\/\/yoamomimazatlan.com\/?p=5701","name":"Gobierno Municipal impulsar\u00e1 programa de rescate de 300 espacios y \u00e1reas p\u00fablicas en la zona urbana y rural de Mazatl\u00e1n - Amo mi Mazatl\u00e1n","isPartOf":{"@id":"https:\/\/yoamomimazatlan.com\/#website"},"datePublished":"2022-11-26T00:08:58+00:00","dateModified":"2022-11-26T00:09:01+00:00","author":{"@id":"https:\/\/yoamomimazatlan.com\/#\/schema\/person\/5eb4abccc9443dff7750dbdd0a22c79e"},"breadcrumb":{"@id":"https:\/\/yoamomimazatlan.com\/?p=5701#breadcrumb"},"inLanguage":"es-MX","potentialAction":[{"@type":"ReadAction","target":["https:\/\/yoamomimazatlan.com\/?p=5701"]}]},{"@type":"BreadcrumbList","@id":"https:\/\/yoamomimazatlan.com\/?p=5701#breadcrumb","itemListElement":[{"@type":"ListItem","position":1,"name":"Inicio","item":"https:\/\/yoamomimazatlan.com\/"},{"@type":"ListItem","position":2,"name":"Gobierno Municipal impulsar\u00e1 programa de rescate de 300 espacios y \u00e1reas p\u00fablicas en la zona urbana y rural de Mazatl\u00e1n"}]},{"@type":"WebSite","@id":"https:\/\/yoamomimazatlan.com\/#website","url":"https:\/\/yoamomimazatlan.com\/","name":"Amo mi Mazatl\u00e1n","description":"Somos Pata Salada","potentialAction":[{"@type":"SearchAction","target":{"@type":"EntryPoint","urlTemplate":"https:\/\/yoamomimazatlan.com\/?s={search_term_string}"},"query-input":"required name=search_term_string"}],"inLanguage":"es-MX"},{"@type":"Person","@id":"https:\/\/yoamomimazatlan.com\/#\/schema\/person\/5eb4abccc9443dff7750dbdd0a22c79e","name":"Luis Peraza","image":{"@type":"ImageObject","inLanguage":"es-MX","@id":"https:\/\/yoamomimazatlan.com\/#\/schema\/person\/image\/","url":"https:\/\/secure.gravatar.com\/avatar\/2829a2db2ad27a37cce4111a17f17d49?s=96&d=mm&r=g","contentUrl":"https:\/\/secure.gravatar.com\/avatar\/2829a2db2ad27a37cce4111a17f17d49?s=96&d=mm&r=g","caption":"Luis Peraza"},"url":"https:\/\/yoamomimazatlan.com\/?author=2"}]}},"_links":{"self":[{"href":"https:\/\/yoamomimazatlan.com\/index.php?rest_route=\/wp\/v2\/posts\/5701"}],"collection":[{"href":"https:\/\/yoamomimazatlan.com\/index.php?rest_route=\/wp\/v2\/posts"}],"about":[{"href":"https:\/\/yoamomimazatlan.com\/index.php?rest_route=\/wp\/v2\/types\/post"}],"author":[{"embeddable":true,"href":"https:\/\/yoamomimazatlan.com\/index.php?rest_route=\/wp\/v2\/users\/2"}],"replies":[{"embeddable":true,"href":"https:\/\/yoamomimazatlan.com\/index.php?rest_route=%2Fwp%2Fv2%2Fcomments&post=5701"}],"version-history":[{"count":0,"href":"https:\/\/yoamomimazatlan.com\/index.php?rest_route=\/wp\/v2\/posts\/5701\/revisions"}],"wp:featuredmedia":[{"embeddable":true,"href":"https:\/\/yoamomimazatlan.com\/index.php?rest_route=\/wp\/v2\/media\/5702"}],"wp:attachment":[{"href":"https:\/\/yoamomimazatlan.com\/index.php?rest_route=%2Fwp%2Fv2%2Fmedia&parent=5701"}],"wp:term":[{"taxonomy":"category","embeddable":true,"href":"https:\/\/yoamomimazatlan.com\/index.php?rest_route=%2Fwp%2Fv2%2Fcategories&post=5701"},{"taxonomy":"post_tag","embeddable":true,"href":"https:\/\/yoamomimazatlan.com\/index.php?rest_route=%2Fwp%2Fv2%2Ftags&post=5701"}],"curies":[{"name":"wp","href":"https:\/\/api.w.org\/{rel}","templated":true}]}}