{"id":5709,"date":"2022-11-28T01:57:31","date_gmt":"2022-11-28T01:57:31","guid":{"rendered":"http:\/\/yoamomimazatlan.com\/?p=5709"},"modified":"2022-11-28T01:57:34","modified_gmt":"2022-11-28T01:57:34","slug":"gobierno-municipal-atiende-con-limpieza-matutina-espacios-publicos-de-la-ciudad","status":"publish","type":"post","link":"https:\/\/yoamomimazatlan.com\/?p=5709","title":{"rendered":"Gobierno Municipal atiende con limpieza matutina espacios p\u00fablicos de la ciudad"},"content":{"rendered":"\n<p>En atenci\u00f3n al mantenimiento de espacios p\u00fablicos de la zona centro de la ciudad, adem\u00e1s de ofrecer espacios dignos a locales y turistas, la Direcci\u00f3n de Servicios P\u00fablicos, por indicaciones del alcalde Edgar Gonz\u00e1lez Zatarain, ha puesto en marcha un operativo de limpieza en lugares de uso recreativo y tur\u00edstico.<\/p>\n\n\n\n<p>La titular de la dependencia, Karla Camacho Guzm\u00e1n, dio a conocer que este trabajo se lleva a cabo con una cuadrilla especial del \u00e1rea de aseo urbano asignada principalmente a vialidades de uso constante por locales y turistas como el malec\u00f3n, quienes desde las primeras horas del d\u00eda dan inicio a diversas tareas de lavado en los lugares.<\/p>\n\n\n\n<p>\u201cEse es un equipo de 5 personas que empiezan su labor a las 4:00 am y tienen asignada la tarea de lavar. Entre las actividades son el lavado de contenedores de basura, las bancas y la velar\u00eda de todo lo que es avenida Del Mar hasta Olas Altas\u201d mencion\u00f3.<\/p>\n\n\n\n<p>Por otro lado, destac\u00f3 que otra cuadrilla especial de la direcci\u00f3n se enfoca a diversos espacios y monumentos como son glorieta Sanchez Taboada, monumento A la familia, monumento a Pedro Infante, a la mujer mazatleca, entre otros, adem\u00e1s de las plazuelas Machado, Rep\u00fablica, Zaragoza y parque \u00c1ngel Flores, Martiniano Carbajal, entre otros<\/p>\n\n\n\n<p>Camacho Guzm\u00e1n resalt\u00f3 que parte del objetivo de la Direcci\u00f3n es ofrecer un espacio limpio y seguro a los habitantes y turistas desde tempranas horas, previo a que los usuarios de estos lugares den inicio a sus actividades habituales.<\/p>\n","protected":false},"excerpt":{"rendered":"<p>En atenci\u00f3n al mantenimiento de espacios p\u00fablicos de la zona centro de la ciudad, adem\u00e1s de ofrecer espacios dignos a locales y turistas, la Direcci\u00f3n de Servicios P\u00fablicos, por indicaciones del alcalde Edgar Gonz\u00e1lez Zatarain, ha puesto en marcha un operativo de limpieza en lugares de uso recreativo y tur\u00edstico. La titular de la dependencia, [&hellip;]<\/p>\n","protected":false},"author":2,"featured_media":5710,"comment_status":"open","ping_status":"open","sticky":false,"template":"","format":"standard","meta":{"footnotes":""},"categories":[1],"tags":[],"yoast_head":"<!-- This site is optimized with the Yoast SEO plugin v21.7 - https:\/\/yoast.com\/wordpress\/plugins\/seo\/ -->\n<title>Gobierno Municipal atiende con limpieza matutina espacios p\u00fablicos de la ciudad - Amo mi Mazatl\u00e1n<\/title>\n<meta name=\"robots\" content=\"index, follow, max-snippet:-1, max-image-preview:large, max-video-preview:-1\" \/>\n<link rel=\"canonical\" href=\"https:\/\/yoamomimazatlan.com\/?p=5709\" \/>\n<meta property=\"og:locale\" content=\"es_MX\" \/>\n<meta property=\"og:type\" content=\"article\" \/>\n<meta property=\"og:title\" content=\"Gobierno Municipal atiende con limpieza matutina espacios p\u00fablicos de la ciudad - Amo mi Mazatl\u00e1n\" \/>\n<meta property=\"og:description\" content=\"En atenci\u00f3n al mantenimiento de espacios p\u00fablicos de la zona centro de la ciudad, adem\u00e1s de ofrecer espacios dignos a locales y turistas, la Direcci\u00f3n de Servicios P\u00fablicos, por indicaciones del alcalde Edgar Gonz\u00e1lez Zatarain, ha puesto en marcha un operativo de limpieza en lugares de uso recreativo y tur\u00edstico. La titular de la dependencia, [&hellip;]\" \/>\n<meta property=\"og:url\" content=\"https:\/\/yoamomimazatlan.com\/?p=5709\" \/>\n<meta property=\"og:site_name\" content=\"Amo mi Mazatl\u00e1n\" \/>\n<meta property=\"article:published_time\" content=\"2022-11-28T01:57:31+00:00\" \/>\n<meta property=\"article:modified_time\" content=\"2022-11-28T01:57:34+00:00\" \/>\n<meta property=\"og:image\" content=\"https:\/\/yoamomimazatlan.com\/wp-content\/uploads\/2022\/11\/WhatsApp-Image-2022-11-27-at-4.32.16-PM-scaled.jpeg\" \/>\n\t<meta property=\"og:image:width\" content=\"600\" \/>\n\t<meta property=\"og:image:height\" content=\"395\" \/>\n\t<meta property=\"og:image:type\" content=\"image\/jpeg\" \/>\n<meta name=\"author\" content=\"Luis Peraza\" \/>\n<meta name=\"twitter:card\" content=\"summary_large_image\" \/>\n<meta name=\"twitter:label1\" content=\"Escrito por\" \/>\n\t<meta name=\"twitter:data1\" content=\"Luis Peraza\" \/>\n\t<meta name=\"twitter:label2\" content=\"Tiempo de lectura\" \/>\n\t<meta name=\"twitter:data2\" content=\"2 minutos\" \/>\n<script type=\"application\/ld+json\" class=\"yoast-schema-graph\">{\"@context\":\"https:\/\/schema.org\",\"@graph\":[{\"@type\":\"WebPage\",\"@id\":\"https:\/\/yoamomimazatlan.com\/?p=5709\",\"url\":\"https:\/\/yoamomimazatlan.com\/?p=5709\",\"name\":\"Gobierno Municipal atiende con limpieza matutina espacios p\u00fablicos de la ciudad - Amo mi Mazatl\u00e1n\",\"isPartOf\":{\"@id\":\"https:\/\/yoamomimazatlan.com\/#website\"},\"datePublished\":\"2022-11-28T01:57:31+00:00\",\"dateModified\":\"2022-11-28T01:57:34+00:00\",\"author\":{\"@id\":\"https:\/\/yoamomimazatlan.com\/#\/schema\/person\/5eb4abccc9443dff7750dbdd0a22c79e\"},\"breadcrumb\":{\"@id\":\"https:\/\/yoamomimazatlan.com\/?p=5709#breadcrumb\"},\"inLanguage\":\"es-MX\",\"potentialAction\":[{\"@type\":\"ReadAction\",\"target\":[\"https:\/\/yoamomimazatlan.com\/?p=5709\"]}]},{\"@type\":\"BreadcrumbList\",\"@id\":\"https:\/\/yoamomimazatlan.com\/?p=5709#breadcrumb\",\"itemListElement\":[{\"@type\":\"ListItem\",\"position\":1,\"name\":\"Inicio\",\"item\":\"https:\/\/yoamomimazatlan.com\/\"},{\"@type\":\"ListItem\",\"position\":2,\"name\":\"Gobierno Municipal atiende con limpieza matutina espacios p\u00fablicos de la ciudad\"}]},{\"@type\":\"WebSite\",\"@id\":\"https:\/\/yoamomimazatlan.com\/#website\",\"url\":\"https:\/\/yoamomimazatlan.com\/\",\"name\":\"Amo mi Mazatl\u00e1n\",\"description\":\"Somos Pata Salada\",\"potentialAction\":[{\"@type\":\"SearchAction\",\"target\":{\"@type\":\"EntryPoint\",\"urlTemplate\":\"https:\/\/yoamomimazatlan.com\/?s={search_term_string}\"},\"query-input\":\"required name=search_term_string\"}],\"inLanguage\":\"es-MX\"},{\"@type\":\"Person\",\"@id\":\"https:\/\/yoamomimazatlan.com\/#\/schema\/person\/5eb4abccc9443dff7750dbdd0a22c79e\",\"name\":\"Luis Peraza\",\"image\":{\"@type\":\"ImageObject\",\"inLanguage\":\"es-MX\",\"@id\":\"https:\/\/yoamomimazatlan.com\/#\/schema\/person\/image\/\",\"url\":\"https:\/\/secure.gravatar.com\/avatar\/2829a2db2ad27a37cce4111a17f17d49?s=96&d=mm&r=g\",\"contentUrl\":\"https:\/\/secure.gravatar.com\/avatar\/2829a2db2ad27a37cce4111a17f17d49?s=96&d=mm&r=g\",\"caption\":\"Luis Peraza\"},\"url\":\"https:\/\/yoamomimazatlan.com\/?author=2\"}]}<\/script>\n<!-- \/ Yoast SEO plugin. -->","yoast_head_json":{"title":"Gobierno Municipal atiende con limpieza matutina espacios p\u00fablicos de la ciudad - Amo mi Mazatl\u00e1n","robots":{"index":"index","follow":"follow","max-snippet":"max-snippet:-1","max-image-preview":"max-image-preview:large","max-video-preview":"max-video-preview:-1"},"canonical":"https:\/\/yoamomimazatlan.com\/?p=5709","og_locale":"es_MX","og_type":"article","og_title":"Gobierno Municipal atiende con limpieza matutina espacios p\u00fablicos de la ciudad - Amo mi Mazatl\u00e1n","og_description":"En atenci\u00f3n al mantenimiento de espacios p\u00fablicos de la zona centro de la ciudad, adem\u00e1s de ofrecer espacios dignos a locales y turistas, la Direcci\u00f3n de Servicios P\u00fablicos, por indicaciones del alcalde Edgar Gonz\u00e1lez Zatarain, ha puesto en marcha un operativo de limpieza en lugares de uso recreativo y tur\u00edstico. La titular de la dependencia, [&hellip;]","og_url":"https:\/\/yoamomimazatlan.com\/?p=5709","og_site_name":"Amo mi Mazatl\u00e1n","article_published_time":"2022-11-28T01:57:31+00:00","article_modified_time":"2022-11-28T01:57:34+00:00","og_image":[{"width":600,"height":395,"url":"https:\/\/yoamomimazatlan.com\/wp-content\/uploads\/2022\/11\/WhatsApp-Image-2022-11-27-at-4.32.16-PM-scaled.jpeg","type":"image\/jpeg"}],"author":"Luis Peraza","twitter_card":"summary_large_image","twitter_misc":{"Escrito por":"Luis Peraza","Tiempo de lectura":"2 minutos"},"schema":{"@context":"https:\/\/schema.org","@graph":[{"@type":"WebPage","@id":"https:\/\/yoamomimazatlan.com\/?p=5709","url":"https:\/\/yoamomimazatlan.com\/?p=5709","name":"Gobierno Municipal atiende con limpieza matutina espacios p\u00fablicos de la ciudad - Amo mi Mazatl\u00e1n","isPartOf":{"@id":"https:\/\/yoamomimazatlan.com\/#website"},"datePublished":"2022-11-28T01:57:31+00:00","dateModified":"2022-11-28T01:57:34+00:00","author":{"@id":"https:\/\/yoamomimazatlan.com\/#\/schema\/person\/5eb4abccc9443dff7750dbdd0a22c79e"},"breadcrumb":{"@id":"https:\/\/yoamomimazatlan.com\/?p=5709#breadcrumb"},"inLanguage":"es-MX","potentialAction":[{"@type":"ReadAction","target":["https:\/\/yoamomimazatlan.com\/?p=5709"]}]},{"@type":"BreadcrumbList","@id":"https:\/\/yoamomimazatlan.com\/?p=5709#breadcrumb","itemListElement":[{"@type":"ListItem","position":1,"name":"Inicio","item":"https:\/\/yoamomimazatlan.com\/"},{"@type":"ListItem","position":2,"name":"Gobierno Municipal atiende con limpieza matutina espacios p\u00fablicos de la ciudad"}]},{"@type":"WebSite","@id":"https:\/\/yoamomimazatlan.com\/#website","url":"https:\/\/yoamomimazatlan.com\/","name":"Amo mi Mazatl\u00e1n","description":"Somos Pata Salada","potentialAction":[{"@type":"SearchAction","target":{"@type":"EntryPoint","urlTemplate":"https:\/\/yoamomimazatlan.com\/?s={search_term_string}"},"query-input":"required name=search_term_string"}],"inLanguage":"es-MX"},{"@type":"Person","@id":"https:\/\/yoamomimazatlan.com\/#\/schema\/person\/5eb4abccc9443dff7750dbdd0a22c79e","name":"Luis Peraza","image":{"@type":"ImageObject","inLanguage":"es-MX","@id":"https:\/\/yoamomimazatlan.com\/#\/schema\/person\/image\/","url":"https:\/\/secure.gravatar.com\/avatar\/2829a2db2ad27a37cce4111a17f17d49?s=96&d=mm&r=g","contentUrl":"https:\/\/secure.gravatar.com\/avatar\/2829a2db2ad27a37cce4111a17f17d49?s=96&d=mm&r=g","caption":"Luis Peraza"},"url":"https:\/\/yoamomimazatlan.com\/?author=2"}]}},"_links":{"self":[{"href":"https:\/\/yoamomimazatlan.com\/index.php?rest_route=\/wp\/v2\/posts\/5709"}],"collection":[{"href":"https:\/\/yoamomimazatlan.com\/index.php?rest_route=\/wp\/v2\/posts"}],"about":[{"href":"https:\/\/yoamomimazatlan.com\/index.php?rest_route=\/wp\/v2\/types\/post"}],"author":[{"embeddable":true,"href":"https:\/\/yoamomimazatlan.com\/index.php?rest_route=\/wp\/v2\/users\/2"}],"replies":[{"embeddable":true,"href":"https:\/\/yoamomimazatlan.com\/index.php?rest_route=%2Fwp%2Fv2%2Fcomments&post=5709"}],"version-history":[{"count":0,"href":"https:\/\/yoamomimazatlan.com\/index.php?rest_route=\/wp\/v2\/posts\/5709\/revisions"}],"wp:featuredmedia":[{"embeddable":true,"href":"https:\/\/yoamomimazatlan.com\/index.php?rest_route=\/wp\/v2\/media\/5710"}],"wp:attachment":[{"href":"https:\/\/yoamomimazatlan.com\/index.php?rest_route=%2Fwp%2Fv2%2Fmedia&parent=5709"}],"wp:term":[{"taxonomy":"category","embeddable":true,"href":"https:\/\/yoamomimazatlan.com\/index.php?rest_route=%2Fwp%2Fv2%2Fcategories&post=5709"},{"taxonomy":"post_tag","embeddable":true,"href":"https:\/\/yoamomimazatlan.com\/index.php?rest_route=%2Fwp%2Fv2%2Ftags&post=5709"}],"curies":[{"name":"wp","href":"https:\/\/api.w.org\/{rel}","templated":true}]}}