{"id":5713,"date":"2022-11-29T01:29:11","date_gmt":"2022-11-29T01:29:11","guid":{"rendered":"http:\/\/yoamomimazatlan.com\/?p=5713"},"modified":"2022-11-29T01:31:02","modified_gmt":"2022-11-29T01:31:02","slug":"gobierno-municipal-lleva-lunes-civico-a-la-comunidad-el-habal","status":"publish","type":"post","link":"https:\/\/yoamomimazatlan.com\/?p=5713","title":{"rendered":"Gobierno Municipal lleva Lunes C\u00edvico a la comunidad El Habal"},"content":{"rendered":"\n<p>Dando seguimiento a la atenci\u00f3n de la zona rural y el acercamiento con la comunidad estudiantil, el Gobierno Municipal llev\u00f3 a cabo el tradicional Lunes C\u00edvico en la comunidad de El Habal.<\/p>\n\n\n\n<p>En esta ocasi\u00f3n, la ceremonia c\u00edvica se realiz\u00f3 en la escuela secundaria Sof\u00eda F\u00e9lix de Ramos, con la presencia del Alcalde Edgar Gonz\u00e1lez Zatarain, la Presidenta del DIF Municipal, Mar\u00eda Teresa Apodaca de Gonz\u00e1lez, Regidores, funcionarios municipales e invitados especiales.<\/p>\n\n\n\n<p>El Supervisor de Zona 03 escolar, Hern\u00e1n Vel\u00e1zquez Dimas, el director de la instituci\u00f3n, Rub\u00e9n Laguna Delgado y la alumna Andrea Liz\u00e1rraga Tirado dieron la bienvenida al Presidente Municipal y el gabinete presente. Mencionaron sentirse honrados por la visita de las autoridades a la comunidad y agradecieron su compromiso con la zona rural.<\/p>\n\n\n\n<p>Por su parte, el Alcalde destac\u00f3 la importancia de que el alumnado no interrumpa sus estudios. Asegur\u00f3 que el Gobierno de Mazatl\u00e1n se apega a la pol\u00edtica de apoyo constante a las comunidades, tal como lo ha instruido el Gobernador de Sinaloa, Rub\u00e9n Rocha Moya, para que las escuelas est\u00e9n en \u00f3ptimas condiciones en beneficio de la comunidad educativa.<\/p>\n\n\n\n<p>\u201cLa oportunidad de que esta escuela mejore nos toca a nosotros y hago compromisos, ante el director, el supervisor, los padres de familia, de que vamos a hacer todo lo posible por mejorar\u201d, extern\u00f3.<\/p>\n\n\n\n<p>Adem\u00e1s del programa Lunes C\u00edvico, la escuela recibi\u00f3 la obra de ba\u00f1os y bodega nueva, misma que beneficia a 150 alumnos, docentes y personal administrativo de la instituci\u00f3n.<\/p>\n\n\n\n<p>El Director de Obras P\u00fablicas, Rigoberto Ar\u00e1mbula Boj\u00f3rquez, inform\u00f3 que entre los trabajos se llev\u00f3 a cabo la instalaci\u00f3n de pisos, ventanas, instalaciones hidr\u00e1ulicas y sanitarias, tinacos, muebles de ba\u00f1o, entre otros, con una inversi\u00f3n de poco m\u00e1s de 1 mill\u00f3n de pesos.<\/p>\n","protected":false},"excerpt":{"rendered":"<p>Dando seguimiento a la atenci\u00f3n de la zona rural y el acercamiento con la comunidad estudiantil, el Gobierno Municipal llev\u00f3 a cabo el tradicional Lunes C\u00edvico en la comunidad de El Habal. En esta ocasi\u00f3n, la ceremonia c\u00edvica se realiz\u00f3 en la escuela secundaria Sof\u00eda F\u00e9lix de Ramos, con la presencia del Alcalde Edgar Gonz\u00e1lez [&hellip;]<\/p>\n","protected":false},"author":2,"featured_media":5714,"comment_status":"open","ping_status":"open","sticky":false,"template":"","format":"standard","meta":{"footnotes":""},"categories":[1],"tags":[],"yoast_head":"<!-- This site is optimized with the Yoast SEO plugin v21.7 - https:\/\/yoast.com\/wordpress\/plugins\/seo\/ -->\n<title>Gobierno Municipal lleva Lunes C\u00edvico a la comunidad El Habal - Amo mi Mazatl\u00e1n<\/title>\n<meta name=\"robots\" content=\"index, follow, max-snippet:-1, max-image-preview:large, max-video-preview:-1\" \/>\n<link rel=\"canonical\" href=\"https:\/\/yoamomimazatlan.com\/?p=5713\" \/>\n<meta property=\"og:locale\" content=\"es_MX\" \/>\n<meta property=\"og:type\" content=\"article\" \/>\n<meta property=\"og:title\" content=\"Gobierno Municipal lleva Lunes C\u00edvico a la comunidad El Habal - Amo mi Mazatl\u00e1n\" \/>\n<meta property=\"og:description\" content=\"Dando seguimiento a la atenci\u00f3n de la zona rural y el acercamiento con la comunidad estudiantil, el Gobierno Municipal llev\u00f3 a cabo el tradicional Lunes C\u00edvico en la comunidad de El Habal. En esta ocasi\u00f3n, la ceremonia c\u00edvica se realiz\u00f3 en la escuela secundaria Sof\u00eda F\u00e9lix de Ramos, con la presencia del Alcalde Edgar Gonz\u00e1lez [&hellip;]\" \/>\n<meta property=\"og:url\" content=\"https:\/\/yoamomimazatlan.com\/?p=5713\" \/>\n<meta property=\"og:site_name\" content=\"Amo mi Mazatl\u00e1n\" \/>\n<meta property=\"article:published_time\" content=\"2022-11-29T01:29:11+00:00\" \/>\n<meta property=\"article:modified_time\" content=\"2022-11-29T01:31:02+00:00\" \/>\n<meta property=\"og:image\" content=\"https:\/\/yoamomimazatlan.com\/wp-content\/uploads\/2022\/11\/WhatsApp-Image-2022-11-28-at-11.12.36-AM-scaled.jpeg\" \/>\n\t<meta property=\"og:image:width\" content=\"600\" \/>\n\t<meta property=\"og:image:height\" content=\"400\" \/>\n\t<meta property=\"og:image:type\" content=\"image\/jpeg\" \/>\n<meta name=\"author\" content=\"Luis Peraza\" \/>\n<meta name=\"twitter:card\" content=\"summary_large_image\" \/>\n<meta name=\"twitter:label1\" content=\"Escrito por\" \/>\n\t<meta name=\"twitter:data1\" content=\"Luis Peraza\" \/>\n\t<meta name=\"twitter:label2\" content=\"Tiempo de lectura\" \/>\n\t<meta name=\"twitter:data2\" content=\"2 minutos\" \/>\n<script type=\"application\/ld+json\" class=\"yoast-schema-graph\">{\"@context\":\"https:\/\/schema.org\",\"@graph\":[{\"@type\":\"WebPage\",\"@id\":\"https:\/\/yoamomimazatlan.com\/?p=5713\",\"url\":\"https:\/\/yoamomimazatlan.com\/?p=5713\",\"name\":\"Gobierno Municipal lleva Lunes C\u00edvico a la comunidad El Habal - Amo mi Mazatl\u00e1n\",\"isPartOf\":{\"@id\":\"https:\/\/yoamomimazatlan.com\/#website\"},\"datePublished\":\"2022-11-29T01:29:11+00:00\",\"dateModified\":\"2022-11-29T01:31:02+00:00\",\"author\":{\"@id\":\"https:\/\/yoamomimazatlan.com\/#\/schema\/person\/5eb4abccc9443dff7750dbdd0a22c79e\"},\"breadcrumb\":{\"@id\":\"https:\/\/yoamomimazatlan.com\/?p=5713#breadcrumb\"},\"inLanguage\":\"es-MX\",\"potentialAction\":[{\"@type\":\"ReadAction\",\"target\":[\"https:\/\/yoamomimazatlan.com\/?p=5713\"]}]},{\"@type\":\"BreadcrumbList\",\"@id\":\"https:\/\/yoamomimazatlan.com\/?p=5713#breadcrumb\",\"itemListElement\":[{\"@type\":\"ListItem\",\"position\":1,\"name\":\"Inicio\",\"item\":\"https:\/\/yoamomimazatlan.com\/\"},{\"@type\":\"ListItem\",\"position\":2,\"name\":\"Gobierno Municipal lleva Lunes C\u00edvico a la comunidad El Habal\"}]},{\"@type\":\"WebSite\",\"@id\":\"https:\/\/yoamomimazatlan.com\/#website\",\"url\":\"https:\/\/yoamomimazatlan.com\/\",\"name\":\"Amo mi Mazatl\u00e1n\",\"description\":\"Somos Pata Salada\",\"potentialAction\":[{\"@type\":\"SearchAction\",\"target\":{\"@type\":\"EntryPoint\",\"urlTemplate\":\"https:\/\/yoamomimazatlan.com\/?s={search_term_string}\"},\"query-input\":\"required name=search_term_string\"}],\"inLanguage\":\"es-MX\"},{\"@type\":\"Person\",\"@id\":\"https:\/\/yoamomimazatlan.com\/#\/schema\/person\/5eb4abccc9443dff7750dbdd0a22c79e\",\"name\":\"Luis Peraza\",\"image\":{\"@type\":\"ImageObject\",\"inLanguage\":\"es-MX\",\"@id\":\"https:\/\/yoamomimazatlan.com\/#\/schema\/person\/image\/\",\"url\":\"https:\/\/secure.gravatar.com\/avatar\/2829a2db2ad27a37cce4111a17f17d49?s=96&d=mm&r=g\",\"contentUrl\":\"https:\/\/secure.gravatar.com\/avatar\/2829a2db2ad27a37cce4111a17f17d49?s=96&d=mm&r=g\",\"caption\":\"Luis Peraza\"},\"url\":\"https:\/\/yoamomimazatlan.com\/?author=2\"}]}<\/script>\n<!-- \/ Yoast SEO plugin. -->","yoast_head_json":{"title":"Gobierno Municipal lleva Lunes C\u00edvico a la comunidad El Habal - Amo mi Mazatl\u00e1n","robots":{"index":"index","follow":"follow","max-snippet":"max-snippet:-1","max-image-preview":"max-image-preview:large","max-video-preview":"max-video-preview:-1"},"canonical":"https:\/\/yoamomimazatlan.com\/?p=5713","og_locale":"es_MX","og_type":"article","og_title":"Gobierno Municipal lleva Lunes C\u00edvico a la comunidad El Habal - Amo mi Mazatl\u00e1n","og_description":"Dando seguimiento a la atenci\u00f3n de la zona rural y el acercamiento con la comunidad estudiantil, el Gobierno Municipal llev\u00f3 a cabo el tradicional Lunes C\u00edvico en la comunidad de El Habal. En esta ocasi\u00f3n, la ceremonia c\u00edvica se realiz\u00f3 en la escuela secundaria Sof\u00eda F\u00e9lix de Ramos, con la presencia del Alcalde Edgar Gonz\u00e1lez [&hellip;]","og_url":"https:\/\/yoamomimazatlan.com\/?p=5713","og_site_name":"Amo mi Mazatl\u00e1n","article_published_time":"2022-11-29T01:29:11+00:00","article_modified_time":"2022-11-29T01:31:02+00:00","og_image":[{"width":600,"height":400,"url":"https:\/\/yoamomimazatlan.com\/wp-content\/uploads\/2022\/11\/WhatsApp-Image-2022-11-28-at-11.12.36-AM-scaled.jpeg","type":"image\/jpeg"}],"author":"Luis Peraza","twitter_card":"summary_large_image","twitter_misc":{"Escrito por":"Luis Peraza","Tiempo de lectura":"2 minutos"},"schema":{"@context":"https:\/\/schema.org","@graph":[{"@type":"WebPage","@id":"https:\/\/yoamomimazatlan.com\/?p=5713","url":"https:\/\/yoamomimazatlan.com\/?p=5713","name":"Gobierno Municipal lleva Lunes C\u00edvico a la comunidad El Habal - Amo mi Mazatl\u00e1n","isPartOf":{"@id":"https:\/\/yoamomimazatlan.com\/#website"},"datePublished":"2022-11-29T01:29:11+00:00","dateModified":"2022-11-29T01:31:02+00:00","author":{"@id":"https:\/\/yoamomimazatlan.com\/#\/schema\/person\/5eb4abccc9443dff7750dbdd0a22c79e"},"breadcrumb":{"@id":"https:\/\/yoamomimazatlan.com\/?p=5713#breadcrumb"},"inLanguage":"es-MX","potentialAction":[{"@type":"ReadAction","target":["https:\/\/yoamomimazatlan.com\/?p=5713"]}]},{"@type":"BreadcrumbList","@id":"https:\/\/yoamomimazatlan.com\/?p=5713#breadcrumb","itemListElement":[{"@type":"ListItem","position":1,"name":"Inicio","item":"https:\/\/yoamomimazatlan.com\/"},{"@type":"ListItem","position":2,"name":"Gobierno Municipal lleva Lunes C\u00edvico a la comunidad El Habal"}]},{"@type":"WebSite","@id":"https:\/\/yoamomimazatlan.com\/#website","url":"https:\/\/yoamomimazatlan.com\/","name":"Amo mi Mazatl\u00e1n","description":"Somos Pata Salada","potentialAction":[{"@type":"SearchAction","target":{"@type":"EntryPoint","urlTemplate":"https:\/\/yoamomimazatlan.com\/?s={search_term_string}"},"query-input":"required name=search_term_string"}],"inLanguage":"es-MX"},{"@type":"Person","@id":"https:\/\/yoamomimazatlan.com\/#\/schema\/person\/5eb4abccc9443dff7750dbdd0a22c79e","name":"Luis Peraza","image":{"@type":"ImageObject","inLanguage":"es-MX","@id":"https:\/\/yoamomimazatlan.com\/#\/schema\/person\/image\/","url":"https:\/\/secure.gravatar.com\/avatar\/2829a2db2ad27a37cce4111a17f17d49?s=96&d=mm&r=g","contentUrl":"https:\/\/secure.gravatar.com\/avatar\/2829a2db2ad27a37cce4111a17f17d49?s=96&d=mm&r=g","caption":"Luis Peraza"},"url":"https:\/\/yoamomimazatlan.com\/?author=2"}]}},"_links":{"self":[{"href":"https:\/\/yoamomimazatlan.com\/index.php?rest_route=\/wp\/v2\/posts\/5713"}],"collection":[{"href":"https:\/\/yoamomimazatlan.com\/index.php?rest_route=\/wp\/v2\/posts"}],"about":[{"href":"https:\/\/yoamomimazatlan.com\/index.php?rest_route=\/wp\/v2\/types\/post"}],"author":[{"embeddable":true,"href":"https:\/\/yoamomimazatlan.com\/index.php?rest_route=\/wp\/v2\/users\/2"}],"replies":[{"embeddable":true,"href":"https:\/\/yoamomimazatlan.com\/index.php?rest_route=%2Fwp%2Fv2%2Fcomments&post=5713"}],"version-history":[{"count":0,"href":"https:\/\/yoamomimazatlan.com\/index.php?rest_route=\/wp\/v2\/posts\/5713\/revisions"}],"wp:featuredmedia":[{"embeddable":true,"href":"https:\/\/yoamomimazatlan.com\/index.php?rest_route=\/wp\/v2\/media\/5714"}],"wp:attachment":[{"href":"https:\/\/yoamomimazatlan.com\/index.php?rest_route=%2Fwp%2Fv2%2Fmedia&parent=5713"}],"wp:term":[{"taxonomy":"category","embeddable":true,"href":"https:\/\/yoamomimazatlan.com\/index.php?rest_route=%2Fwp%2Fv2%2Fcategories&post=5713"},{"taxonomy":"post_tag","embeddable":true,"href":"https:\/\/yoamomimazatlan.com\/index.php?rest_route=%2Fwp%2Fv2%2Ftags&post=5713"}],"curies":[{"name":"wp","href":"https:\/\/api.w.org\/{rel}","templated":true}]}}