{"id":5956,"date":"2023-01-04T04:06:25","date_gmt":"2023-01-04T04:06:25","guid":{"rendered":"http:\/\/yoamomimazatlan.com\/?p=5956"},"modified":"2023-01-04T04:06:28","modified_gmt":"2023-01-04T04:06:28","slug":"edgar-gonzalez-alcalde-de-mazatlan-inaugura-la-primera-pavimentacion-del-ano-en-el-walamo","status":"publish","type":"post","link":"https:\/\/yoamomimazatlan.com\/?p=5956","title":{"rendered":"Edgar Gonz\u00e1lez, Alcalde de Mazatl\u00e1n, inaugura la primera pavimentaci\u00f3n del a\u00f1o en el Walamo"},"content":{"rendered":"\n<p>El Alcalde Edgar Gonz\u00e1lez entreg\u00f3 a los habitantes de la comisar\u00eda El Walamo, perteneciente a la sindicatura de Villa Uni\u00f3n, la primera pavimentaci\u00f3n del a\u00f1o la tarde de este martes.<\/p>\n\n\n\n<p>Los ciudadanos recibieron la obra hecha en la calle Benito Ju\u00e1rez con agradecimiento, pues afirman, se trata de una comunidad que necesita mucho el apoyo de las autoridades.<\/p>\n\n\n\n<p>Elizabeth Guadalupe Villela, quien habl\u00f3 en representaci\u00f3n de los vecinos beneficiados, mencion\u00f3 que esta obra soluciona el problema que ten\u00edan de inundaciones en el lugar, lo cual, eleva su calidad de vida.<\/p>\n\n\n\n<p>\u201cAhora con su visita nos sentimos m\u00e1s atendidos. Agradecemos mucho la pavimentaci\u00f3n de la calle Benito Ju\u00e1rez y la altura que se dio, ya que nos inundamos en temporada de lluvias\u201d, expres\u00f3<\/p>\n\n\n\n<p>Por su parte, el S\u00edndico de Villa Uni\u00f3n, Leopoldo Guerrero, extern\u00f3 que los habitantes de las comisar\u00edas que pertenecen a la sindicatura est\u00e1n agradecidos con las gestiones que se encuentra haciendo la autoridad municipal para dar soluci\u00f3n a sus problem\u00e1ticas m\u00e1s urgentes como alumbrado y pavimentaci\u00f3n.<\/p>\n\n\n\n<p>\u201cQue mejor que demostrar con actos que la atenci\u00f3n a la zona rural ah\u00ed est\u00e1 y es una realidad (\u2026) La verdad, estamos muy agradecidos y ya era tiempo de que tuvi\u00e9ramos un Presidente Municipal a la altura de nuestras comunidades\u201d.<\/p>\n\n\n\n<p>Por su parte, el Alcalde afirm\u00f3 que es la primera parte de los apoyos que se tienen estimados para la zona rural por la urgencia de obras que presentan.<\/p>\n\n\n\n<p>\u201cDistribuimos el recurso de manera equitativa en las zonas rurales, a todas las comunidades les estamos dando obra para el 2023, adem\u00e1s del alumbrado p\u00fablico, adem\u00e1s de los caminos. Las que nos queden pendientes las meteremos en un segundo paquete, pero en este primer paquete, m\u00e1s de la mitad de las comunidades tienen presupuesto\u201d, destac\u00f3<\/p>\n\n\n\n<p>A la obra de inauguraci\u00f3n acudi\u00f3 la Diputada Ver\u00f3nica Batiz Acosta, regidores, funcionarios municipales y habitantes del lugar.<\/p>\n","protected":false},"excerpt":{"rendered":"<p>El Alcalde Edgar Gonz\u00e1lez entreg\u00f3 a los habitantes de la comisar\u00eda El Walamo, perteneciente a la sindicatura de Villa Uni\u00f3n, la primera pavimentaci\u00f3n del a\u00f1o la tarde de este martes. Los ciudadanos recibieron la obra hecha en la calle Benito Ju\u00e1rez con agradecimiento, pues afirman, se trata de una comunidad que necesita mucho el apoyo [&hellip;]<\/p>\n","protected":false},"author":2,"featured_media":5957,"comment_status":"open","ping_status":"open","sticky":false,"template":"","format":"standard","meta":{"footnotes":""},"categories":[1],"tags":[],"yoast_head":"<!-- This site is optimized with the Yoast SEO plugin v21.7 - https:\/\/yoast.com\/wordpress\/plugins\/seo\/ -->\n<title>Edgar Gonz\u00e1lez, Alcalde de Mazatl\u00e1n, inaugura la primera pavimentaci\u00f3n del a\u00f1o en el Walamo - Amo mi Mazatl\u00e1n<\/title>\n<meta name=\"robots\" content=\"index, follow, max-snippet:-1, max-image-preview:large, max-video-preview:-1\" \/>\n<link rel=\"canonical\" href=\"https:\/\/yoamomimazatlan.com\/?p=5956\" \/>\n<meta property=\"og:locale\" content=\"es_MX\" \/>\n<meta property=\"og:type\" content=\"article\" \/>\n<meta property=\"og:title\" content=\"Edgar Gonz\u00e1lez, Alcalde de Mazatl\u00e1n, inaugura la primera pavimentaci\u00f3n del a\u00f1o en el Walamo - Amo mi Mazatl\u00e1n\" \/>\n<meta property=\"og:description\" content=\"El Alcalde Edgar Gonz\u00e1lez entreg\u00f3 a los habitantes de la comisar\u00eda El Walamo, perteneciente a la sindicatura de Villa Uni\u00f3n, la primera pavimentaci\u00f3n del a\u00f1o la tarde de este martes. Los ciudadanos recibieron la obra hecha en la calle Benito Ju\u00e1rez con agradecimiento, pues afirman, se trata de una comunidad que necesita mucho el apoyo [&hellip;]\" \/>\n<meta property=\"og:url\" content=\"https:\/\/yoamomimazatlan.com\/?p=5956\" \/>\n<meta property=\"og:site_name\" content=\"Amo mi Mazatl\u00e1n\" \/>\n<meta property=\"article:published_time\" content=\"2023-01-04T04:06:25+00:00\" \/>\n<meta property=\"article:modified_time\" content=\"2023-01-04T04:06:28+00:00\" \/>\n<meta property=\"og:image\" content=\"https:\/\/yoamomimazatlan.com\/wp-content\/uploads\/2023\/01\/WhatsApp-Image-2023-01-03-at-8.48.44-PM-scaled.jpeg\" \/>\n\t<meta property=\"og:image:width\" content=\"600\" \/>\n\t<meta property=\"og:image:height\" content=\"400\" \/>\n\t<meta property=\"og:image:type\" content=\"image\/jpeg\" \/>\n<meta name=\"author\" content=\"Luis Peraza\" \/>\n<meta name=\"twitter:card\" content=\"summary_large_image\" \/>\n<meta name=\"twitter:label1\" content=\"Escrito por\" \/>\n\t<meta name=\"twitter:data1\" content=\"Luis Peraza\" \/>\n\t<meta name=\"twitter:label2\" content=\"Tiempo de lectura\" \/>\n\t<meta name=\"twitter:data2\" content=\"2 minutos\" \/>\n<script type=\"application\/ld+json\" class=\"yoast-schema-graph\">{\"@context\":\"https:\/\/schema.org\",\"@graph\":[{\"@type\":\"WebPage\",\"@id\":\"https:\/\/yoamomimazatlan.com\/?p=5956\",\"url\":\"https:\/\/yoamomimazatlan.com\/?p=5956\",\"name\":\"Edgar Gonz\u00e1lez, Alcalde de Mazatl\u00e1n, inaugura la primera pavimentaci\u00f3n del a\u00f1o en el Walamo - Amo mi Mazatl\u00e1n\",\"isPartOf\":{\"@id\":\"https:\/\/yoamomimazatlan.com\/#website\"},\"datePublished\":\"2023-01-04T04:06:25+00:00\",\"dateModified\":\"2023-01-04T04:06:28+00:00\",\"author\":{\"@id\":\"https:\/\/yoamomimazatlan.com\/#\/schema\/person\/5eb4abccc9443dff7750dbdd0a22c79e\"},\"breadcrumb\":{\"@id\":\"https:\/\/yoamomimazatlan.com\/?p=5956#breadcrumb\"},\"inLanguage\":\"es-MX\",\"potentialAction\":[{\"@type\":\"ReadAction\",\"target\":[\"https:\/\/yoamomimazatlan.com\/?p=5956\"]}]},{\"@type\":\"BreadcrumbList\",\"@id\":\"https:\/\/yoamomimazatlan.com\/?p=5956#breadcrumb\",\"itemListElement\":[{\"@type\":\"ListItem\",\"position\":1,\"name\":\"Inicio\",\"item\":\"https:\/\/yoamomimazatlan.com\/\"},{\"@type\":\"ListItem\",\"position\":2,\"name\":\"Edgar Gonz\u00e1lez, Alcalde de Mazatl\u00e1n, inaugura la primera pavimentaci\u00f3n del a\u00f1o en el Walamo\"}]},{\"@type\":\"WebSite\",\"@id\":\"https:\/\/yoamomimazatlan.com\/#website\",\"url\":\"https:\/\/yoamomimazatlan.com\/\",\"name\":\"Amo mi Mazatl\u00e1n\",\"description\":\"Somos Pata Salada\",\"potentialAction\":[{\"@type\":\"SearchAction\",\"target\":{\"@type\":\"EntryPoint\",\"urlTemplate\":\"https:\/\/yoamomimazatlan.com\/?s={search_term_string}\"},\"query-input\":\"required name=search_term_string\"}],\"inLanguage\":\"es-MX\"},{\"@type\":\"Person\",\"@id\":\"https:\/\/yoamomimazatlan.com\/#\/schema\/person\/5eb4abccc9443dff7750dbdd0a22c79e\",\"name\":\"Luis Peraza\",\"image\":{\"@type\":\"ImageObject\",\"inLanguage\":\"es-MX\",\"@id\":\"https:\/\/yoamomimazatlan.com\/#\/schema\/person\/image\/\",\"url\":\"https:\/\/secure.gravatar.com\/avatar\/2829a2db2ad27a37cce4111a17f17d49?s=96&d=mm&r=g\",\"contentUrl\":\"https:\/\/secure.gravatar.com\/avatar\/2829a2db2ad27a37cce4111a17f17d49?s=96&d=mm&r=g\",\"caption\":\"Luis Peraza\"},\"url\":\"https:\/\/yoamomimazatlan.com\/?author=2\"}]}<\/script>\n<!-- \/ Yoast SEO plugin. -->","yoast_head_json":{"title":"Edgar Gonz\u00e1lez, Alcalde de Mazatl\u00e1n, inaugura la primera pavimentaci\u00f3n del a\u00f1o en el Walamo - Amo mi Mazatl\u00e1n","robots":{"index":"index","follow":"follow","max-snippet":"max-snippet:-1","max-image-preview":"max-image-preview:large","max-video-preview":"max-video-preview:-1"},"canonical":"https:\/\/yoamomimazatlan.com\/?p=5956","og_locale":"es_MX","og_type":"article","og_title":"Edgar Gonz\u00e1lez, Alcalde de Mazatl\u00e1n, inaugura la primera pavimentaci\u00f3n del a\u00f1o en el Walamo - Amo mi Mazatl\u00e1n","og_description":"El Alcalde Edgar Gonz\u00e1lez entreg\u00f3 a los habitantes de la comisar\u00eda El Walamo, perteneciente a la sindicatura de Villa Uni\u00f3n, la primera pavimentaci\u00f3n del a\u00f1o la tarde de este martes. Los ciudadanos recibieron la obra hecha en la calle Benito Ju\u00e1rez con agradecimiento, pues afirman, se trata de una comunidad que necesita mucho el apoyo [&hellip;]","og_url":"https:\/\/yoamomimazatlan.com\/?p=5956","og_site_name":"Amo mi Mazatl\u00e1n","article_published_time":"2023-01-04T04:06:25+00:00","article_modified_time":"2023-01-04T04:06:28+00:00","og_image":[{"width":600,"height":400,"url":"https:\/\/yoamomimazatlan.com\/wp-content\/uploads\/2023\/01\/WhatsApp-Image-2023-01-03-at-8.48.44-PM-scaled.jpeg","type":"image\/jpeg"}],"author":"Luis Peraza","twitter_card":"summary_large_image","twitter_misc":{"Escrito por":"Luis Peraza","Tiempo de lectura":"2 minutos"},"schema":{"@context":"https:\/\/schema.org","@graph":[{"@type":"WebPage","@id":"https:\/\/yoamomimazatlan.com\/?p=5956","url":"https:\/\/yoamomimazatlan.com\/?p=5956","name":"Edgar Gonz\u00e1lez, Alcalde de Mazatl\u00e1n, inaugura la primera pavimentaci\u00f3n del a\u00f1o en el Walamo - Amo mi Mazatl\u00e1n","isPartOf":{"@id":"https:\/\/yoamomimazatlan.com\/#website"},"datePublished":"2023-01-04T04:06:25+00:00","dateModified":"2023-01-04T04:06:28+00:00","author":{"@id":"https:\/\/yoamomimazatlan.com\/#\/schema\/person\/5eb4abccc9443dff7750dbdd0a22c79e"},"breadcrumb":{"@id":"https:\/\/yoamomimazatlan.com\/?p=5956#breadcrumb"},"inLanguage":"es-MX","potentialAction":[{"@type":"ReadAction","target":["https:\/\/yoamomimazatlan.com\/?p=5956"]}]},{"@type":"BreadcrumbList","@id":"https:\/\/yoamomimazatlan.com\/?p=5956#breadcrumb","itemListElement":[{"@type":"ListItem","position":1,"name":"Inicio","item":"https:\/\/yoamomimazatlan.com\/"},{"@type":"ListItem","position":2,"name":"Edgar Gonz\u00e1lez, Alcalde de Mazatl\u00e1n, inaugura la primera pavimentaci\u00f3n del a\u00f1o en el Walamo"}]},{"@type":"WebSite","@id":"https:\/\/yoamomimazatlan.com\/#website","url":"https:\/\/yoamomimazatlan.com\/","name":"Amo mi Mazatl\u00e1n","description":"Somos Pata Salada","potentialAction":[{"@type":"SearchAction","target":{"@type":"EntryPoint","urlTemplate":"https:\/\/yoamomimazatlan.com\/?s={search_term_string}"},"query-input":"required name=search_term_string"}],"inLanguage":"es-MX"},{"@type":"Person","@id":"https:\/\/yoamomimazatlan.com\/#\/schema\/person\/5eb4abccc9443dff7750dbdd0a22c79e","name":"Luis Peraza","image":{"@type":"ImageObject","inLanguage":"es-MX","@id":"https:\/\/yoamomimazatlan.com\/#\/schema\/person\/image\/","url":"https:\/\/secure.gravatar.com\/avatar\/2829a2db2ad27a37cce4111a17f17d49?s=96&d=mm&r=g","contentUrl":"https:\/\/secure.gravatar.com\/avatar\/2829a2db2ad27a37cce4111a17f17d49?s=96&d=mm&r=g","caption":"Luis Peraza"},"url":"https:\/\/yoamomimazatlan.com\/?author=2"}]}},"_links":{"self":[{"href":"https:\/\/yoamomimazatlan.com\/index.php?rest_route=\/wp\/v2\/posts\/5956"}],"collection":[{"href":"https:\/\/yoamomimazatlan.com\/index.php?rest_route=\/wp\/v2\/posts"}],"about":[{"href":"https:\/\/yoamomimazatlan.com\/index.php?rest_route=\/wp\/v2\/types\/post"}],"author":[{"embeddable":true,"href":"https:\/\/yoamomimazatlan.com\/index.php?rest_route=\/wp\/v2\/users\/2"}],"replies":[{"embeddable":true,"href":"https:\/\/yoamomimazatlan.com\/index.php?rest_route=%2Fwp%2Fv2%2Fcomments&post=5956"}],"version-history":[{"count":0,"href":"https:\/\/yoamomimazatlan.com\/index.php?rest_route=\/wp\/v2\/posts\/5956\/revisions"}],"wp:featuredmedia":[{"embeddable":true,"href":"https:\/\/yoamomimazatlan.com\/index.php?rest_route=\/wp\/v2\/media\/5957"}],"wp:attachment":[{"href":"https:\/\/yoamomimazatlan.com\/index.php?rest_route=%2Fwp%2Fv2%2Fmedia&parent=5956"}],"wp:term":[{"taxonomy":"category","embeddable":true,"href":"https:\/\/yoamomimazatlan.com\/index.php?rest_route=%2Fwp%2Fv2%2Fcategories&post=5956"},{"taxonomy":"post_tag","embeddable":true,"href":"https:\/\/yoamomimazatlan.com\/index.php?rest_route=%2Fwp%2Fv2%2Ftags&post=5956"}],"curies":[{"name":"wp","href":"https:\/\/api.w.org\/{rel}","templated":true}]}}