{"id":6072,"date":"2023-01-12T02:35:34","date_gmt":"2023-01-12T02:35:34","guid":{"rendered":"http:\/\/yoamomimazatlan.com\/?p=6072"},"modified":"2023-01-12T02:35:36","modified_gmt":"2023-01-12T02:35:36","slug":"vertiginosa-venta-de-boletos-para-asistir-a-los-grandes-eventos-del-carnaval","status":"publish","type":"post","link":"https:\/\/yoamomimazatlan.com\/?p=6072","title":{"rendered":"Vertiginosa venta de boletos para asistir a los grandes eventos del Carnaval"},"content":{"rendered":"\n<p>Vertiginosa venta de boletos se registr\u00f3 este mi\u00e9rcoles ante el anuncio del elenco de los grandes eventos del Carnaval Internacional Mazatl\u00e1n 2023, a realizarse del 16 al 21 de febrero.<\/p>\n\n\n\n<p>El elenco result\u00f3 altamente atractivo para el p\u00fablico y en el primer d\u00eda de apertura de las taquillas, la gente se volc\u00f3 para asegurar sus entradas.<\/p>\n\n\n\n<p>\u201cMe vine de la Gran Plaza porque est\u00e1 muy lleno, pero aqu\u00ed (Instituto de Cultura) tambi\u00e9n hay gente, los boletos se est\u00e1n vendiendo muy r\u00e1pido, la verdad este a\u00f1o se eligi\u00f3 muy buen elenco, est\u00e1n apoyando mucho al talento mazatleco como Ed\u00e9n Mu\u00f1oz y la MS\u201d, extern\u00f3 Carolina Garc\u00eda, quien viaj\u00f3 desde Culiac\u00e1n especialmente para adquirir boletos para asistir a las coronaciones del pr\u00f3ximo carnaval.<\/p>\n\n\n\n<p>\u201cEl a\u00f1o pasado fue mi primer evento y aqu\u00ed me tiene haciendo fila, mi mam\u00e1 vive en Mazatl\u00e1n, yo vivo en Culiac\u00e1n pero me vine en cuanto me enter\u00e9 del elenco\u201d, afirm\u00f3 la joven de 29 a\u00f1os.<\/p>\n\n\n\n<p>En la fila, mientras espera llegar a la taquilla de Cultura, Jorge V\u00e1zquez destaca la calidad del elenco anunciado este mi\u00e9rcoles.<\/p>\n\n\n\n<p>\u201cLa verdad yo pienso que est\u00e1 muy bien debido a que est\u00e1n apoyando a las bandas locales, mucho talento mazatleco y pues aqu\u00ed venimos a comprar un boleto\u201d.<\/p>\n\n\n\n<p>-\u00bfQu\u00e9 artista te late m\u00e1s? La Banda MS, soy fan y pues aqu\u00ed estamos apoyando, se merece actuar en la Coronaci\u00f3n de la Reina, porque es una de las mejores bandas que hay.<\/p>\n\n\n\n<p>\u201cEl elenco me parece muy padre, espero que los conciertos tengan buena organizaci\u00f3n que haya seguridad y la gente respete los lugares porque para eso compramos boletos\u201d, expres\u00f3 Deney Trejo.<\/p>\n\n\n\n<p>Emocionada porque la MS, su banda favorita, se presentar\u00e1 en la coronaci\u00f3n de la Reina del Carnaval, Paulina Tirado espera un buen show durante esta presentaci\u00f3n.<\/p>\n\n\n\n<p>Mientras espera que le toque el turno para comprar sus boletos, la joven de 18 a\u00f1os reitera su gusto por los espect\u00e1culos del Carnaval de Mazatl\u00e1n y agradece la generosidad de su hermana, que cada a\u00f1o le regala los boletos para asistir a las coronaciones.<\/p>\n\n\n\n<p>Sobre el elenco Ana expresa: \u201cYo estaba en mi carro y me acord\u00e9 que iban a anunciar a las 10 de la ma\u00f1ana a los artistas que vienen al carnaval, inmediatamente me fui a Gran Plaza y llegu\u00e9 alrededor de las 11 de la ma\u00f1ana y ya hab\u00eda una fila de aproximadamente 20 personas y siento que la gente estaba esperando conocer qu\u00e9 artistas iban a venir y en cuanto vieron pues\u2026Corrimos\u201d.<\/p>\n\n\n\n<p>\u00a1A m\u00ed la verdad Gloria Gaynor me emocion\u00f3 porque casi no vienen artistas internacionales y yo me qued\u00e9\u2026Wow!!<\/p>\n\n\n\n<p>La gente est\u00e1 reaccionando demasiado bien, pues como le comento, es el primer d\u00eda, como que est\u00e1bamos esperando quienes eran y corrimos a las taquillas, creo que es algo que les va a funcionar mucho.<\/p>\n","protected":false},"excerpt":{"rendered":"<p>Vertiginosa venta de boletos se registr\u00f3 este mi\u00e9rcoles ante el anuncio del elenco de los grandes eventos del Carnaval Internacional Mazatl\u00e1n 2023, a realizarse del 16 al 21 de febrero. El elenco result\u00f3 altamente atractivo para el p\u00fablico y en el primer d\u00eda de apertura de las taquillas, la gente se volc\u00f3 para asegurar sus [&hellip;]<\/p>\n","protected":false},"author":2,"featured_media":6073,"comment_status":"open","ping_status":"open","sticky":false,"template":"","format":"standard","meta":{"footnotes":""},"categories":[1],"tags":[],"yoast_head":"<!-- This site is optimized with the Yoast SEO plugin v21.7 - https:\/\/yoast.com\/wordpress\/plugins\/seo\/ -->\n<title>Vertiginosa venta de boletos para asistir a los grandes eventos del Carnaval - Amo mi Mazatl\u00e1n<\/title>\n<meta name=\"robots\" content=\"index, follow, max-snippet:-1, max-image-preview:large, max-video-preview:-1\" \/>\n<link rel=\"canonical\" href=\"https:\/\/yoamomimazatlan.com\/?p=6072\" \/>\n<meta property=\"og:locale\" content=\"es_MX\" \/>\n<meta property=\"og:type\" content=\"article\" \/>\n<meta property=\"og:title\" content=\"Vertiginosa venta de boletos para asistir a los grandes eventos del Carnaval - Amo mi Mazatl\u00e1n\" \/>\n<meta property=\"og:description\" content=\"Vertiginosa venta de boletos se registr\u00f3 este mi\u00e9rcoles ante el anuncio del elenco de los grandes eventos del Carnaval Internacional Mazatl\u00e1n 2023, a realizarse del 16 al 21 de febrero. El elenco result\u00f3 altamente atractivo para el p\u00fablico y en el primer d\u00eda de apertura de las taquillas, la gente se volc\u00f3 para asegurar sus [&hellip;]\" \/>\n<meta property=\"og:url\" content=\"https:\/\/yoamomimazatlan.com\/?p=6072\" \/>\n<meta property=\"og:site_name\" content=\"Amo mi Mazatl\u00e1n\" \/>\n<meta property=\"article:published_time\" content=\"2023-01-12T02:35:34+00:00\" \/>\n<meta property=\"article:modified_time\" content=\"2023-01-12T02:35:36+00:00\" \/>\n<meta property=\"og:image\" content=\"https:\/\/yoamomimazatlan.com\/wp-content\/uploads\/2023\/01\/WhatsApp-Image-2023-01-11-at-7.10.11-PM-scaled.jpeg\" \/>\n\t<meta property=\"og:image:width\" content=\"600\" \/>\n\t<meta property=\"og:image:height\" content=\"400\" \/>\n\t<meta property=\"og:image:type\" content=\"image\/jpeg\" \/>\n<meta name=\"author\" content=\"Luis Peraza\" \/>\n<meta name=\"twitter:card\" content=\"summary_large_image\" \/>\n<meta name=\"twitter:label1\" content=\"Escrito por\" \/>\n\t<meta name=\"twitter:data1\" content=\"Luis Peraza\" \/>\n\t<meta name=\"twitter:label2\" content=\"Tiempo de lectura\" \/>\n\t<meta name=\"twitter:data2\" content=\"3 minutos\" \/>\n<script type=\"application\/ld+json\" class=\"yoast-schema-graph\">{\"@context\":\"https:\/\/schema.org\",\"@graph\":[{\"@type\":\"WebPage\",\"@id\":\"https:\/\/yoamomimazatlan.com\/?p=6072\",\"url\":\"https:\/\/yoamomimazatlan.com\/?p=6072\",\"name\":\"Vertiginosa venta de boletos para asistir a los grandes eventos del Carnaval - Amo mi Mazatl\u00e1n\",\"isPartOf\":{\"@id\":\"https:\/\/yoamomimazatlan.com\/#website\"},\"datePublished\":\"2023-01-12T02:35:34+00:00\",\"dateModified\":\"2023-01-12T02:35:36+00:00\",\"author\":{\"@id\":\"https:\/\/yoamomimazatlan.com\/#\/schema\/person\/5eb4abccc9443dff7750dbdd0a22c79e\"},\"breadcrumb\":{\"@id\":\"https:\/\/yoamomimazatlan.com\/?p=6072#breadcrumb\"},\"inLanguage\":\"es-MX\",\"potentialAction\":[{\"@type\":\"ReadAction\",\"target\":[\"https:\/\/yoamomimazatlan.com\/?p=6072\"]}]},{\"@type\":\"BreadcrumbList\",\"@id\":\"https:\/\/yoamomimazatlan.com\/?p=6072#breadcrumb\",\"itemListElement\":[{\"@type\":\"ListItem\",\"position\":1,\"name\":\"Inicio\",\"item\":\"https:\/\/yoamomimazatlan.com\/\"},{\"@type\":\"ListItem\",\"position\":2,\"name\":\"Vertiginosa venta de boletos para asistir a los grandes eventos del Carnaval\"}]},{\"@type\":\"WebSite\",\"@id\":\"https:\/\/yoamomimazatlan.com\/#website\",\"url\":\"https:\/\/yoamomimazatlan.com\/\",\"name\":\"Amo mi Mazatl\u00e1n\",\"description\":\"Somos Pata Salada\",\"potentialAction\":[{\"@type\":\"SearchAction\",\"target\":{\"@type\":\"EntryPoint\",\"urlTemplate\":\"https:\/\/yoamomimazatlan.com\/?s={search_term_string}\"},\"query-input\":\"required name=search_term_string\"}],\"inLanguage\":\"es-MX\"},{\"@type\":\"Person\",\"@id\":\"https:\/\/yoamomimazatlan.com\/#\/schema\/person\/5eb4abccc9443dff7750dbdd0a22c79e\",\"name\":\"Luis Peraza\",\"image\":{\"@type\":\"ImageObject\",\"inLanguage\":\"es-MX\",\"@id\":\"https:\/\/yoamomimazatlan.com\/#\/schema\/person\/image\/\",\"url\":\"https:\/\/secure.gravatar.com\/avatar\/2829a2db2ad27a37cce4111a17f17d49?s=96&d=mm&r=g\",\"contentUrl\":\"https:\/\/secure.gravatar.com\/avatar\/2829a2db2ad27a37cce4111a17f17d49?s=96&d=mm&r=g\",\"caption\":\"Luis Peraza\"},\"url\":\"https:\/\/yoamomimazatlan.com\/?author=2\"}]}<\/script>\n<!-- \/ Yoast SEO plugin. -->","yoast_head_json":{"title":"Vertiginosa venta de boletos para asistir a los grandes eventos del Carnaval - Amo mi Mazatl\u00e1n","robots":{"index":"index","follow":"follow","max-snippet":"max-snippet:-1","max-image-preview":"max-image-preview:large","max-video-preview":"max-video-preview:-1"},"canonical":"https:\/\/yoamomimazatlan.com\/?p=6072","og_locale":"es_MX","og_type":"article","og_title":"Vertiginosa venta de boletos para asistir a los grandes eventos del Carnaval - Amo mi Mazatl\u00e1n","og_description":"Vertiginosa venta de boletos se registr\u00f3 este mi\u00e9rcoles ante el anuncio del elenco de los grandes eventos del Carnaval Internacional Mazatl\u00e1n 2023, a realizarse del 16 al 21 de febrero. El elenco result\u00f3 altamente atractivo para el p\u00fablico y en el primer d\u00eda de apertura de las taquillas, la gente se volc\u00f3 para asegurar sus [&hellip;]","og_url":"https:\/\/yoamomimazatlan.com\/?p=6072","og_site_name":"Amo mi Mazatl\u00e1n","article_published_time":"2023-01-12T02:35:34+00:00","article_modified_time":"2023-01-12T02:35:36+00:00","og_image":[{"width":600,"height":400,"url":"https:\/\/yoamomimazatlan.com\/wp-content\/uploads\/2023\/01\/WhatsApp-Image-2023-01-11-at-7.10.11-PM-scaled.jpeg","type":"image\/jpeg"}],"author":"Luis Peraza","twitter_card":"summary_large_image","twitter_misc":{"Escrito por":"Luis Peraza","Tiempo de lectura":"3 minutos"},"schema":{"@context":"https:\/\/schema.org","@graph":[{"@type":"WebPage","@id":"https:\/\/yoamomimazatlan.com\/?p=6072","url":"https:\/\/yoamomimazatlan.com\/?p=6072","name":"Vertiginosa venta de boletos para asistir a los grandes eventos del Carnaval - Amo mi Mazatl\u00e1n","isPartOf":{"@id":"https:\/\/yoamomimazatlan.com\/#website"},"datePublished":"2023-01-12T02:35:34+00:00","dateModified":"2023-01-12T02:35:36+00:00","author":{"@id":"https:\/\/yoamomimazatlan.com\/#\/schema\/person\/5eb4abccc9443dff7750dbdd0a22c79e"},"breadcrumb":{"@id":"https:\/\/yoamomimazatlan.com\/?p=6072#breadcrumb"},"inLanguage":"es-MX","potentialAction":[{"@type":"ReadAction","target":["https:\/\/yoamomimazatlan.com\/?p=6072"]}]},{"@type":"BreadcrumbList","@id":"https:\/\/yoamomimazatlan.com\/?p=6072#breadcrumb","itemListElement":[{"@type":"ListItem","position":1,"name":"Inicio","item":"https:\/\/yoamomimazatlan.com\/"},{"@type":"ListItem","position":2,"name":"Vertiginosa venta de boletos para asistir a los grandes eventos del Carnaval"}]},{"@type":"WebSite","@id":"https:\/\/yoamomimazatlan.com\/#website","url":"https:\/\/yoamomimazatlan.com\/","name":"Amo mi Mazatl\u00e1n","description":"Somos Pata Salada","potentialAction":[{"@type":"SearchAction","target":{"@type":"EntryPoint","urlTemplate":"https:\/\/yoamomimazatlan.com\/?s={search_term_string}"},"query-input":"required name=search_term_string"}],"inLanguage":"es-MX"},{"@type":"Person","@id":"https:\/\/yoamomimazatlan.com\/#\/schema\/person\/5eb4abccc9443dff7750dbdd0a22c79e","name":"Luis Peraza","image":{"@type":"ImageObject","inLanguage":"es-MX","@id":"https:\/\/yoamomimazatlan.com\/#\/schema\/person\/image\/","url":"https:\/\/secure.gravatar.com\/avatar\/2829a2db2ad27a37cce4111a17f17d49?s=96&d=mm&r=g","contentUrl":"https:\/\/secure.gravatar.com\/avatar\/2829a2db2ad27a37cce4111a17f17d49?s=96&d=mm&r=g","caption":"Luis Peraza"},"url":"https:\/\/yoamomimazatlan.com\/?author=2"}]}},"_links":{"self":[{"href":"https:\/\/yoamomimazatlan.com\/index.php?rest_route=\/wp\/v2\/posts\/6072"}],"collection":[{"href":"https:\/\/yoamomimazatlan.com\/index.php?rest_route=\/wp\/v2\/posts"}],"about":[{"href":"https:\/\/yoamomimazatlan.com\/index.php?rest_route=\/wp\/v2\/types\/post"}],"author":[{"embeddable":true,"href":"https:\/\/yoamomimazatlan.com\/index.php?rest_route=\/wp\/v2\/users\/2"}],"replies":[{"embeddable":true,"href":"https:\/\/yoamomimazatlan.com\/index.php?rest_route=%2Fwp%2Fv2%2Fcomments&post=6072"}],"version-history":[{"count":0,"href":"https:\/\/yoamomimazatlan.com\/index.php?rest_route=\/wp\/v2\/posts\/6072\/revisions"}],"wp:featuredmedia":[{"embeddable":true,"href":"https:\/\/yoamomimazatlan.com\/index.php?rest_route=\/wp\/v2\/media\/6073"}],"wp:attachment":[{"href":"https:\/\/yoamomimazatlan.com\/index.php?rest_route=%2Fwp%2Fv2%2Fmedia&parent=6072"}],"wp:term":[{"taxonomy":"category","embeddable":true,"href":"https:\/\/yoamomimazatlan.com\/index.php?rest_route=%2Fwp%2Fv2%2Fcategories&post=6072"},{"taxonomy":"post_tag","embeddable":true,"href":"https:\/\/yoamomimazatlan.com\/index.php?rest_route=%2Fwp%2Fv2%2Ftags&post=6072"}],"curies":[{"name":"wp","href":"https:\/\/api.w.org\/{rel}","templated":true}]}}