{"id":6139,"date":"2023-01-17T21:32:59","date_gmt":"2023-01-17T21:32:59","guid":{"rendered":"http:\/\/yoamomimazatlan.com\/?p=6139"},"modified":"2023-01-17T21:34:03","modified_gmt":"2023-01-17T21:34:03","slug":"toma-protesta-nueva-directora-de-servicios-medicos-municipales","status":"publish","type":"post","link":"https:\/\/yoamomimazatlan.com\/?p=6139","title":{"rendered":"Toma protesta nueva directora de Servicios M\u00e9dicos Municipales"},"content":{"rendered":"\n<p>La doctora Claudia P\u00e9rez Ram\u00edrez es, a partir de este martes, directora de Servicios M\u00e9dicos Municipales.<\/p>\n\n\n\n<p>Edgar Gonz\u00e1lez, Alcalde de Mazatl\u00e1n, fue el encargado de tomarle protesta de ley a la nueva funcionaria, a quien le pidi\u00f3 trabajar con eficiencia y responsabilidad en el cargo que asume.<\/p>\n\n\n\n<p>Este martes tambi\u00e9n se tom\u00f3 protesta a quien fungir\u00e1 como subdirectora del \u00e1rea, la doctora Mar\u00eda Cristina Ortiz Ramos.<\/p>\n\n\n\n<p>Ambas funcionarias toman posesi\u00f3n de su encargo este mismo martes, para empezar a trabajar en beneficio de los derechohabientes del Hospital Municipal Margarita Maza de Ju\u00e1rez, as\u00ed como de la poblaci\u00f3n mazatleca en general, en cuesti\u00f3n de prevenci\u00f3n y servicios de salud.<\/p>\n","protected":false},"excerpt":{"rendered":"<p>La doctora Claudia P\u00e9rez Ram\u00edrez es, a partir de este martes, directora de Servicios M\u00e9dicos Municipales. Edgar Gonz\u00e1lez, Alcalde de Mazatl\u00e1n, fue el encargado de tomarle protesta de ley a la nueva funcionaria, a quien le pidi\u00f3 trabajar con eficiencia y responsabilidad en el cargo que asume. Este martes tambi\u00e9n se tom\u00f3 protesta a quien [&hellip;]<\/p>\n","protected":false},"author":2,"featured_media":6143,"comment_status":"open","ping_status":"open","sticky":false,"template":"","format":"standard","meta":{"footnotes":""},"categories":[1],"tags":[],"yoast_head":"<!-- This site is optimized with the Yoast SEO plugin v21.7 - https:\/\/yoast.com\/wordpress\/plugins\/seo\/ -->\n<title>Toma protesta nueva directora de Servicios M\u00e9dicos Municipales - Amo mi Mazatl\u00e1n<\/title>\n<meta name=\"robots\" content=\"index, follow, max-snippet:-1, max-image-preview:large, max-video-preview:-1\" \/>\n<link rel=\"canonical\" href=\"https:\/\/yoamomimazatlan.com\/?p=6139\" \/>\n<meta property=\"og:locale\" content=\"es_MX\" \/>\n<meta property=\"og:type\" content=\"article\" \/>\n<meta property=\"og:title\" content=\"Toma protesta nueva directora de Servicios M\u00e9dicos Municipales - Amo mi Mazatl\u00e1n\" \/>\n<meta property=\"og:description\" content=\"La doctora Claudia P\u00e9rez Ram\u00edrez es, a partir de este martes, directora de Servicios M\u00e9dicos Municipales. Edgar Gonz\u00e1lez, Alcalde de Mazatl\u00e1n, fue el encargado de tomarle protesta de ley a la nueva funcionaria, a quien le pidi\u00f3 trabajar con eficiencia y responsabilidad en el cargo que asume. Este martes tambi\u00e9n se tom\u00f3 protesta a quien [&hellip;]\" \/>\n<meta property=\"og:url\" content=\"https:\/\/yoamomimazatlan.com\/?p=6139\" \/>\n<meta property=\"og:site_name\" content=\"Amo mi Mazatl\u00e1n\" \/>\n<meta property=\"article:published_time\" content=\"2023-01-17T21:32:59+00:00\" \/>\n<meta property=\"article:modified_time\" content=\"2023-01-17T21:34:03+00:00\" \/>\n<meta property=\"og:image\" content=\"https:\/\/yoamomimazatlan.com\/wp-content\/uploads\/2023\/01\/WhatsApp-Image-2023-01-17-at-11.58.47-AM-1-scaled.jpeg\" \/>\n\t<meta property=\"og:image:width\" content=\"600\" \/>\n\t<meta property=\"og:image:height\" content=\"400\" \/>\n\t<meta property=\"og:image:type\" content=\"image\/jpeg\" \/>\n<meta name=\"author\" content=\"Luis Peraza\" \/>\n<meta name=\"twitter:card\" content=\"summary_large_image\" \/>\n<meta name=\"twitter:label1\" content=\"Escrito por\" \/>\n\t<meta name=\"twitter:data1\" content=\"Luis Peraza\" \/>\n\t<meta name=\"twitter:label2\" content=\"Tiempo de lectura\" \/>\n\t<meta name=\"twitter:data2\" content=\"1 minuto\" \/>\n<script type=\"application\/ld+json\" class=\"yoast-schema-graph\">{\"@context\":\"https:\/\/schema.org\",\"@graph\":[{\"@type\":\"WebPage\",\"@id\":\"https:\/\/yoamomimazatlan.com\/?p=6139\",\"url\":\"https:\/\/yoamomimazatlan.com\/?p=6139\",\"name\":\"Toma protesta nueva directora de Servicios M\u00e9dicos Municipales - Amo mi Mazatl\u00e1n\",\"isPartOf\":{\"@id\":\"https:\/\/yoamomimazatlan.com\/#website\"},\"datePublished\":\"2023-01-17T21:32:59+00:00\",\"dateModified\":\"2023-01-17T21:34:03+00:00\",\"author\":{\"@id\":\"https:\/\/yoamomimazatlan.com\/#\/schema\/person\/5eb4abccc9443dff7750dbdd0a22c79e\"},\"breadcrumb\":{\"@id\":\"https:\/\/yoamomimazatlan.com\/?p=6139#breadcrumb\"},\"inLanguage\":\"es-MX\",\"potentialAction\":[{\"@type\":\"ReadAction\",\"target\":[\"https:\/\/yoamomimazatlan.com\/?p=6139\"]}]},{\"@type\":\"BreadcrumbList\",\"@id\":\"https:\/\/yoamomimazatlan.com\/?p=6139#breadcrumb\",\"itemListElement\":[{\"@type\":\"ListItem\",\"position\":1,\"name\":\"Inicio\",\"item\":\"https:\/\/yoamomimazatlan.com\/\"},{\"@type\":\"ListItem\",\"position\":2,\"name\":\"Toma protesta nueva directora de Servicios M\u00e9dicos Municipales\"}]},{\"@type\":\"WebSite\",\"@id\":\"https:\/\/yoamomimazatlan.com\/#website\",\"url\":\"https:\/\/yoamomimazatlan.com\/\",\"name\":\"Amo mi Mazatl\u00e1n\",\"description\":\"Somos Pata Salada\",\"potentialAction\":[{\"@type\":\"SearchAction\",\"target\":{\"@type\":\"EntryPoint\",\"urlTemplate\":\"https:\/\/yoamomimazatlan.com\/?s={search_term_string}\"},\"query-input\":\"required name=search_term_string\"}],\"inLanguage\":\"es-MX\"},{\"@type\":\"Person\",\"@id\":\"https:\/\/yoamomimazatlan.com\/#\/schema\/person\/5eb4abccc9443dff7750dbdd0a22c79e\",\"name\":\"Luis Peraza\",\"image\":{\"@type\":\"ImageObject\",\"inLanguage\":\"es-MX\",\"@id\":\"https:\/\/yoamomimazatlan.com\/#\/schema\/person\/image\/\",\"url\":\"https:\/\/secure.gravatar.com\/avatar\/2829a2db2ad27a37cce4111a17f17d49?s=96&d=mm&r=g\",\"contentUrl\":\"https:\/\/secure.gravatar.com\/avatar\/2829a2db2ad27a37cce4111a17f17d49?s=96&d=mm&r=g\",\"caption\":\"Luis Peraza\"},\"url\":\"https:\/\/yoamomimazatlan.com\/?author=2\"}]}<\/script>\n<!-- \/ Yoast SEO plugin. -->","yoast_head_json":{"title":"Toma protesta nueva directora de Servicios M\u00e9dicos Municipales - Amo mi Mazatl\u00e1n","robots":{"index":"index","follow":"follow","max-snippet":"max-snippet:-1","max-image-preview":"max-image-preview:large","max-video-preview":"max-video-preview:-1"},"canonical":"https:\/\/yoamomimazatlan.com\/?p=6139","og_locale":"es_MX","og_type":"article","og_title":"Toma protesta nueva directora de Servicios M\u00e9dicos Municipales - Amo mi Mazatl\u00e1n","og_description":"La doctora Claudia P\u00e9rez Ram\u00edrez es, a partir de este martes, directora de Servicios M\u00e9dicos Municipales. Edgar Gonz\u00e1lez, Alcalde de Mazatl\u00e1n, fue el encargado de tomarle protesta de ley a la nueva funcionaria, a quien le pidi\u00f3 trabajar con eficiencia y responsabilidad en el cargo que asume. Este martes tambi\u00e9n se tom\u00f3 protesta a quien [&hellip;]","og_url":"https:\/\/yoamomimazatlan.com\/?p=6139","og_site_name":"Amo mi Mazatl\u00e1n","article_published_time":"2023-01-17T21:32:59+00:00","article_modified_time":"2023-01-17T21:34:03+00:00","og_image":[{"width":600,"height":400,"url":"https:\/\/yoamomimazatlan.com\/wp-content\/uploads\/2023\/01\/WhatsApp-Image-2023-01-17-at-11.58.47-AM-1-scaled.jpeg","type":"image\/jpeg"}],"author":"Luis Peraza","twitter_card":"summary_large_image","twitter_misc":{"Escrito por":"Luis Peraza","Tiempo de lectura":"1 minuto"},"schema":{"@context":"https:\/\/schema.org","@graph":[{"@type":"WebPage","@id":"https:\/\/yoamomimazatlan.com\/?p=6139","url":"https:\/\/yoamomimazatlan.com\/?p=6139","name":"Toma protesta nueva directora de Servicios M\u00e9dicos Municipales - Amo mi Mazatl\u00e1n","isPartOf":{"@id":"https:\/\/yoamomimazatlan.com\/#website"},"datePublished":"2023-01-17T21:32:59+00:00","dateModified":"2023-01-17T21:34:03+00:00","author":{"@id":"https:\/\/yoamomimazatlan.com\/#\/schema\/person\/5eb4abccc9443dff7750dbdd0a22c79e"},"breadcrumb":{"@id":"https:\/\/yoamomimazatlan.com\/?p=6139#breadcrumb"},"inLanguage":"es-MX","potentialAction":[{"@type":"ReadAction","target":["https:\/\/yoamomimazatlan.com\/?p=6139"]}]},{"@type":"BreadcrumbList","@id":"https:\/\/yoamomimazatlan.com\/?p=6139#breadcrumb","itemListElement":[{"@type":"ListItem","position":1,"name":"Inicio","item":"https:\/\/yoamomimazatlan.com\/"},{"@type":"ListItem","position":2,"name":"Toma protesta nueva directora de Servicios M\u00e9dicos Municipales"}]},{"@type":"WebSite","@id":"https:\/\/yoamomimazatlan.com\/#website","url":"https:\/\/yoamomimazatlan.com\/","name":"Amo mi Mazatl\u00e1n","description":"Somos Pata Salada","potentialAction":[{"@type":"SearchAction","target":{"@type":"EntryPoint","urlTemplate":"https:\/\/yoamomimazatlan.com\/?s={search_term_string}"},"query-input":"required name=search_term_string"}],"inLanguage":"es-MX"},{"@type":"Person","@id":"https:\/\/yoamomimazatlan.com\/#\/schema\/person\/5eb4abccc9443dff7750dbdd0a22c79e","name":"Luis Peraza","image":{"@type":"ImageObject","inLanguage":"es-MX","@id":"https:\/\/yoamomimazatlan.com\/#\/schema\/person\/image\/","url":"https:\/\/secure.gravatar.com\/avatar\/2829a2db2ad27a37cce4111a17f17d49?s=96&d=mm&r=g","contentUrl":"https:\/\/secure.gravatar.com\/avatar\/2829a2db2ad27a37cce4111a17f17d49?s=96&d=mm&r=g","caption":"Luis Peraza"},"url":"https:\/\/yoamomimazatlan.com\/?author=2"}]}},"_links":{"self":[{"href":"https:\/\/yoamomimazatlan.com\/index.php?rest_route=\/wp\/v2\/posts\/6139"}],"collection":[{"href":"https:\/\/yoamomimazatlan.com\/index.php?rest_route=\/wp\/v2\/posts"}],"about":[{"href":"https:\/\/yoamomimazatlan.com\/index.php?rest_route=\/wp\/v2\/types\/post"}],"author":[{"embeddable":true,"href":"https:\/\/yoamomimazatlan.com\/index.php?rest_route=\/wp\/v2\/users\/2"}],"replies":[{"embeddable":true,"href":"https:\/\/yoamomimazatlan.com\/index.php?rest_route=%2Fwp%2Fv2%2Fcomments&post=6139"}],"version-history":[{"count":0,"href":"https:\/\/yoamomimazatlan.com\/index.php?rest_route=\/wp\/v2\/posts\/6139\/revisions"}],"wp:featuredmedia":[{"embeddable":true,"href":"https:\/\/yoamomimazatlan.com\/index.php?rest_route=\/wp\/v2\/media\/6143"}],"wp:attachment":[{"href":"https:\/\/yoamomimazatlan.com\/index.php?rest_route=%2Fwp%2Fv2%2Fmedia&parent=6139"}],"wp:term":[{"taxonomy":"category","embeddable":true,"href":"https:\/\/yoamomimazatlan.com\/index.php?rest_route=%2Fwp%2Fv2%2Fcategories&post=6139"},{"taxonomy":"post_tag","embeddable":true,"href":"https:\/\/yoamomimazatlan.com\/index.php?rest_route=%2Fwp%2Fv2%2Ftags&post=6139"}],"curies":[{"name":"wp","href":"https:\/\/api.w.org\/{rel}","templated":true}]}}