{"id":6328,"date":"2023-02-20T08:30:05","date_gmt":"2023-02-20T08:30:05","guid":{"rendered":"http:\/\/yoamomimazatlan.com\/?p=6328"},"modified":"2023-02-20T08:31:34","modified_gmt":"2023-02-20T08:31:34","slug":"majestuoso-desfile-de-carnaval-encanta-a-miles-de-espectadores","status":"publish","type":"post","link":"https:\/\/yoamomimazatlan.com\/?p=6328","title":{"rendered":"Majestuoso desfile de Carnaval encanta a miles de espectadores"},"content":{"rendered":"\n<p>Miles de mazatlecos y turistas de todas partes de la Rep\u00fablica disfrutaron en grande del primer desfile del Carnaval de Mazatl\u00e1n 2023 \u201cDejav\u00fa 125 a\u00f1os de tradici\u00f3n\u201d.<\/p>\n\n\n\n<p>El ambiente de la m\u00e1xima fiesta del puerto se dej\u00f3 sentir con la alegr\u00eda y el baile de las comparsas, la m\u00fasica de banda y el colorido de los carros aleg\u00f3ricos, las majestuosas carrozas reales y la presencia de los soberanos del Carnaval que fueron aplaudidos por todos los asistentes.<\/p>\n\n\n\n<p>El Alcalde de Mazatl\u00e1n, Edgar Gonz\u00e1lez y el Gobernador de Sinaloa, Rub\u00e9n Rocha Moya, acompa\u00f1ados de las Presidentas del Sistema DIF Municipal y Estatal, Mar\u00eda Teresa Apodaca y Eneyda Rocha Ruiz, aprovecharon el espacio entre la avanzada comercial y el desfile para saludar a las familias congregadas en el malec\u00f3n y disfrutaron al m\u00e1ximo del paso del contingente carnavalero.<\/p>\n\n\n\n<p>Los asistentes como es costumbre disfrutaron de la fiesta y en esta ocasi\u00f3n ovacionaron la participaci\u00f3n de la Banda MS que a bordo de uno de los carros aleg\u00f3ricos complaci\u00f3 a todos con su mejor repertorio.<\/p>\n\n\n\n<p>Chicos y grandes se mostraron felices y satisfechos al finalizar el desfile, muchos de ellos prometiendo volver el martes de Carnaval para presenciar de nuevo el paso del desfile para cerrar con broche de oro la m\u00e1xima fiesta mazatleca y sus 125 a\u00f1os de tradici\u00f3n.<\/p>\n","protected":false},"excerpt":{"rendered":"<p>Miles de mazatlecos y turistas de todas partes de la Rep\u00fablica disfrutaron en grande del primer desfile del Carnaval de Mazatl\u00e1n 2023 \u201cDejav\u00fa 125 a\u00f1os de tradici\u00f3n\u201d. El ambiente de la m\u00e1xima fiesta del puerto se dej\u00f3 sentir con la alegr\u00eda y el baile de las comparsas, la m\u00fasica de banda y el colorido de [&hellip;]<\/p>\n","protected":false},"author":2,"featured_media":6329,"comment_status":"open","ping_status":"open","sticky":false,"template":"","format":"standard","meta":{"footnotes":""},"categories":[1],"tags":[],"yoast_head":"<!-- This site is optimized with the Yoast SEO plugin v21.7 - https:\/\/yoast.com\/wordpress\/plugins\/seo\/ -->\n<title>Majestuoso desfile de Carnaval encanta a miles de espectadores - Amo mi Mazatl\u00e1n<\/title>\n<meta name=\"robots\" content=\"index, follow, max-snippet:-1, max-image-preview:large, max-video-preview:-1\" \/>\n<link rel=\"canonical\" href=\"https:\/\/yoamomimazatlan.com\/?p=6328\" \/>\n<meta property=\"og:locale\" content=\"es_MX\" \/>\n<meta property=\"og:type\" content=\"article\" \/>\n<meta property=\"og:title\" content=\"Majestuoso desfile de Carnaval encanta a miles de espectadores - Amo mi Mazatl\u00e1n\" \/>\n<meta property=\"og:description\" content=\"Miles de mazatlecos y turistas de todas partes de la Rep\u00fablica disfrutaron en grande del primer desfile del Carnaval de Mazatl\u00e1n 2023 \u201cDejav\u00fa 125 a\u00f1os de tradici\u00f3n\u201d. El ambiente de la m\u00e1xima fiesta del puerto se dej\u00f3 sentir con la alegr\u00eda y el baile de las comparsas, la m\u00fasica de banda y el colorido de [&hellip;]\" \/>\n<meta property=\"og:url\" content=\"https:\/\/yoamomimazatlan.com\/?p=6328\" \/>\n<meta property=\"og:site_name\" content=\"Amo mi Mazatl\u00e1n\" \/>\n<meta property=\"article:published_time\" content=\"2023-02-20T08:30:05+00:00\" \/>\n<meta property=\"article:modified_time\" content=\"2023-02-20T08:31:34+00:00\" \/>\n<meta property=\"og:image\" content=\"https:\/\/yoamomimazatlan.com\/wp-content\/uploads\/2023\/02\/WhatsApp-Image-2023-02-19-at-10.50.15-PM-scaled.jpeg\" \/>\n\t<meta property=\"og:image:width\" content=\"600\" \/>\n\t<meta property=\"og:image:height\" content=\"400\" \/>\n\t<meta property=\"og:image:type\" content=\"image\/jpeg\" \/>\n<meta name=\"author\" content=\"Luis Peraza\" \/>\n<meta name=\"twitter:card\" content=\"summary_large_image\" \/>\n<meta name=\"twitter:label1\" content=\"Escrito por\" \/>\n\t<meta name=\"twitter:data1\" content=\"Luis Peraza\" \/>\n\t<meta name=\"twitter:label2\" content=\"Tiempo de lectura\" \/>\n\t<meta name=\"twitter:data2\" content=\"1 minuto\" \/>\n<script type=\"application\/ld+json\" class=\"yoast-schema-graph\">{\"@context\":\"https:\/\/schema.org\",\"@graph\":[{\"@type\":\"WebPage\",\"@id\":\"https:\/\/yoamomimazatlan.com\/?p=6328\",\"url\":\"https:\/\/yoamomimazatlan.com\/?p=6328\",\"name\":\"Majestuoso desfile de Carnaval encanta a miles de espectadores - Amo mi Mazatl\u00e1n\",\"isPartOf\":{\"@id\":\"https:\/\/yoamomimazatlan.com\/#website\"},\"datePublished\":\"2023-02-20T08:30:05+00:00\",\"dateModified\":\"2023-02-20T08:31:34+00:00\",\"author\":{\"@id\":\"https:\/\/yoamomimazatlan.com\/#\/schema\/person\/5eb4abccc9443dff7750dbdd0a22c79e\"},\"breadcrumb\":{\"@id\":\"https:\/\/yoamomimazatlan.com\/?p=6328#breadcrumb\"},\"inLanguage\":\"es-MX\",\"potentialAction\":[{\"@type\":\"ReadAction\",\"target\":[\"https:\/\/yoamomimazatlan.com\/?p=6328\"]}]},{\"@type\":\"BreadcrumbList\",\"@id\":\"https:\/\/yoamomimazatlan.com\/?p=6328#breadcrumb\",\"itemListElement\":[{\"@type\":\"ListItem\",\"position\":1,\"name\":\"Inicio\",\"item\":\"https:\/\/yoamomimazatlan.com\/\"},{\"@type\":\"ListItem\",\"position\":2,\"name\":\"Majestuoso desfile de Carnaval encanta a miles de espectadores\"}]},{\"@type\":\"WebSite\",\"@id\":\"https:\/\/yoamomimazatlan.com\/#website\",\"url\":\"https:\/\/yoamomimazatlan.com\/\",\"name\":\"Amo mi Mazatl\u00e1n\",\"description\":\"Somos Pata Salada\",\"potentialAction\":[{\"@type\":\"SearchAction\",\"target\":{\"@type\":\"EntryPoint\",\"urlTemplate\":\"https:\/\/yoamomimazatlan.com\/?s={search_term_string}\"},\"query-input\":\"required name=search_term_string\"}],\"inLanguage\":\"es-MX\"},{\"@type\":\"Person\",\"@id\":\"https:\/\/yoamomimazatlan.com\/#\/schema\/person\/5eb4abccc9443dff7750dbdd0a22c79e\",\"name\":\"Luis Peraza\",\"image\":{\"@type\":\"ImageObject\",\"inLanguage\":\"es-MX\",\"@id\":\"https:\/\/yoamomimazatlan.com\/#\/schema\/person\/image\/\",\"url\":\"https:\/\/secure.gravatar.com\/avatar\/2829a2db2ad27a37cce4111a17f17d49?s=96&d=mm&r=g\",\"contentUrl\":\"https:\/\/secure.gravatar.com\/avatar\/2829a2db2ad27a37cce4111a17f17d49?s=96&d=mm&r=g\",\"caption\":\"Luis Peraza\"},\"url\":\"https:\/\/yoamomimazatlan.com\/?author=2\"}]}<\/script>\n<!-- \/ Yoast SEO plugin. -->","yoast_head_json":{"title":"Majestuoso desfile de Carnaval encanta a miles de espectadores - Amo mi Mazatl\u00e1n","robots":{"index":"index","follow":"follow","max-snippet":"max-snippet:-1","max-image-preview":"max-image-preview:large","max-video-preview":"max-video-preview:-1"},"canonical":"https:\/\/yoamomimazatlan.com\/?p=6328","og_locale":"es_MX","og_type":"article","og_title":"Majestuoso desfile de Carnaval encanta a miles de espectadores - Amo mi Mazatl\u00e1n","og_description":"Miles de mazatlecos y turistas de todas partes de la Rep\u00fablica disfrutaron en grande del primer desfile del Carnaval de Mazatl\u00e1n 2023 \u201cDejav\u00fa 125 a\u00f1os de tradici\u00f3n\u201d. El ambiente de la m\u00e1xima fiesta del puerto se dej\u00f3 sentir con la alegr\u00eda y el baile de las comparsas, la m\u00fasica de banda y el colorido de [&hellip;]","og_url":"https:\/\/yoamomimazatlan.com\/?p=6328","og_site_name":"Amo mi Mazatl\u00e1n","article_published_time":"2023-02-20T08:30:05+00:00","article_modified_time":"2023-02-20T08:31:34+00:00","og_image":[{"width":600,"height":400,"url":"https:\/\/yoamomimazatlan.com\/wp-content\/uploads\/2023\/02\/WhatsApp-Image-2023-02-19-at-10.50.15-PM-scaled.jpeg","type":"image\/jpeg"}],"author":"Luis Peraza","twitter_card":"summary_large_image","twitter_misc":{"Escrito por":"Luis Peraza","Tiempo de lectura":"1 minuto"},"schema":{"@context":"https:\/\/schema.org","@graph":[{"@type":"WebPage","@id":"https:\/\/yoamomimazatlan.com\/?p=6328","url":"https:\/\/yoamomimazatlan.com\/?p=6328","name":"Majestuoso desfile de Carnaval encanta a miles de espectadores - Amo mi Mazatl\u00e1n","isPartOf":{"@id":"https:\/\/yoamomimazatlan.com\/#website"},"datePublished":"2023-02-20T08:30:05+00:00","dateModified":"2023-02-20T08:31:34+00:00","author":{"@id":"https:\/\/yoamomimazatlan.com\/#\/schema\/person\/5eb4abccc9443dff7750dbdd0a22c79e"},"breadcrumb":{"@id":"https:\/\/yoamomimazatlan.com\/?p=6328#breadcrumb"},"inLanguage":"es-MX","potentialAction":[{"@type":"ReadAction","target":["https:\/\/yoamomimazatlan.com\/?p=6328"]}]},{"@type":"BreadcrumbList","@id":"https:\/\/yoamomimazatlan.com\/?p=6328#breadcrumb","itemListElement":[{"@type":"ListItem","position":1,"name":"Inicio","item":"https:\/\/yoamomimazatlan.com\/"},{"@type":"ListItem","position":2,"name":"Majestuoso desfile de Carnaval encanta a miles de espectadores"}]},{"@type":"WebSite","@id":"https:\/\/yoamomimazatlan.com\/#website","url":"https:\/\/yoamomimazatlan.com\/","name":"Amo mi Mazatl\u00e1n","description":"Somos Pata Salada","potentialAction":[{"@type":"SearchAction","target":{"@type":"EntryPoint","urlTemplate":"https:\/\/yoamomimazatlan.com\/?s={search_term_string}"},"query-input":"required name=search_term_string"}],"inLanguage":"es-MX"},{"@type":"Person","@id":"https:\/\/yoamomimazatlan.com\/#\/schema\/person\/5eb4abccc9443dff7750dbdd0a22c79e","name":"Luis Peraza","image":{"@type":"ImageObject","inLanguage":"es-MX","@id":"https:\/\/yoamomimazatlan.com\/#\/schema\/person\/image\/","url":"https:\/\/secure.gravatar.com\/avatar\/2829a2db2ad27a37cce4111a17f17d49?s=96&d=mm&r=g","contentUrl":"https:\/\/secure.gravatar.com\/avatar\/2829a2db2ad27a37cce4111a17f17d49?s=96&d=mm&r=g","caption":"Luis Peraza"},"url":"https:\/\/yoamomimazatlan.com\/?author=2"}]}},"_links":{"self":[{"href":"https:\/\/yoamomimazatlan.com\/index.php?rest_route=\/wp\/v2\/posts\/6328"}],"collection":[{"href":"https:\/\/yoamomimazatlan.com\/index.php?rest_route=\/wp\/v2\/posts"}],"about":[{"href":"https:\/\/yoamomimazatlan.com\/index.php?rest_route=\/wp\/v2\/types\/post"}],"author":[{"embeddable":true,"href":"https:\/\/yoamomimazatlan.com\/index.php?rest_route=\/wp\/v2\/users\/2"}],"replies":[{"embeddable":true,"href":"https:\/\/yoamomimazatlan.com\/index.php?rest_route=%2Fwp%2Fv2%2Fcomments&post=6328"}],"version-history":[{"count":0,"href":"https:\/\/yoamomimazatlan.com\/index.php?rest_route=\/wp\/v2\/posts\/6328\/revisions"}],"wp:featuredmedia":[{"embeddable":true,"href":"https:\/\/yoamomimazatlan.com\/index.php?rest_route=\/wp\/v2\/media\/6329"}],"wp:attachment":[{"href":"https:\/\/yoamomimazatlan.com\/index.php?rest_route=%2Fwp%2Fv2%2Fmedia&parent=6328"}],"wp:term":[{"taxonomy":"category","embeddable":true,"href":"https:\/\/yoamomimazatlan.com\/index.php?rest_route=%2Fwp%2Fv2%2Fcategories&post=6328"},{"taxonomy":"post_tag","embeddable":true,"href":"https:\/\/yoamomimazatlan.com\/index.php?rest_route=%2Fwp%2Fv2%2Ftags&post=6328"}],"curies":[{"name":"wp","href":"https:\/\/api.w.org\/{rel}","templated":true}]}}