{"id":6333,"date":"2023-02-20T20:43:25","date_gmt":"2023-02-20T20:43:25","guid":{"rendered":"http:\/\/yoamomimazatlan.com\/?p=6333"},"modified":"2023-02-20T20:43:28","modified_gmt":"2023-02-20T20:43:28","slug":"ha-sido-un-carnaval-ejemplar-alcalde","status":"publish","type":"post","link":"https:\/\/yoamomimazatlan.com\/?p=6333","title":{"rendered":"Ha sido un Carnaval ejemplar: Alcalde"},"content":{"rendered":"\n<p>Hasta el momento, el desarrollo del Carnaval Mazatl\u00e1n 2023 ha sido uno de los mejores en cuesti\u00f3n de Seguridad P\u00fablica ya que no se han registrado percances de gravedad o hechos que lamentar, afirm\u00f3 el Alcalde Edgar Gonz\u00e1lez.<\/p>\n\n\n\n<p>Agradeci\u00f3 tanto a locales como turistas el buen comportamiento registrado hasta este lunes en todas las zonas de fiesta carnestolendas como Olas Altas, Avenida del Mar, Plazuela Machado y el estadio Teodoro Mariscal.<\/p>\n\n\n\n<p>\u201cHan sido jornadas blancas pr\u00e1cticamente sin ning\u00fan inconveniente. El desarrollo de las actividades han sido ejemplares en todos los sentidos. Los eventos que han sido muy bien organizados desde quienes asisten, que son los ciudadanos y que han mantenido el comportamiento, hasta los que hacen el trabajo de limpieza y tener todo en orden\u201d, extern\u00f3.<\/p>\n\n\n\n<p>Resalt\u00f3 que este domingo fueron m\u00e1s de 400 mil personas las que acudieron a la Avenida Del Mar a disfrutar del primer desfile de manera ordenada en su mayor\u00eda. Destac\u00f3 que este tipo de orden promueven la buena imagen del puerto y fomenta la participaci\u00f3n de locales y turistas en la m\u00e1xima fiesta del puerto.<\/p>\n\n\n\n<p>El Prime Edil destac\u00f3 el arduo labor de los elementos de seguridad p\u00fablica municipal, estatal, y los diferentes corporaciones policiacas y cuerpos de auxilio que est\u00e1n colaborando en mantener el orden de las fiestas.<\/p>\n","protected":false},"excerpt":{"rendered":"<p>Hasta el momento, el desarrollo del Carnaval Mazatl\u00e1n 2023 ha sido uno de los mejores en cuesti\u00f3n de Seguridad P\u00fablica ya que no se han registrado percances de gravedad o hechos que lamentar, afirm\u00f3 el Alcalde Edgar Gonz\u00e1lez. Agradeci\u00f3 tanto a locales como turistas el buen comportamiento registrado hasta este lunes en todas las zonas [&hellip;]<\/p>\n","protected":false},"author":2,"featured_media":6334,"comment_status":"open","ping_status":"open","sticky":false,"template":"","format":"standard","meta":{"footnotes":""},"categories":[1],"tags":[],"yoast_head":"<!-- This site is optimized with the Yoast SEO plugin v21.7 - https:\/\/yoast.com\/wordpress\/plugins\/seo\/ -->\n<title>Ha sido un Carnaval ejemplar: Alcalde - Amo mi Mazatl\u00e1n<\/title>\n<meta name=\"robots\" content=\"index, follow, max-snippet:-1, max-image-preview:large, max-video-preview:-1\" \/>\n<link rel=\"canonical\" href=\"https:\/\/yoamomimazatlan.com\/?p=6333\" \/>\n<meta property=\"og:locale\" content=\"es_MX\" \/>\n<meta property=\"og:type\" content=\"article\" \/>\n<meta property=\"og:title\" content=\"Ha sido un Carnaval ejemplar: Alcalde - Amo mi Mazatl\u00e1n\" \/>\n<meta property=\"og:description\" content=\"Hasta el momento, el desarrollo del Carnaval Mazatl\u00e1n 2023 ha sido uno de los mejores en cuesti\u00f3n de Seguridad P\u00fablica ya que no se han registrado percances de gravedad o hechos que lamentar, afirm\u00f3 el Alcalde Edgar Gonz\u00e1lez. Agradeci\u00f3 tanto a locales como turistas el buen comportamiento registrado hasta este lunes en todas las zonas [&hellip;]\" \/>\n<meta property=\"og:url\" content=\"https:\/\/yoamomimazatlan.com\/?p=6333\" \/>\n<meta property=\"og:site_name\" content=\"Amo mi Mazatl\u00e1n\" \/>\n<meta property=\"article:published_time\" content=\"2023-02-20T20:43:25+00:00\" \/>\n<meta property=\"article:modified_time\" content=\"2023-02-20T20:43:28+00:00\" \/>\n<meta property=\"og:image\" content=\"https:\/\/yoamomimazatlan.com\/wp-content\/uploads\/2023\/02\/WhatsApp-Image-2023-02-19-at-10.50.23-PM-scaled.jpeg\" \/>\n\t<meta property=\"og:image:width\" content=\"600\" \/>\n\t<meta property=\"og:image:height\" content=\"400\" \/>\n\t<meta property=\"og:image:type\" content=\"image\/jpeg\" \/>\n<meta name=\"author\" content=\"Luis Peraza\" \/>\n<meta name=\"twitter:card\" content=\"summary_large_image\" \/>\n<meta name=\"twitter:label1\" content=\"Escrito por\" \/>\n\t<meta name=\"twitter:data1\" content=\"Luis Peraza\" \/>\n\t<meta name=\"twitter:label2\" content=\"Tiempo de lectura\" \/>\n\t<meta name=\"twitter:data2\" content=\"1 minuto\" \/>\n<script type=\"application\/ld+json\" class=\"yoast-schema-graph\">{\"@context\":\"https:\/\/schema.org\",\"@graph\":[{\"@type\":\"WebPage\",\"@id\":\"https:\/\/yoamomimazatlan.com\/?p=6333\",\"url\":\"https:\/\/yoamomimazatlan.com\/?p=6333\",\"name\":\"Ha sido un Carnaval ejemplar: Alcalde - Amo mi Mazatl\u00e1n\",\"isPartOf\":{\"@id\":\"https:\/\/yoamomimazatlan.com\/#website\"},\"datePublished\":\"2023-02-20T20:43:25+00:00\",\"dateModified\":\"2023-02-20T20:43:28+00:00\",\"author\":{\"@id\":\"https:\/\/yoamomimazatlan.com\/#\/schema\/person\/5eb4abccc9443dff7750dbdd0a22c79e\"},\"breadcrumb\":{\"@id\":\"https:\/\/yoamomimazatlan.com\/?p=6333#breadcrumb\"},\"inLanguage\":\"es-MX\",\"potentialAction\":[{\"@type\":\"ReadAction\",\"target\":[\"https:\/\/yoamomimazatlan.com\/?p=6333\"]}]},{\"@type\":\"BreadcrumbList\",\"@id\":\"https:\/\/yoamomimazatlan.com\/?p=6333#breadcrumb\",\"itemListElement\":[{\"@type\":\"ListItem\",\"position\":1,\"name\":\"Inicio\",\"item\":\"https:\/\/yoamomimazatlan.com\/\"},{\"@type\":\"ListItem\",\"position\":2,\"name\":\"Ha sido un Carnaval ejemplar: Alcalde\"}]},{\"@type\":\"WebSite\",\"@id\":\"https:\/\/yoamomimazatlan.com\/#website\",\"url\":\"https:\/\/yoamomimazatlan.com\/\",\"name\":\"Amo mi Mazatl\u00e1n\",\"description\":\"Somos Pata Salada\",\"potentialAction\":[{\"@type\":\"SearchAction\",\"target\":{\"@type\":\"EntryPoint\",\"urlTemplate\":\"https:\/\/yoamomimazatlan.com\/?s={search_term_string}\"},\"query-input\":\"required name=search_term_string\"}],\"inLanguage\":\"es-MX\"},{\"@type\":\"Person\",\"@id\":\"https:\/\/yoamomimazatlan.com\/#\/schema\/person\/5eb4abccc9443dff7750dbdd0a22c79e\",\"name\":\"Luis Peraza\",\"image\":{\"@type\":\"ImageObject\",\"inLanguage\":\"es-MX\",\"@id\":\"https:\/\/yoamomimazatlan.com\/#\/schema\/person\/image\/\",\"url\":\"https:\/\/secure.gravatar.com\/avatar\/2829a2db2ad27a37cce4111a17f17d49?s=96&d=mm&r=g\",\"contentUrl\":\"https:\/\/secure.gravatar.com\/avatar\/2829a2db2ad27a37cce4111a17f17d49?s=96&d=mm&r=g\",\"caption\":\"Luis Peraza\"},\"url\":\"https:\/\/yoamomimazatlan.com\/?author=2\"}]}<\/script>\n<!-- \/ Yoast SEO plugin. -->","yoast_head_json":{"title":"Ha sido un Carnaval ejemplar: Alcalde - Amo mi Mazatl\u00e1n","robots":{"index":"index","follow":"follow","max-snippet":"max-snippet:-1","max-image-preview":"max-image-preview:large","max-video-preview":"max-video-preview:-1"},"canonical":"https:\/\/yoamomimazatlan.com\/?p=6333","og_locale":"es_MX","og_type":"article","og_title":"Ha sido un Carnaval ejemplar: Alcalde - Amo mi Mazatl\u00e1n","og_description":"Hasta el momento, el desarrollo del Carnaval Mazatl\u00e1n 2023 ha sido uno de los mejores en cuesti\u00f3n de Seguridad P\u00fablica ya que no se han registrado percances de gravedad o hechos que lamentar, afirm\u00f3 el Alcalde Edgar Gonz\u00e1lez. Agradeci\u00f3 tanto a locales como turistas el buen comportamiento registrado hasta este lunes en todas las zonas [&hellip;]","og_url":"https:\/\/yoamomimazatlan.com\/?p=6333","og_site_name":"Amo mi Mazatl\u00e1n","article_published_time":"2023-02-20T20:43:25+00:00","article_modified_time":"2023-02-20T20:43:28+00:00","og_image":[{"width":600,"height":400,"url":"https:\/\/yoamomimazatlan.com\/wp-content\/uploads\/2023\/02\/WhatsApp-Image-2023-02-19-at-10.50.23-PM-scaled.jpeg","type":"image\/jpeg"}],"author":"Luis Peraza","twitter_card":"summary_large_image","twitter_misc":{"Escrito por":"Luis Peraza","Tiempo de lectura":"1 minuto"},"schema":{"@context":"https:\/\/schema.org","@graph":[{"@type":"WebPage","@id":"https:\/\/yoamomimazatlan.com\/?p=6333","url":"https:\/\/yoamomimazatlan.com\/?p=6333","name":"Ha sido un Carnaval ejemplar: Alcalde - Amo mi Mazatl\u00e1n","isPartOf":{"@id":"https:\/\/yoamomimazatlan.com\/#website"},"datePublished":"2023-02-20T20:43:25+00:00","dateModified":"2023-02-20T20:43:28+00:00","author":{"@id":"https:\/\/yoamomimazatlan.com\/#\/schema\/person\/5eb4abccc9443dff7750dbdd0a22c79e"},"breadcrumb":{"@id":"https:\/\/yoamomimazatlan.com\/?p=6333#breadcrumb"},"inLanguage":"es-MX","potentialAction":[{"@type":"ReadAction","target":["https:\/\/yoamomimazatlan.com\/?p=6333"]}]},{"@type":"BreadcrumbList","@id":"https:\/\/yoamomimazatlan.com\/?p=6333#breadcrumb","itemListElement":[{"@type":"ListItem","position":1,"name":"Inicio","item":"https:\/\/yoamomimazatlan.com\/"},{"@type":"ListItem","position":2,"name":"Ha sido un Carnaval ejemplar: Alcalde"}]},{"@type":"WebSite","@id":"https:\/\/yoamomimazatlan.com\/#website","url":"https:\/\/yoamomimazatlan.com\/","name":"Amo mi Mazatl\u00e1n","description":"Somos Pata Salada","potentialAction":[{"@type":"SearchAction","target":{"@type":"EntryPoint","urlTemplate":"https:\/\/yoamomimazatlan.com\/?s={search_term_string}"},"query-input":"required name=search_term_string"}],"inLanguage":"es-MX"},{"@type":"Person","@id":"https:\/\/yoamomimazatlan.com\/#\/schema\/person\/5eb4abccc9443dff7750dbdd0a22c79e","name":"Luis Peraza","image":{"@type":"ImageObject","inLanguage":"es-MX","@id":"https:\/\/yoamomimazatlan.com\/#\/schema\/person\/image\/","url":"https:\/\/secure.gravatar.com\/avatar\/2829a2db2ad27a37cce4111a17f17d49?s=96&d=mm&r=g","contentUrl":"https:\/\/secure.gravatar.com\/avatar\/2829a2db2ad27a37cce4111a17f17d49?s=96&d=mm&r=g","caption":"Luis Peraza"},"url":"https:\/\/yoamomimazatlan.com\/?author=2"}]}},"_links":{"self":[{"href":"https:\/\/yoamomimazatlan.com\/index.php?rest_route=\/wp\/v2\/posts\/6333"}],"collection":[{"href":"https:\/\/yoamomimazatlan.com\/index.php?rest_route=\/wp\/v2\/posts"}],"about":[{"href":"https:\/\/yoamomimazatlan.com\/index.php?rest_route=\/wp\/v2\/types\/post"}],"author":[{"embeddable":true,"href":"https:\/\/yoamomimazatlan.com\/index.php?rest_route=\/wp\/v2\/users\/2"}],"replies":[{"embeddable":true,"href":"https:\/\/yoamomimazatlan.com\/index.php?rest_route=%2Fwp%2Fv2%2Fcomments&post=6333"}],"version-history":[{"count":0,"href":"https:\/\/yoamomimazatlan.com\/index.php?rest_route=\/wp\/v2\/posts\/6333\/revisions"}],"wp:featuredmedia":[{"embeddable":true,"href":"https:\/\/yoamomimazatlan.com\/index.php?rest_route=\/wp\/v2\/media\/6334"}],"wp:attachment":[{"href":"https:\/\/yoamomimazatlan.com\/index.php?rest_route=%2Fwp%2Fv2%2Fmedia&parent=6333"}],"wp:term":[{"taxonomy":"category","embeddable":true,"href":"https:\/\/yoamomimazatlan.com\/index.php?rest_route=%2Fwp%2Fv2%2Fcategories&post=6333"},{"taxonomy":"post_tag","embeddable":true,"href":"https:\/\/yoamomimazatlan.com\/index.php?rest_route=%2Fwp%2Fv2%2Ftags&post=6333"}],"curies":[{"name":"wp","href":"https:\/\/api.w.org\/{rel}","templated":true}]}}