{"id":6647,"date":"2023-04-05T17:10:25","date_gmt":"2023-04-05T17:10:25","guid":{"rendered":"http:\/\/yoamomimazatlan.com\/?p=6647"},"modified":"2023-04-05T17:11:04","modified_gmt":"2023-04-05T17:11:04","slug":"recibe-parques-y-jardines-equipamiento-nuevo","status":"publish","type":"post","link":"https:\/\/yoamomimazatlan.com\/?p=6647","title":{"rendered":"Recibe Parques y Jardines equipamiento nuevo"},"content":{"rendered":"\n<p>El Alcalde Edgar Gonz\u00e1lez, acompa\u00f1ado de la Directora de Servicios Publicos, Karla Camacho, y el Jefe del departamento de Parques y Jardines, Juli\u00e1n Cedano P\u00e9rez, hicieron entrega de 35 nuevas desbrozadoras al personal del departamento de Parques y Jardines.<\/p>\n\n\n\n<p>Dicho equipamiento se entreg\u00f3 con el fin de apoyar a los trabajadores en sus jornadas y ofrecerles mejor calidad en su espacio laboral, pues se trata de personal que diariamente realiza intensas jornadas de limpieza de maleza en toda la ciudad.<\/p>\n\n\n\n<p>El Primer Edil destac\u00f3 que parte del cambio positivo que se ha visto en el municipio ha sido gracias al trabajo que realiza el personal, por lo que afirm\u00f3 que habr\u00e1 mas apoyo para que los trabajadores puedan realizar sus labores adecuadamente.<\/p>\n\n\n\n<p>\u201cNos ayudamos mutuamente, tambi\u00e9n yo voy a buscar los esquemas para ayudarles, de ir mejorando la situaci\u00f3n. Y vamos a trabajar y mejorar, dejar en buenas condiciones para que ustedes no tengan problema en su trabajo, de eso se trata, de hacer equipo. La ciudadan\u00eda est\u00e1 muy contenta porque se nota, se ve mucho el trabajo, y ha sido gracias a ustedes, a todo su esfuerzo\u201d, expres\u00f3.<\/p>\n\n\n\n<p>Por su parte, Karla Camacho, titular de la direcci\u00f3n, destac\u00f3 que en los pr\u00f3ximos meses nuevamente se apoyar\u00e1 a este y otros departamentos con m\u00e1s equipos.<\/p>\n\n\n\n<p>\u201cAntes de lluvias vamos a estar con otra dotaci\u00f3n para poder cumplir con todo lo que va a surgir de maleza en la ciudad. Nos van a llegar motosierras, algunas sopladoras, tractor podador, entre otras cosas\u201d, coment\u00f3<\/p>\n\n\n\n<p>Alcalde visita a personal de Alumbrado P\u00fablico<\/p>\n\n\n\n<p>El Alcalde tambi\u00e9n visit\u00f3 el \u00e1rea de Alumbrado Publico para dialogar con los trabajadores, acompa\u00f1ado de la Directora de Servicios P\u00fablicos, Karla Camacho, y el Jefe del Departamento de Alumbrado, Jes\u00fas Jackes Tirado. Mencion\u00f3 que dicho departamento tambi\u00e9n recibir\u00e1 el apoyo que necesitan para mejorar tanto su espacio de trabajo como sus jornadas.<\/p>\n\n\n\n<p>Destac\u00f3 que pr\u00f3ximamente llegar\u00e1n m\u00e1s de 20 mil nuevas l\u00e1mparas para las reconversiones, por lo que pidi\u00f3 el apoyo de los trabajadores para seguir trabajando en el beneficio del municipio.<\/p>\n","protected":false},"excerpt":{"rendered":"<p>El Alcalde Edgar Gonz\u00e1lez, acompa\u00f1ado de la Directora de Servicios Publicos, Karla Camacho, y el Jefe del departamento de Parques y Jardines, Juli\u00e1n Cedano P\u00e9rez, hicieron entrega de 35 nuevas desbrozadoras al personal del departamento de Parques y Jardines. Dicho equipamiento se entreg\u00f3 con el fin de apoyar a los trabajadores en sus jornadas y [&hellip;]<\/p>\n","protected":false},"author":2,"featured_media":6648,"comment_status":"open","ping_status":"open","sticky":false,"template":"","format":"standard","meta":{"footnotes":""},"categories":[1],"tags":[],"yoast_head":"<!-- This site is optimized with the Yoast SEO plugin v21.7 - https:\/\/yoast.com\/wordpress\/plugins\/seo\/ -->\n<title>Recibe Parques y Jardines equipamiento nuevo - Amo mi Mazatl\u00e1n<\/title>\n<meta name=\"robots\" content=\"index, follow, max-snippet:-1, max-image-preview:large, max-video-preview:-1\" \/>\n<link rel=\"canonical\" href=\"https:\/\/yoamomimazatlan.com\/?p=6647\" \/>\n<meta property=\"og:locale\" content=\"es_MX\" \/>\n<meta property=\"og:type\" content=\"article\" \/>\n<meta property=\"og:title\" content=\"Recibe Parques y Jardines equipamiento nuevo - Amo mi Mazatl\u00e1n\" \/>\n<meta property=\"og:description\" content=\"El Alcalde Edgar Gonz\u00e1lez, acompa\u00f1ado de la Directora de Servicios Publicos, Karla Camacho, y el Jefe del departamento de Parques y Jardines, Juli\u00e1n Cedano P\u00e9rez, hicieron entrega de 35 nuevas desbrozadoras al personal del departamento de Parques y Jardines. Dicho equipamiento se entreg\u00f3 con el fin de apoyar a los trabajadores en sus jornadas y [&hellip;]\" \/>\n<meta property=\"og:url\" content=\"https:\/\/yoamomimazatlan.com\/?p=6647\" \/>\n<meta property=\"og:site_name\" content=\"Amo mi Mazatl\u00e1n\" \/>\n<meta property=\"article:published_time\" content=\"2023-04-05T17:10:25+00:00\" \/>\n<meta property=\"article:modified_time\" content=\"2023-04-05T17:11:04+00:00\" \/>\n<meta property=\"og:image\" content=\"https:\/\/yoamomimazatlan.com\/wp-content\/uploads\/2023\/04\/WhatsApp-Image-2023-04-05-at-10.28.44-AM-scaled.jpeg\" \/>\n\t<meta property=\"og:image:width\" content=\"600\" \/>\n\t<meta property=\"og:image:height\" content=\"400\" \/>\n\t<meta property=\"og:image:type\" content=\"image\/jpeg\" \/>\n<meta name=\"author\" content=\"Luis Peraza\" \/>\n<meta name=\"twitter:card\" content=\"summary_large_image\" \/>\n<meta name=\"twitter:label1\" content=\"Escrito por\" \/>\n\t<meta name=\"twitter:data1\" content=\"Luis Peraza\" \/>\n\t<meta name=\"twitter:label2\" content=\"Tiempo de lectura\" \/>\n\t<meta name=\"twitter:data2\" content=\"2 minutos\" \/>\n<script type=\"application\/ld+json\" class=\"yoast-schema-graph\">{\"@context\":\"https:\/\/schema.org\",\"@graph\":[{\"@type\":\"WebPage\",\"@id\":\"https:\/\/yoamomimazatlan.com\/?p=6647\",\"url\":\"https:\/\/yoamomimazatlan.com\/?p=6647\",\"name\":\"Recibe Parques y Jardines equipamiento nuevo - Amo mi Mazatl\u00e1n\",\"isPartOf\":{\"@id\":\"https:\/\/yoamomimazatlan.com\/#website\"},\"datePublished\":\"2023-04-05T17:10:25+00:00\",\"dateModified\":\"2023-04-05T17:11:04+00:00\",\"author\":{\"@id\":\"https:\/\/yoamomimazatlan.com\/#\/schema\/person\/5eb4abccc9443dff7750dbdd0a22c79e\"},\"breadcrumb\":{\"@id\":\"https:\/\/yoamomimazatlan.com\/?p=6647#breadcrumb\"},\"inLanguage\":\"es-MX\",\"potentialAction\":[{\"@type\":\"ReadAction\",\"target\":[\"https:\/\/yoamomimazatlan.com\/?p=6647\"]}]},{\"@type\":\"BreadcrumbList\",\"@id\":\"https:\/\/yoamomimazatlan.com\/?p=6647#breadcrumb\",\"itemListElement\":[{\"@type\":\"ListItem\",\"position\":1,\"name\":\"Inicio\",\"item\":\"https:\/\/yoamomimazatlan.com\/\"},{\"@type\":\"ListItem\",\"position\":2,\"name\":\"Recibe Parques y Jardines equipamiento nuevo\"}]},{\"@type\":\"WebSite\",\"@id\":\"https:\/\/yoamomimazatlan.com\/#website\",\"url\":\"https:\/\/yoamomimazatlan.com\/\",\"name\":\"Amo mi Mazatl\u00e1n\",\"description\":\"Somos Pata Salada\",\"potentialAction\":[{\"@type\":\"SearchAction\",\"target\":{\"@type\":\"EntryPoint\",\"urlTemplate\":\"https:\/\/yoamomimazatlan.com\/?s={search_term_string}\"},\"query-input\":\"required name=search_term_string\"}],\"inLanguage\":\"es-MX\"},{\"@type\":\"Person\",\"@id\":\"https:\/\/yoamomimazatlan.com\/#\/schema\/person\/5eb4abccc9443dff7750dbdd0a22c79e\",\"name\":\"Luis Peraza\",\"image\":{\"@type\":\"ImageObject\",\"inLanguage\":\"es-MX\",\"@id\":\"https:\/\/yoamomimazatlan.com\/#\/schema\/person\/image\/\",\"url\":\"https:\/\/secure.gravatar.com\/avatar\/2829a2db2ad27a37cce4111a17f17d49?s=96&d=mm&r=g\",\"contentUrl\":\"https:\/\/secure.gravatar.com\/avatar\/2829a2db2ad27a37cce4111a17f17d49?s=96&d=mm&r=g\",\"caption\":\"Luis Peraza\"},\"url\":\"https:\/\/yoamomimazatlan.com\/?author=2\"}]}<\/script>\n<!-- \/ Yoast SEO plugin. -->","yoast_head_json":{"title":"Recibe Parques y Jardines equipamiento nuevo - Amo mi Mazatl\u00e1n","robots":{"index":"index","follow":"follow","max-snippet":"max-snippet:-1","max-image-preview":"max-image-preview:large","max-video-preview":"max-video-preview:-1"},"canonical":"https:\/\/yoamomimazatlan.com\/?p=6647","og_locale":"es_MX","og_type":"article","og_title":"Recibe Parques y Jardines equipamiento nuevo - Amo mi Mazatl\u00e1n","og_description":"El Alcalde Edgar Gonz\u00e1lez, acompa\u00f1ado de la Directora de Servicios Publicos, Karla Camacho, y el Jefe del departamento de Parques y Jardines, Juli\u00e1n Cedano P\u00e9rez, hicieron entrega de 35 nuevas desbrozadoras al personal del departamento de Parques y Jardines. Dicho equipamiento se entreg\u00f3 con el fin de apoyar a los trabajadores en sus jornadas y [&hellip;]","og_url":"https:\/\/yoamomimazatlan.com\/?p=6647","og_site_name":"Amo mi Mazatl\u00e1n","article_published_time":"2023-04-05T17:10:25+00:00","article_modified_time":"2023-04-05T17:11:04+00:00","og_image":[{"width":600,"height":400,"url":"https:\/\/yoamomimazatlan.com\/wp-content\/uploads\/2023\/04\/WhatsApp-Image-2023-04-05-at-10.28.44-AM-scaled.jpeg","type":"image\/jpeg"}],"author":"Luis Peraza","twitter_card":"summary_large_image","twitter_misc":{"Escrito por":"Luis Peraza","Tiempo de lectura":"2 minutos"},"schema":{"@context":"https:\/\/schema.org","@graph":[{"@type":"WebPage","@id":"https:\/\/yoamomimazatlan.com\/?p=6647","url":"https:\/\/yoamomimazatlan.com\/?p=6647","name":"Recibe Parques y Jardines equipamiento nuevo - Amo mi Mazatl\u00e1n","isPartOf":{"@id":"https:\/\/yoamomimazatlan.com\/#website"},"datePublished":"2023-04-05T17:10:25+00:00","dateModified":"2023-04-05T17:11:04+00:00","author":{"@id":"https:\/\/yoamomimazatlan.com\/#\/schema\/person\/5eb4abccc9443dff7750dbdd0a22c79e"},"breadcrumb":{"@id":"https:\/\/yoamomimazatlan.com\/?p=6647#breadcrumb"},"inLanguage":"es-MX","potentialAction":[{"@type":"ReadAction","target":["https:\/\/yoamomimazatlan.com\/?p=6647"]}]},{"@type":"BreadcrumbList","@id":"https:\/\/yoamomimazatlan.com\/?p=6647#breadcrumb","itemListElement":[{"@type":"ListItem","position":1,"name":"Inicio","item":"https:\/\/yoamomimazatlan.com\/"},{"@type":"ListItem","position":2,"name":"Recibe Parques y Jardines equipamiento nuevo"}]},{"@type":"WebSite","@id":"https:\/\/yoamomimazatlan.com\/#website","url":"https:\/\/yoamomimazatlan.com\/","name":"Amo mi Mazatl\u00e1n","description":"Somos Pata Salada","potentialAction":[{"@type":"SearchAction","target":{"@type":"EntryPoint","urlTemplate":"https:\/\/yoamomimazatlan.com\/?s={search_term_string}"},"query-input":"required name=search_term_string"}],"inLanguage":"es-MX"},{"@type":"Person","@id":"https:\/\/yoamomimazatlan.com\/#\/schema\/person\/5eb4abccc9443dff7750dbdd0a22c79e","name":"Luis Peraza","image":{"@type":"ImageObject","inLanguage":"es-MX","@id":"https:\/\/yoamomimazatlan.com\/#\/schema\/person\/image\/","url":"https:\/\/secure.gravatar.com\/avatar\/2829a2db2ad27a37cce4111a17f17d49?s=96&d=mm&r=g","contentUrl":"https:\/\/secure.gravatar.com\/avatar\/2829a2db2ad27a37cce4111a17f17d49?s=96&d=mm&r=g","caption":"Luis Peraza"},"url":"https:\/\/yoamomimazatlan.com\/?author=2"}]}},"_links":{"self":[{"href":"https:\/\/yoamomimazatlan.com\/index.php?rest_route=\/wp\/v2\/posts\/6647"}],"collection":[{"href":"https:\/\/yoamomimazatlan.com\/index.php?rest_route=\/wp\/v2\/posts"}],"about":[{"href":"https:\/\/yoamomimazatlan.com\/index.php?rest_route=\/wp\/v2\/types\/post"}],"author":[{"embeddable":true,"href":"https:\/\/yoamomimazatlan.com\/index.php?rest_route=\/wp\/v2\/users\/2"}],"replies":[{"embeddable":true,"href":"https:\/\/yoamomimazatlan.com\/index.php?rest_route=%2Fwp%2Fv2%2Fcomments&post=6647"}],"version-history":[{"count":0,"href":"https:\/\/yoamomimazatlan.com\/index.php?rest_route=\/wp\/v2\/posts\/6647\/revisions"}],"wp:featuredmedia":[{"embeddable":true,"href":"https:\/\/yoamomimazatlan.com\/index.php?rest_route=\/wp\/v2\/media\/6648"}],"wp:attachment":[{"href":"https:\/\/yoamomimazatlan.com\/index.php?rest_route=%2Fwp%2Fv2%2Fmedia&parent=6647"}],"wp:term":[{"taxonomy":"category","embeddable":true,"href":"https:\/\/yoamomimazatlan.com\/index.php?rest_route=%2Fwp%2Fv2%2Fcategories&post=6647"},{"taxonomy":"post_tag","embeddable":true,"href":"https:\/\/yoamomimazatlan.com\/index.php?rest_route=%2Fwp%2Fv2%2Ftags&post=6647"}],"curies":[{"name":"wp","href":"https:\/\/api.w.org\/{rel}","templated":true}]}}