{"id":6768,"date":"2023-05-04T04:12:51","date_gmt":"2023-05-04T04:12:51","guid":{"rendered":"http:\/\/yoamomimazatlan.com\/?p=6768"},"modified":"2023-05-04T04:28:46","modified_gmt":"2023-05-04T04:28:46","slug":"inauguran-la-primera-obra-del-paquete-2023-en-el-progreso","status":"publish","type":"post","link":"https:\/\/yoamomimazatlan.com\/?p=6768","title":{"rendered":"Inauguran la primera obra del paquete 2023 en El Progreso"},"content":{"rendered":"\n<p>El fraccionamiento El Progreso recibi\u00f3 la vista de Edgar Gonz\u00e1lez y su equipo de trabajo para inaugurar dos obras con sentido social, que benefician a decenas de familias y cumplen con parte de los compromisos hechos por el Gobierno Municipal de Mazatl\u00e1n con quienes habitan ese asentamiento.<\/p>\n\n\n\n<p>Las autoridades cortaron el list\u00f3n inaugural de la obra de pavimentaci\u00f3n de la calle Alejandro Graham Bell entre Benjamin Franklin y Ricardo Gonz\u00e1lez Camarena, tramo en el que se aplicaron recursos del FAIS (Fondo de Aportaci\u00f3n a la Infraestructura Social) para colocar 772 metros cuadrados de concreto hidr\u00e1ulico de 15 cent\u00edmetros de espesor, con sus respectivas guarniciones.<\/p>\n\n\n\n<p>El Alcalde, vecinos y funcionarios tambi\u00e9n inauguraron el \u00e1rea infantil con un paquete de cinco juegos elaborados por el departamento de parques y jardines de la direcci\u00f3n de Servicios P\u00fablicos instalados en el \u00e1rea verde de el asentamiento.<\/p>\n\n\n\n<p>Edgar Gonz\u00e1lez reiter\u00f3 a los vecinos del Progreso su compromiso con el bienestar de las familias, dijo que en el poco tiempo que tiene esta administraci\u00f3n han llegado algunos beneficios anhelados durante a\u00f1os como las nuevas l\u00e1mparas de alumbrado p\u00fablico, la limpieza del canal pluvial con maquinaria de largo alcance, el \u00e1rea de juegos y la pavimentaci\u00f3n.<\/p>\n\n\n\n<p>\u201cVamos a seguir con los compromisos de pavimentaci\u00f3n estos compromisos que les estoy mencionando, es importante decirles que esta obra ya qued\u00f3, afortunadamente se termin\u00f3 en buen tiempo para que los vecinos puedan disfrutar de ello, no se me desesperen con los paquetes de obra que traemos (\u2026) poco a poquito vamos a ir avanzando, de este periodo de gobierno que a mi me corresponde es el primera (obra) del paquete 2023 que damos inauguraci\u00f3n\u201d, expres\u00f3.<\/p>\n\n\n\n<p>El ni\u00f1o Daniel Guzm\u00e1n y la presidenta del comit\u00e9 de obra Mar\u00eda Sugey Villela S\u00e1nchez agradecieron ambas acciones para el asentamiento El Progreso.<\/p>\n\n\n\n<p>Al evento tambi\u00e9n asistieron la S\u00edndico Procuradora, Caludia Magdalena C\u00e1rdenas D\u00edaz, regidores y funcionarios municipales.<\/p>\n","protected":false},"excerpt":{"rendered":"<p>El fraccionamiento El Progreso recibi\u00f3 la vista de Edgar Gonz\u00e1lez y su equipo de trabajo para inaugurar dos obras con sentido social, que benefician a decenas de familias y cumplen con parte de los compromisos hechos por el Gobierno Municipal de Mazatl\u00e1n con quienes habitan ese asentamiento. Las autoridades cortaron el list\u00f3n inaugural de la [&hellip;]<\/p>\n","protected":false},"author":2,"featured_media":6769,"comment_status":"open","ping_status":"open","sticky":false,"template":"","format":"standard","meta":{"footnotes":""},"categories":[1],"tags":[],"yoast_head":"<!-- This site is optimized with the Yoast SEO plugin v21.7 - https:\/\/yoast.com\/wordpress\/plugins\/seo\/ -->\n<title>Inauguran la primera obra del paquete 2023 en El Progreso - Amo mi Mazatl\u00e1n<\/title>\n<meta name=\"robots\" content=\"index, follow, max-snippet:-1, max-image-preview:large, max-video-preview:-1\" \/>\n<link rel=\"canonical\" href=\"https:\/\/yoamomimazatlan.com\/?p=6768\" \/>\n<meta property=\"og:locale\" content=\"es_MX\" \/>\n<meta property=\"og:type\" content=\"article\" \/>\n<meta property=\"og:title\" content=\"Inauguran la primera obra del paquete 2023 en El Progreso - Amo mi Mazatl\u00e1n\" \/>\n<meta property=\"og:description\" content=\"El fraccionamiento El Progreso recibi\u00f3 la vista de Edgar Gonz\u00e1lez y su equipo de trabajo para inaugurar dos obras con sentido social, que benefician a decenas de familias y cumplen con parte de los compromisos hechos por el Gobierno Municipal de Mazatl\u00e1n con quienes habitan ese asentamiento. Las autoridades cortaron el list\u00f3n inaugural de la [&hellip;]\" \/>\n<meta property=\"og:url\" content=\"https:\/\/yoamomimazatlan.com\/?p=6768\" \/>\n<meta property=\"og:site_name\" content=\"Amo mi Mazatl\u00e1n\" \/>\n<meta property=\"article:published_time\" content=\"2023-05-04T04:12:51+00:00\" \/>\n<meta property=\"article:modified_time\" content=\"2023-05-04T04:28:46+00:00\" \/>\n<meta property=\"og:image\" content=\"https:\/\/yoamomimazatlan.com\/wp-content\/uploads\/2023\/05\/WhatsApp-Image-2023-05-03-at-6.31.14-PM-scaled.jpeg\" \/>\n\t<meta property=\"og:image:width\" content=\"600\" \/>\n\t<meta property=\"og:image:height\" content=\"338\" \/>\n\t<meta property=\"og:image:type\" content=\"image\/jpeg\" \/>\n<meta name=\"author\" content=\"Luis Peraza\" \/>\n<meta name=\"twitter:card\" content=\"summary_large_image\" \/>\n<meta name=\"twitter:label1\" content=\"Escrito por\" \/>\n\t<meta name=\"twitter:data1\" content=\"Luis Peraza\" \/>\n\t<meta name=\"twitter:label2\" content=\"Tiempo de lectura\" \/>\n\t<meta name=\"twitter:data2\" content=\"2 minutos\" \/>\n<script type=\"application\/ld+json\" class=\"yoast-schema-graph\">{\"@context\":\"https:\/\/schema.org\",\"@graph\":[{\"@type\":\"WebPage\",\"@id\":\"https:\/\/yoamomimazatlan.com\/?p=6768\",\"url\":\"https:\/\/yoamomimazatlan.com\/?p=6768\",\"name\":\"Inauguran la primera obra del paquete 2023 en El Progreso - Amo mi Mazatl\u00e1n\",\"isPartOf\":{\"@id\":\"https:\/\/yoamomimazatlan.com\/#website\"},\"datePublished\":\"2023-05-04T04:12:51+00:00\",\"dateModified\":\"2023-05-04T04:28:46+00:00\",\"author\":{\"@id\":\"https:\/\/yoamomimazatlan.com\/#\/schema\/person\/5eb4abccc9443dff7750dbdd0a22c79e\"},\"breadcrumb\":{\"@id\":\"https:\/\/yoamomimazatlan.com\/?p=6768#breadcrumb\"},\"inLanguage\":\"es-MX\",\"potentialAction\":[{\"@type\":\"ReadAction\",\"target\":[\"https:\/\/yoamomimazatlan.com\/?p=6768\"]}]},{\"@type\":\"BreadcrumbList\",\"@id\":\"https:\/\/yoamomimazatlan.com\/?p=6768#breadcrumb\",\"itemListElement\":[{\"@type\":\"ListItem\",\"position\":1,\"name\":\"Inicio\",\"item\":\"https:\/\/yoamomimazatlan.com\/\"},{\"@type\":\"ListItem\",\"position\":2,\"name\":\"Inauguran la primera obra del paquete 2023 en El Progreso\"}]},{\"@type\":\"WebSite\",\"@id\":\"https:\/\/yoamomimazatlan.com\/#website\",\"url\":\"https:\/\/yoamomimazatlan.com\/\",\"name\":\"Amo mi Mazatl\u00e1n\",\"description\":\"Somos Pata Salada\",\"potentialAction\":[{\"@type\":\"SearchAction\",\"target\":{\"@type\":\"EntryPoint\",\"urlTemplate\":\"https:\/\/yoamomimazatlan.com\/?s={search_term_string}\"},\"query-input\":\"required name=search_term_string\"}],\"inLanguage\":\"es-MX\"},{\"@type\":\"Person\",\"@id\":\"https:\/\/yoamomimazatlan.com\/#\/schema\/person\/5eb4abccc9443dff7750dbdd0a22c79e\",\"name\":\"Luis Peraza\",\"image\":{\"@type\":\"ImageObject\",\"inLanguage\":\"es-MX\",\"@id\":\"https:\/\/yoamomimazatlan.com\/#\/schema\/person\/image\/\",\"url\":\"https:\/\/secure.gravatar.com\/avatar\/2829a2db2ad27a37cce4111a17f17d49?s=96&d=mm&r=g\",\"contentUrl\":\"https:\/\/secure.gravatar.com\/avatar\/2829a2db2ad27a37cce4111a17f17d49?s=96&d=mm&r=g\",\"caption\":\"Luis Peraza\"},\"url\":\"https:\/\/yoamomimazatlan.com\/?author=2\"}]}<\/script>\n<!-- \/ Yoast SEO plugin. -->","yoast_head_json":{"title":"Inauguran la primera obra del paquete 2023 en El Progreso - Amo mi Mazatl\u00e1n","robots":{"index":"index","follow":"follow","max-snippet":"max-snippet:-1","max-image-preview":"max-image-preview:large","max-video-preview":"max-video-preview:-1"},"canonical":"https:\/\/yoamomimazatlan.com\/?p=6768","og_locale":"es_MX","og_type":"article","og_title":"Inauguran la primera obra del paquete 2023 en El Progreso - Amo mi Mazatl\u00e1n","og_description":"El fraccionamiento El Progreso recibi\u00f3 la vista de Edgar Gonz\u00e1lez y su equipo de trabajo para inaugurar dos obras con sentido social, que benefician a decenas de familias y cumplen con parte de los compromisos hechos por el Gobierno Municipal de Mazatl\u00e1n con quienes habitan ese asentamiento. Las autoridades cortaron el list\u00f3n inaugural de la [&hellip;]","og_url":"https:\/\/yoamomimazatlan.com\/?p=6768","og_site_name":"Amo mi Mazatl\u00e1n","article_published_time":"2023-05-04T04:12:51+00:00","article_modified_time":"2023-05-04T04:28:46+00:00","og_image":[{"width":600,"height":338,"url":"https:\/\/yoamomimazatlan.com\/wp-content\/uploads\/2023\/05\/WhatsApp-Image-2023-05-03-at-6.31.14-PM-scaled.jpeg","type":"image\/jpeg"}],"author":"Luis Peraza","twitter_card":"summary_large_image","twitter_misc":{"Escrito por":"Luis Peraza","Tiempo de lectura":"2 minutos"},"schema":{"@context":"https:\/\/schema.org","@graph":[{"@type":"WebPage","@id":"https:\/\/yoamomimazatlan.com\/?p=6768","url":"https:\/\/yoamomimazatlan.com\/?p=6768","name":"Inauguran la primera obra del paquete 2023 en El Progreso - Amo mi Mazatl\u00e1n","isPartOf":{"@id":"https:\/\/yoamomimazatlan.com\/#website"},"datePublished":"2023-05-04T04:12:51+00:00","dateModified":"2023-05-04T04:28:46+00:00","author":{"@id":"https:\/\/yoamomimazatlan.com\/#\/schema\/person\/5eb4abccc9443dff7750dbdd0a22c79e"},"breadcrumb":{"@id":"https:\/\/yoamomimazatlan.com\/?p=6768#breadcrumb"},"inLanguage":"es-MX","potentialAction":[{"@type":"ReadAction","target":["https:\/\/yoamomimazatlan.com\/?p=6768"]}]},{"@type":"BreadcrumbList","@id":"https:\/\/yoamomimazatlan.com\/?p=6768#breadcrumb","itemListElement":[{"@type":"ListItem","position":1,"name":"Inicio","item":"https:\/\/yoamomimazatlan.com\/"},{"@type":"ListItem","position":2,"name":"Inauguran la primera obra del paquete 2023 en El Progreso"}]},{"@type":"WebSite","@id":"https:\/\/yoamomimazatlan.com\/#website","url":"https:\/\/yoamomimazatlan.com\/","name":"Amo mi Mazatl\u00e1n","description":"Somos Pata Salada","potentialAction":[{"@type":"SearchAction","target":{"@type":"EntryPoint","urlTemplate":"https:\/\/yoamomimazatlan.com\/?s={search_term_string}"},"query-input":"required name=search_term_string"}],"inLanguage":"es-MX"},{"@type":"Person","@id":"https:\/\/yoamomimazatlan.com\/#\/schema\/person\/5eb4abccc9443dff7750dbdd0a22c79e","name":"Luis Peraza","image":{"@type":"ImageObject","inLanguage":"es-MX","@id":"https:\/\/yoamomimazatlan.com\/#\/schema\/person\/image\/","url":"https:\/\/secure.gravatar.com\/avatar\/2829a2db2ad27a37cce4111a17f17d49?s=96&d=mm&r=g","contentUrl":"https:\/\/secure.gravatar.com\/avatar\/2829a2db2ad27a37cce4111a17f17d49?s=96&d=mm&r=g","caption":"Luis Peraza"},"url":"https:\/\/yoamomimazatlan.com\/?author=2"}]}},"_links":{"self":[{"href":"https:\/\/yoamomimazatlan.com\/index.php?rest_route=\/wp\/v2\/posts\/6768"}],"collection":[{"href":"https:\/\/yoamomimazatlan.com\/index.php?rest_route=\/wp\/v2\/posts"}],"about":[{"href":"https:\/\/yoamomimazatlan.com\/index.php?rest_route=\/wp\/v2\/types\/post"}],"author":[{"embeddable":true,"href":"https:\/\/yoamomimazatlan.com\/index.php?rest_route=\/wp\/v2\/users\/2"}],"replies":[{"embeddable":true,"href":"https:\/\/yoamomimazatlan.com\/index.php?rest_route=%2Fwp%2Fv2%2Fcomments&post=6768"}],"version-history":[{"count":0,"href":"https:\/\/yoamomimazatlan.com\/index.php?rest_route=\/wp\/v2\/posts\/6768\/revisions"}],"wp:featuredmedia":[{"embeddable":true,"href":"https:\/\/yoamomimazatlan.com\/index.php?rest_route=\/wp\/v2\/media\/6769"}],"wp:attachment":[{"href":"https:\/\/yoamomimazatlan.com\/index.php?rest_route=%2Fwp%2Fv2%2Fmedia&parent=6768"}],"wp:term":[{"taxonomy":"category","embeddable":true,"href":"https:\/\/yoamomimazatlan.com\/index.php?rest_route=%2Fwp%2Fv2%2Fcategories&post=6768"},{"taxonomy":"post_tag","embeddable":true,"href":"https:\/\/yoamomimazatlan.com\/index.php?rest_route=%2Fwp%2Fv2%2Ftags&post=6768"}],"curies":[{"name":"wp","href":"https:\/\/api.w.org\/{rel}","templated":true}]}}