{"id":6955,"date":"2023-05-31T20:19:59","date_gmt":"2023-05-31T20:19:59","guid":{"rendered":"http:\/\/yoamomimazatlan.com\/?p=6955"},"modified":"2023-05-31T20:20:02","modified_gmt":"2023-05-31T20:20:02","slug":"por-unanimidad-cabildo-aprueba-la-modificacion-al-presupuesto-de-egresos-del-municipio-de-mazatlan-para-el-ejercicio-fiscal-del-ano-2023","status":"publish","type":"post","link":"https:\/\/yoamomimazatlan.com\/?p=6955","title":{"rendered":"Por unanimidad, Cabildo aprueba la modificaci\u00f3n al presupuesto de egresos del municipio de Mazatl\u00e1n para el ejercicio fiscal del a\u00f1o 2023"},"content":{"rendered":"\n<p>En sesi\u00f3n extraordinaria n\u00famero 24, el Cabildo aprob\u00f3 por unanimidad la modificaci\u00f3n al presupuesto de egresos del municipio de Mazatl\u00e1n para el ejercicio fiscal del a\u00f1o 2023.<\/p>\n\n\n\n<p>El coordinador de la comisi\u00f3n de Hacienda, Bernardo Alcaraz Conde dio lectura a este dictamen donde precis\u00f3 que esta modificaci\u00f3n es para transferir la modificaci\u00f3n de 40 millones de pesos para llevar a llevar a cabo la adquisici\u00f3n de medicamentos de especialidad oncol\u00f3gica y cuadro b\u00e1sico.<\/p>\n\n\n\n<p>El segundo punto del dictamen puntualiza que el tesorero municipal para que realice los ajustes presupuestales necesarios por la cantidad de 40 millones de pesos, adem\u00e1s que se informe al H. Congreso de Sinaloa.<\/p>\n\n\n\n<p>Edgar Gonz\u00e1lez precis\u00f3 que esta compra estar\u00e1 destinada para la compra de medicamento de alta especialidad, para personas con c\u00e1ncer, diabetes, entre otras enfermedades cr\u00f3nico generativas, por ser un derecho para los trabajadores y sus familias que son derechohabientes del hospital municipal Margarita Maza de Ju\u00e1rez.<\/p>\n\n\n\n<p>Cabe mencionar que en el a\u00f1o 2022 se destinaron 131 millones de pesos, y en este 2023 ser\u00e1n 134 millones de pesos con este incremento.<\/p>\n\n\n\n<p>\u201cEsto cubre los rubros de alta especialidad y estudios de laboratorio, lo que tiene que ver con el c\u00e1ncer, medicamentos oncol\u00f3gicos (\u2026), no es tan f\u00e1cil en el transcurso de aqu\u00ed a diciembre si surgen nuevos casos de c\u00e1ncer, ojal\u00e1 no suceda as\u00ed, eso va a requerir de un medicamento extraordinario extra a todo esto, si surgen nuevos casos de diab\u00e9ticos obviamente se va incrementando en el camino no se puede prever cuantos casos van a surgir, ese es el tema del porque a veces no concuerdan los presupuestos porque los padecimientos tambi\u00e9n tienen en diferentes fases, cambio de tipo de medicamento\u201d, expres\u00f3 Edgar Gonz\u00e1lez.<\/p>\n\n\n\n<p>A esta sesi\u00f3n asisti\u00f3 la secretaria del ayuntamiento, Verenice Oleta Ben\u00edtez y regidores.<\/p>\n","protected":false},"excerpt":{"rendered":"<p>En sesi\u00f3n extraordinaria n\u00famero 24, el Cabildo aprob\u00f3 por unanimidad la modificaci\u00f3n al presupuesto de egresos del municipio de Mazatl\u00e1n para el ejercicio fiscal del a\u00f1o 2023. El coordinador de la comisi\u00f3n de Hacienda, Bernardo Alcaraz Conde dio lectura a este dictamen donde precis\u00f3 que esta modificaci\u00f3n es para transferir la modificaci\u00f3n de 40 millones [&hellip;]<\/p>\n","protected":false},"author":2,"featured_media":6956,"comment_status":"open","ping_status":"open","sticky":false,"template":"","format":"standard","meta":{"footnotes":""},"categories":[1],"tags":[],"yoast_head":"<!-- This site is optimized with the Yoast SEO plugin v21.7 - https:\/\/yoast.com\/wordpress\/plugins\/seo\/ -->\n<title>Por unanimidad, Cabildo aprueba la modificaci\u00f3n al presupuesto de egresos del municipio de Mazatl\u00e1n para el ejercicio fiscal del a\u00f1o 2023 - Amo mi Mazatl\u00e1n<\/title>\n<meta name=\"robots\" content=\"index, follow, max-snippet:-1, max-image-preview:large, max-video-preview:-1\" \/>\n<link rel=\"canonical\" href=\"https:\/\/yoamomimazatlan.com\/?p=6955\" \/>\n<meta property=\"og:locale\" content=\"es_MX\" \/>\n<meta property=\"og:type\" content=\"article\" \/>\n<meta property=\"og:title\" content=\"Por unanimidad, Cabildo aprueba la modificaci\u00f3n al presupuesto de egresos del municipio de Mazatl\u00e1n para el ejercicio fiscal del a\u00f1o 2023 - Amo mi Mazatl\u00e1n\" \/>\n<meta property=\"og:description\" content=\"En sesi\u00f3n extraordinaria n\u00famero 24, el Cabildo aprob\u00f3 por unanimidad la modificaci\u00f3n al presupuesto de egresos del municipio de Mazatl\u00e1n para el ejercicio fiscal del a\u00f1o 2023. El coordinador de la comisi\u00f3n de Hacienda, Bernardo Alcaraz Conde dio lectura a este dictamen donde precis\u00f3 que esta modificaci\u00f3n es para transferir la modificaci\u00f3n de 40 millones [&hellip;]\" \/>\n<meta property=\"og:url\" content=\"https:\/\/yoamomimazatlan.com\/?p=6955\" \/>\n<meta property=\"og:site_name\" content=\"Amo mi Mazatl\u00e1n\" \/>\n<meta property=\"article:published_time\" content=\"2023-05-31T20:19:59+00:00\" \/>\n<meta property=\"article:modified_time\" content=\"2023-05-31T20:20:02+00:00\" \/>\n<meta property=\"og:image\" content=\"https:\/\/yoamomimazatlan.com\/wp-content\/uploads\/2023\/05\/WhatsApp-Image-2023-05-26-at-3.07.37-PM-scaled.jpeg\" \/>\n\t<meta property=\"og:image:width\" content=\"600\" \/>\n\t<meta property=\"og:image:height\" content=\"400\" \/>\n\t<meta property=\"og:image:type\" content=\"image\/jpeg\" \/>\n<meta name=\"author\" content=\"Luis Peraza\" \/>\n<meta name=\"twitter:card\" content=\"summary_large_image\" \/>\n<meta name=\"twitter:label1\" content=\"Escrito por\" \/>\n\t<meta name=\"twitter:data1\" content=\"Luis Peraza\" \/>\n\t<meta name=\"twitter:label2\" content=\"Tiempo de lectura\" \/>\n\t<meta name=\"twitter:data2\" content=\"2 minutos\" \/>\n<script type=\"application\/ld+json\" class=\"yoast-schema-graph\">{\"@context\":\"https:\/\/schema.org\",\"@graph\":[{\"@type\":\"WebPage\",\"@id\":\"https:\/\/yoamomimazatlan.com\/?p=6955\",\"url\":\"https:\/\/yoamomimazatlan.com\/?p=6955\",\"name\":\"Por unanimidad, Cabildo aprueba la modificaci\u00f3n al presupuesto de egresos del municipio de Mazatl\u00e1n para el ejercicio fiscal del a\u00f1o 2023 - Amo mi Mazatl\u00e1n\",\"isPartOf\":{\"@id\":\"https:\/\/yoamomimazatlan.com\/#website\"},\"datePublished\":\"2023-05-31T20:19:59+00:00\",\"dateModified\":\"2023-05-31T20:20:02+00:00\",\"author\":{\"@id\":\"https:\/\/yoamomimazatlan.com\/#\/schema\/person\/5eb4abccc9443dff7750dbdd0a22c79e\"},\"breadcrumb\":{\"@id\":\"https:\/\/yoamomimazatlan.com\/?p=6955#breadcrumb\"},\"inLanguage\":\"es-MX\",\"potentialAction\":[{\"@type\":\"ReadAction\",\"target\":[\"https:\/\/yoamomimazatlan.com\/?p=6955\"]}]},{\"@type\":\"BreadcrumbList\",\"@id\":\"https:\/\/yoamomimazatlan.com\/?p=6955#breadcrumb\",\"itemListElement\":[{\"@type\":\"ListItem\",\"position\":1,\"name\":\"Inicio\",\"item\":\"https:\/\/yoamomimazatlan.com\/\"},{\"@type\":\"ListItem\",\"position\":2,\"name\":\"Por unanimidad, Cabildo aprueba la modificaci\u00f3n al presupuesto de egresos del municipio de Mazatl\u00e1n para el ejercicio fiscal del a\u00f1o 2023\"}]},{\"@type\":\"WebSite\",\"@id\":\"https:\/\/yoamomimazatlan.com\/#website\",\"url\":\"https:\/\/yoamomimazatlan.com\/\",\"name\":\"Amo mi Mazatl\u00e1n\",\"description\":\"Somos Pata Salada\",\"potentialAction\":[{\"@type\":\"SearchAction\",\"target\":{\"@type\":\"EntryPoint\",\"urlTemplate\":\"https:\/\/yoamomimazatlan.com\/?s={search_term_string}\"},\"query-input\":\"required name=search_term_string\"}],\"inLanguage\":\"es-MX\"},{\"@type\":\"Person\",\"@id\":\"https:\/\/yoamomimazatlan.com\/#\/schema\/person\/5eb4abccc9443dff7750dbdd0a22c79e\",\"name\":\"Luis Peraza\",\"image\":{\"@type\":\"ImageObject\",\"inLanguage\":\"es-MX\",\"@id\":\"https:\/\/yoamomimazatlan.com\/#\/schema\/person\/image\/\",\"url\":\"https:\/\/secure.gravatar.com\/avatar\/2829a2db2ad27a37cce4111a17f17d49?s=96&d=mm&r=g\",\"contentUrl\":\"https:\/\/secure.gravatar.com\/avatar\/2829a2db2ad27a37cce4111a17f17d49?s=96&d=mm&r=g\",\"caption\":\"Luis Peraza\"},\"url\":\"https:\/\/yoamomimazatlan.com\/?author=2\"}]}<\/script>\n<!-- \/ Yoast SEO plugin. -->","yoast_head_json":{"title":"Por unanimidad, Cabildo aprueba la modificaci\u00f3n al presupuesto de egresos del municipio de Mazatl\u00e1n para el ejercicio fiscal del a\u00f1o 2023 - Amo mi Mazatl\u00e1n","robots":{"index":"index","follow":"follow","max-snippet":"max-snippet:-1","max-image-preview":"max-image-preview:large","max-video-preview":"max-video-preview:-1"},"canonical":"https:\/\/yoamomimazatlan.com\/?p=6955","og_locale":"es_MX","og_type":"article","og_title":"Por unanimidad, Cabildo aprueba la modificaci\u00f3n al presupuesto de egresos del municipio de Mazatl\u00e1n para el ejercicio fiscal del a\u00f1o 2023 - Amo mi Mazatl\u00e1n","og_description":"En sesi\u00f3n extraordinaria n\u00famero 24, el Cabildo aprob\u00f3 por unanimidad la modificaci\u00f3n al presupuesto de egresos del municipio de Mazatl\u00e1n para el ejercicio fiscal del a\u00f1o 2023. El coordinador de la comisi\u00f3n de Hacienda, Bernardo Alcaraz Conde dio lectura a este dictamen donde precis\u00f3 que esta modificaci\u00f3n es para transferir la modificaci\u00f3n de 40 millones [&hellip;]","og_url":"https:\/\/yoamomimazatlan.com\/?p=6955","og_site_name":"Amo mi Mazatl\u00e1n","article_published_time":"2023-05-31T20:19:59+00:00","article_modified_time":"2023-05-31T20:20:02+00:00","og_image":[{"width":600,"height":400,"url":"https:\/\/yoamomimazatlan.com\/wp-content\/uploads\/2023\/05\/WhatsApp-Image-2023-05-26-at-3.07.37-PM-scaled.jpeg","type":"image\/jpeg"}],"author":"Luis Peraza","twitter_card":"summary_large_image","twitter_misc":{"Escrito por":"Luis Peraza","Tiempo de lectura":"2 minutos"},"schema":{"@context":"https:\/\/schema.org","@graph":[{"@type":"WebPage","@id":"https:\/\/yoamomimazatlan.com\/?p=6955","url":"https:\/\/yoamomimazatlan.com\/?p=6955","name":"Por unanimidad, Cabildo aprueba la modificaci\u00f3n al presupuesto de egresos del municipio de Mazatl\u00e1n para el ejercicio fiscal del a\u00f1o 2023 - Amo mi Mazatl\u00e1n","isPartOf":{"@id":"https:\/\/yoamomimazatlan.com\/#website"},"datePublished":"2023-05-31T20:19:59+00:00","dateModified":"2023-05-31T20:20:02+00:00","author":{"@id":"https:\/\/yoamomimazatlan.com\/#\/schema\/person\/5eb4abccc9443dff7750dbdd0a22c79e"},"breadcrumb":{"@id":"https:\/\/yoamomimazatlan.com\/?p=6955#breadcrumb"},"inLanguage":"es-MX","potentialAction":[{"@type":"ReadAction","target":["https:\/\/yoamomimazatlan.com\/?p=6955"]}]},{"@type":"BreadcrumbList","@id":"https:\/\/yoamomimazatlan.com\/?p=6955#breadcrumb","itemListElement":[{"@type":"ListItem","position":1,"name":"Inicio","item":"https:\/\/yoamomimazatlan.com\/"},{"@type":"ListItem","position":2,"name":"Por unanimidad, Cabildo aprueba la modificaci\u00f3n al presupuesto de egresos del municipio de Mazatl\u00e1n para el ejercicio fiscal del a\u00f1o 2023"}]},{"@type":"WebSite","@id":"https:\/\/yoamomimazatlan.com\/#website","url":"https:\/\/yoamomimazatlan.com\/","name":"Amo mi Mazatl\u00e1n","description":"Somos Pata Salada","potentialAction":[{"@type":"SearchAction","target":{"@type":"EntryPoint","urlTemplate":"https:\/\/yoamomimazatlan.com\/?s={search_term_string}"},"query-input":"required name=search_term_string"}],"inLanguage":"es-MX"},{"@type":"Person","@id":"https:\/\/yoamomimazatlan.com\/#\/schema\/person\/5eb4abccc9443dff7750dbdd0a22c79e","name":"Luis Peraza","image":{"@type":"ImageObject","inLanguage":"es-MX","@id":"https:\/\/yoamomimazatlan.com\/#\/schema\/person\/image\/","url":"https:\/\/secure.gravatar.com\/avatar\/2829a2db2ad27a37cce4111a17f17d49?s=96&d=mm&r=g","contentUrl":"https:\/\/secure.gravatar.com\/avatar\/2829a2db2ad27a37cce4111a17f17d49?s=96&d=mm&r=g","caption":"Luis Peraza"},"url":"https:\/\/yoamomimazatlan.com\/?author=2"}]}},"_links":{"self":[{"href":"https:\/\/yoamomimazatlan.com\/index.php?rest_route=\/wp\/v2\/posts\/6955"}],"collection":[{"href":"https:\/\/yoamomimazatlan.com\/index.php?rest_route=\/wp\/v2\/posts"}],"about":[{"href":"https:\/\/yoamomimazatlan.com\/index.php?rest_route=\/wp\/v2\/types\/post"}],"author":[{"embeddable":true,"href":"https:\/\/yoamomimazatlan.com\/index.php?rest_route=\/wp\/v2\/users\/2"}],"replies":[{"embeddable":true,"href":"https:\/\/yoamomimazatlan.com\/index.php?rest_route=%2Fwp%2Fv2%2Fcomments&post=6955"}],"version-history":[{"count":0,"href":"https:\/\/yoamomimazatlan.com\/index.php?rest_route=\/wp\/v2\/posts\/6955\/revisions"}],"wp:featuredmedia":[{"embeddable":true,"href":"https:\/\/yoamomimazatlan.com\/index.php?rest_route=\/wp\/v2\/media\/6956"}],"wp:attachment":[{"href":"https:\/\/yoamomimazatlan.com\/index.php?rest_route=%2Fwp%2Fv2%2Fmedia&parent=6955"}],"wp:term":[{"taxonomy":"category","embeddable":true,"href":"https:\/\/yoamomimazatlan.com\/index.php?rest_route=%2Fwp%2Fv2%2Fcategories&post=6955"},{"taxonomy":"post_tag","embeddable":true,"href":"https:\/\/yoamomimazatlan.com\/index.php?rest_route=%2Fwp%2Fv2%2Ftags&post=6955"}],"curies":[{"name":"wp","href":"https:\/\/api.w.org\/{rel}","templated":true}]}}