{"id":7392,"date":"2023-08-10T18:54:32","date_gmt":"2023-08-10T18:54:32","guid":{"rendered":"http:\/\/yoamomimazatlan.com\/?p=7392"},"modified":"2023-08-10T18:54:35","modified_gmt":"2023-08-10T18:54:35","slug":"empresarios-y-gobierno-ponen-en-marcha-ampliacion-de-dos-carriles-en-avenida-paseo-del-atlantico","status":"publish","type":"post","link":"https:\/\/yoamomimazatlan.com\/?p=7392","title":{"rendered":"Empresarios y Gobierno ponen en marcha ampliaci\u00f3n de dos carriles en Avenida Paseo del Atl\u00e1ntico"},"content":{"rendered":"\n<p>\u00a1Por Mazatl\u00e1n vamos juntos! empresarios y el Gobierno Municipal suman esfuerzos y ponen en marcha los trabajos de la ampliaci\u00f3n del tercer carril en Avenida Paseo del Atl\u00e1ntico y una vez terminados estos trabajos iniciar\u00e1 el cuarto carril.<\/p>\n\n\n\n<p>El Alcalde Edgar Gonz\u00e1lez durante el arranque de la obra, destac\u00f3 que su Gobierno siempre tiene las puertas abiertas a la gente positiva que tiene ideas que impulsan con creatividad para generar el bienestar en la sociedad.<\/p>\n\n\n\n<p>\u201cYo estoy buscando como gobierno el c\u00f3mo sumarnos a esa iniciativa, lo he dicho en muchas ocasiones, buscar el c\u00f3mo s\u00ed, no poner piedras en el camino, no ser un estorbo como gobierno, porque en muchas ocasiones los gobierno se convierten en eso en un estorbo y lejos de generar crecimiento y desarrollo van frenando el desarrollo\u201d, precis\u00f3.<\/p>\n\n\n\n<p>El empresario, Ra\u00fal Ricardo Villavicencio, director general de Encanto Desarrollos, asever\u00f3 que al contar Mazatl\u00e1n con una autoridad municipal como Edgar Gonz\u00e1lez que trae un gran empuje en beneficio de la ciudad, los empresarios suman esfuerzos para lograr mejores proyectos.<\/p>\n\n\n\n<p>\u201cSe ha detectado que hay embotellamiento por el flujo vehicular y esas acciones que est\u00e1 tomando el se\u00f1or Alcalde (Edgar Gonz\u00e1lez) de incrementar un carril m\u00e1s adicional nos va ayudar desfogar la vialidad, nosotros por parte de del Encanto estamos sumados a cooperar con nuestros vecinos con nuestra comunidad, pero adem\u00e1s del carril que el Ayuntamiento va a construir, nosotros vamos a ampliar un carril m\u00e1s para en lugar de tener tres carriles tengamos cuatro carriles en esta zona\u201d, mencion\u00f3.<\/p>\n\n\n\n<p>El Director de Obras P\u00fablicas, Rigoberto Ar\u00e1mburo, fue el encargado de la explicaci\u00f3n t\u00e9cnica de los trabajos que constan de alrededor de 750 metros lineales donde construir\u00e1 un tercer carril de 3.50 metros de ancho, contar\u00e1 con tres retornos para mejorar el tr\u00e1nsito de esta zona y la movilidad de miles de usuarios que transitan por la parte norte de nuestra ciudad.<\/p>\n\n\n\n<p>Al evento de arranque de la obra asistieron el doctor, Jes\u00fas Manuel Santiago del Hospital Marina Mazatl\u00e1n; el presidente del Grupo Panam\u00e1, Luis osuna; Javier Tolosa Esquerra, director general de Marina Mazatl\u00e1n, los regidores Bernardo Alcaraz y Roberto Rodr\u00edguez; funcionarios municipales e invitados especiales<\/p>\n","protected":false},"excerpt":{"rendered":"<p>\u00a1Por Mazatl\u00e1n vamos juntos! empresarios y el Gobierno Municipal suman esfuerzos y ponen en marcha los trabajos de la ampliaci\u00f3n del tercer carril en Avenida Paseo del Atl\u00e1ntico y una vez terminados estos trabajos iniciar\u00e1 el cuarto carril. El Alcalde Edgar Gonz\u00e1lez durante el arranque de la obra, destac\u00f3 que su Gobierno siempre tiene las [&hellip;]<\/p>\n","protected":false},"author":2,"featured_media":7393,"comment_status":"open","ping_status":"open","sticky":false,"template":"","format":"standard","meta":{"footnotes":""},"categories":[1],"tags":[],"yoast_head":"<!-- This site is optimized with the Yoast SEO plugin v21.7 - https:\/\/yoast.com\/wordpress\/plugins\/seo\/ -->\n<title>Empresarios y Gobierno ponen en marcha ampliaci\u00f3n de dos carriles en Avenida Paseo del Atl\u00e1ntico - Amo mi Mazatl\u00e1n<\/title>\n<meta name=\"robots\" content=\"index, follow, max-snippet:-1, max-image-preview:large, max-video-preview:-1\" \/>\n<link rel=\"canonical\" href=\"https:\/\/yoamomimazatlan.com\/?p=7392\" \/>\n<meta property=\"og:locale\" content=\"es_MX\" \/>\n<meta property=\"og:type\" content=\"article\" \/>\n<meta property=\"og:title\" content=\"Empresarios y Gobierno ponen en marcha ampliaci\u00f3n de dos carriles en Avenida Paseo del Atl\u00e1ntico - Amo mi Mazatl\u00e1n\" \/>\n<meta property=\"og:description\" content=\"\u00a1Por Mazatl\u00e1n vamos juntos! empresarios y el Gobierno Municipal suman esfuerzos y ponen en marcha los trabajos de la ampliaci\u00f3n del tercer carril en Avenida Paseo del Atl\u00e1ntico y una vez terminados estos trabajos iniciar\u00e1 el cuarto carril. El Alcalde Edgar Gonz\u00e1lez durante el arranque de la obra, destac\u00f3 que su Gobierno siempre tiene las [&hellip;]\" \/>\n<meta property=\"og:url\" content=\"https:\/\/yoamomimazatlan.com\/?p=7392\" \/>\n<meta property=\"og:site_name\" content=\"Amo mi Mazatl\u00e1n\" \/>\n<meta property=\"article:published_time\" content=\"2023-08-10T18:54:32+00:00\" \/>\n<meta property=\"article:modified_time\" content=\"2023-08-10T18:54:35+00:00\" \/>\n<meta property=\"og:image\" content=\"https:\/\/yoamomimazatlan.com\/wp-content\/uploads\/2023\/08\/WhatsApp-Image-2023-08-09-at-9.16.32-PM-scaled.jpeg\" \/>\n\t<meta property=\"og:image:width\" content=\"600\" \/>\n\t<meta property=\"og:image:height\" content=\"400\" \/>\n\t<meta property=\"og:image:type\" content=\"image\/jpeg\" \/>\n<meta name=\"author\" content=\"Luis Peraza\" \/>\n<meta name=\"twitter:card\" content=\"summary_large_image\" \/>\n<meta name=\"twitter:label1\" content=\"Escrito por\" \/>\n\t<meta name=\"twitter:data1\" content=\"Luis Peraza\" \/>\n\t<meta name=\"twitter:label2\" content=\"Tiempo de lectura\" \/>\n\t<meta name=\"twitter:data2\" content=\"2 minutos\" \/>\n<script type=\"application\/ld+json\" class=\"yoast-schema-graph\">{\"@context\":\"https:\/\/schema.org\",\"@graph\":[{\"@type\":\"WebPage\",\"@id\":\"https:\/\/yoamomimazatlan.com\/?p=7392\",\"url\":\"https:\/\/yoamomimazatlan.com\/?p=7392\",\"name\":\"Empresarios y Gobierno ponen en marcha ampliaci\u00f3n de dos carriles en Avenida Paseo del Atl\u00e1ntico - Amo mi Mazatl\u00e1n\",\"isPartOf\":{\"@id\":\"https:\/\/yoamomimazatlan.com\/#website\"},\"datePublished\":\"2023-08-10T18:54:32+00:00\",\"dateModified\":\"2023-08-10T18:54:35+00:00\",\"author\":{\"@id\":\"https:\/\/yoamomimazatlan.com\/#\/schema\/person\/5eb4abccc9443dff7750dbdd0a22c79e\"},\"breadcrumb\":{\"@id\":\"https:\/\/yoamomimazatlan.com\/?p=7392#breadcrumb\"},\"inLanguage\":\"es-MX\",\"potentialAction\":[{\"@type\":\"ReadAction\",\"target\":[\"https:\/\/yoamomimazatlan.com\/?p=7392\"]}]},{\"@type\":\"BreadcrumbList\",\"@id\":\"https:\/\/yoamomimazatlan.com\/?p=7392#breadcrumb\",\"itemListElement\":[{\"@type\":\"ListItem\",\"position\":1,\"name\":\"Inicio\",\"item\":\"https:\/\/yoamomimazatlan.com\/\"},{\"@type\":\"ListItem\",\"position\":2,\"name\":\"Empresarios y Gobierno ponen en marcha ampliaci\u00f3n de dos carriles en Avenida Paseo del Atl\u00e1ntico\"}]},{\"@type\":\"WebSite\",\"@id\":\"https:\/\/yoamomimazatlan.com\/#website\",\"url\":\"https:\/\/yoamomimazatlan.com\/\",\"name\":\"Amo mi Mazatl\u00e1n\",\"description\":\"Somos Pata Salada\",\"potentialAction\":[{\"@type\":\"SearchAction\",\"target\":{\"@type\":\"EntryPoint\",\"urlTemplate\":\"https:\/\/yoamomimazatlan.com\/?s={search_term_string}\"},\"query-input\":\"required name=search_term_string\"}],\"inLanguage\":\"es-MX\"},{\"@type\":\"Person\",\"@id\":\"https:\/\/yoamomimazatlan.com\/#\/schema\/person\/5eb4abccc9443dff7750dbdd0a22c79e\",\"name\":\"Luis Peraza\",\"image\":{\"@type\":\"ImageObject\",\"inLanguage\":\"es-MX\",\"@id\":\"https:\/\/yoamomimazatlan.com\/#\/schema\/person\/image\/\",\"url\":\"https:\/\/secure.gravatar.com\/avatar\/2829a2db2ad27a37cce4111a17f17d49?s=96&d=mm&r=g\",\"contentUrl\":\"https:\/\/secure.gravatar.com\/avatar\/2829a2db2ad27a37cce4111a17f17d49?s=96&d=mm&r=g\",\"caption\":\"Luis Peraza\"},\"url\":\"https:\/\/yoamomimazatlan.com\/?author=2\"}]}<\/script>\n<!-- \/ Yoast SEO plugin. -->","yoast_head_json":{"title":"Empresarios y Gobierno ponen en marcha ampliaci\u00f3n de dos carriles en Avenida Paseo del Atl\u00e1ntico - Amo mi Mazatl\u00e1n","robots":{"index":"index","follow":"follow","max-snippet":"max-snippet:-1","max-image-preview":"max-image-preview:large","max-video-preview":"max-video-preview:-1"},"canonical":"https:\/\/yoamomimazatlan.com\/?p=7392","og_locale":"es_MX","og_type":"article","og_title":"Empresarios y Gobierno ponen en marcha ampliaci\u00f3n de dos carriles en Avenida Paseo del Atl\u00e1ntico - Amo mi Mazatl\u00e1n","og_description":"\u00a1Por Mazatl\u00e1n vamos juntos! empresarios y el Gobierno Municipal suman esfuerzos y ponen en marcha los trabajos de la ampliaci\u00f3n del tercer carril en Avenida Paseo del Atl\u00e1ntico y una vez terminados estos trabajos iniciar\u00e1 el cuarto carril. El Alcalde Edgar Gonz\u00e1lez durante el arranque de la obra, destac\u00f3 que su Gobierno siempre tiene las [&hellip;]","og_url":"https:\/\/yoamomimazatlan.com\/?p=7392","og_site_name":"Amo mi Mazatl\u00e1n","article_published_time":"2023-08-10T18:54:32+00:00","article_modified_time":"2023-08-10T18:54:35+00:00","og_image":[{"width":600,"height":400,"url":"https:\/\/yoamomimazatlan.com\/wp-content\/uploads\/2023\/08\/WhatsApp-Image-2023-08-09-at-9.16.32-PM-scaled.jpeg","type":"image\/jpeg"}],"author":"Luis Peraza","twitter_card":"summary_large_image","twitter_misc":{"Escrito por":"Luis Peraza","Tiempo de lectura":"2 minutos"},"schema":{"@context":"https:\/\/schema.org","@graph":[{"@type":"WebPage","@id":"https:\/\/yoamomimazatlan.com\/?p=7392","url":"https:\/\/yoamomimazatlan.com\/?p=7392","name":"Empresarios y Gobierno ponen en marcha ampliaci\u00f3n de dos carriles en Avenida Paseo del Atl\u00e1ntico - Amo mi Mazatl\u00e1n","isPartOf":{"@id":"https:\/\/yoamomimazatlan.com\/#website"},"datePublished":"2023-08-10T18:54:32+00:00","dateModified":"2023-08-10T18:54:35+00:00","author":{"@id":"https:\/\/yoamomimazatlan.com\/#\/schema\/person\/5eb4abccc9443dff7750dbdd0a22c79e"},"breadcrumb":{"@id":"https:\/\/yoamomimazatlan.com\/?p=7392#breadcrumb"},"inLanguage":"es-MX","potentialAction":[{"@type":"ReadAction","target":["https:\/\/yoamomimazatlan.com\/?p=7392"]}]},{"@type":"BreadcrumbList","@id":"https:\/\/yoamomimazatlan.com\/?p=7392#breadcrumb","itemListElement":[{"@type":"ListItem","position":1,"name":"Inicio","item":"https:\/\/yoamomimazatlan.com\/"},{"@type":"ListItem","position":2,"name":"Empresarios y Gobierno ponen en marcha ampliaci\u00f3n de dos carriles en Avenida Paseo del Atl\u00e1ntico"}]},{"@type":"WebSite","@id":"https:\/\/yoamomimazatlan.com\/#website","url":"https:\/\/yoamomimazatlan.com\/","name":"Amo mi Mazatl\u00e1n","description":"Somos Pata Salada","potentialAction":[{"@type":"SearchAction","target":{"@type":"EntryPoint","urlTemplate":"https:\/\/yoamomimazatlan.com\/?s={search_term_string}"},"query-input":"required name=search_term_string"}],"inLanguage":"es-MX"},{"@type":"Person","@id":"https:\/\/yoamomimazatlan.com\/#\/schema\/person\/5eb4abccc9443dff7750dbdd0a22c79e","name":"Luis Peraza","image":{"@type":"ImageObject","inLanguage":"es-MX","@id":"https:\/\/yoamomimazatlan.com\/#\/schema\/person\/image\/","url":"https:\/\/secure.gravatar.com\/avatar\/2829a2db2ad27a37cce4111a17f17d49?s=96&d=mm&r=g","contentUrl":"https:\/\/secure.gravatar.com\/avatar\/2829a2db2ad27a37cce4111a17f17d49?s=96&d=mm&r=g","caption":"Luis Peraza"},"url":"https:\/\/yoamomimazatlan.com\/?author=2"}]}},"_links":{"self":[{"href":"https:\/\/yoamomimazatlan.com\/index.php?rest_route=\/wp\/v2\/posts\/7392"}],"collection":[{"href":"https:\/\/yoamomimazatlan.com\/index.php?rest_route=\/wp\/v2\/posts"}],"about":[{"href":"https:\/\/yoamomimazatlan.com\/index.php?rest_route=\/wp\/v2\/types\/post"}],"author":[{"embeddable":true,"href":"https:\/\/yoamomimazatlan.com\/index.php?rest_route=\/wp\/v2\/users\/2"}],"replies":[{"embeddable":true,"href":"https:\/\/yoamomimazatlan.com\/index.php?rest_route=%2Fwp%2Fv2%2Fcomments&post=7392"}],"version-history":[{"count":0,"href":"https:\/\/yoamomimazatlan.com\/index.php?rest_route=\/wp\/v2\/posts\/7392\/revisions"}],"wp:featuredmedia":[{"embeddable":true,"href":"https:\/\/yoamomimazatlan.com\/index.php?rest_route=\/wp\/v2\/media\/7393"}],"wp:attachment":[{"href":"https:\/\/yoamomimazatlan.com\/index.php?rest_route=%2Fwp%2Fv2%2Fmedia&parent=7392"}],"wp:term":[{"taxonomy":"category","embeddable":true,"href":"https:\/\/yoamomimazatlan.com\/index.php?rest_route=%2Fwp%2Fv2%2Fcategories&post=7392"},{"taxonomy":"post_tag","embeddable":true,"href":"https:\/\/yoamomimazatlan.com\/index.php?rest_route=%2Fwp%2Fv2%2Ftags&post=7392"}],"curies":[{"name":"wp","href":"https:\/\/api.w.org\/{rel}","templated":true}]}}