{"id":7399,"date":"2023-08-10T23:20:21","date_gmt":"2023-08-10T23:20:21","guid":{"rendered":"http:\/\/yoamomimazatlan.com\/?p=7399"},"modified":"2023-08-10T23:20:59","modified_gmt":"2023-08-10T23:20:59","slug":"el-puerto-sera-sede-de-la-asociacion-de-cruceros-de-florida-y-el-caribe-2023","status":"publish","type":"post","link":"https:\/\/yoamomimazatlan.com\/?p=7399","title":{"rendered":"El puerto ser\u00e1 sede de la Asociaci\u00f3n de Cruceros de Florida y el Caribe 2023"},"content":{"rendered":"\n<p>Del 07 al 10 de noviembre Mazatl\u00e1n ser\u00e1 sede de la conferencia anual de la Asociaci\u00f3n de Cruceros de Florida y el Caribe (FCCA) 2023, la cual es considerada la convenci\u00f3n de cruceros m\u00e1s grande del continente americano.<\/p>\n\n\n\n<p>Estrella Palacios Dom\u00ednguez, Secretaria de Turismo en Sinaloa, precis\u00f3 que esta convenci\u00f3n ser\u00e1 una oportunidad para mostrar toda la riqueza y oferta que tiene el puerto de Mazatl\u00e1n a los m\u00e1s de 400 ejecutivos de navieras y organizaci\u00f3n de la FCCA que vendr\u00e1n de visita.<\/p>\n\n\n\n<p>Recalc\u00f3 que adem\u00e1s se espera la asistencia de representantes gubernamentales con los cuales se buscar\u00e1 hacer convenios de colaboraci\u00f3n para detonar inversiones y aumentar la derrama econ\u00f3mica en beneficio de la Perla del Pac\u00edfico.<\/p>\n\n\n\n<p>\u201cVamos a contar con la participaci\u00f3n de 23 navieras de cruceros y m\u00e1s de 400 asistentes entre ejecutivos, directivos de navieras y representantes gubernamentales, que tendr\u00e1n como resultado grandes beneficios para el destino en un futuro y tambi\u00e9n la derrama econ\u00f3mica que tan solo el evento va tener en Mazatl\u00e1n que se estima ser\u00e1 de 25 millones de pesos\u201d, puntualiz\u00f3 la secretaria de turismo.<\/p>\n\n\n\n<p>Por su parte, Mart\u00edn Ochoa L\u00f3pez, Secretario de Desarrollo Econ\u00f3mico, Turismo y Pesca, en representaci\u00f3n del alcalde Edgar Gonz\u00e1lez, asegur\u00f3 que desde el municipio existe toda la disposici\u00f3n para que este evento sea exitoso y as\u00ed se logre aumentar el n\u00famero de cruceros que arriban al puerto, beneficiando a las miles familias mazatlecas que viven a trav\u00e9s del turismo.<\/p>\n\n\n\n<p>\u201cQuiero comentarles que en el municipio de Mazatl\u00e1n nos encontramos muy contentos y entusiasmados por la realizaci\u00f3n de este importante evento. Agradecemos de nueva cuenta a la Asociaci\u00f3n de Cruceros de Florida, la FCCA, por haber elegido y confiado en Mazatl\u00e1n para ser su sede de su convenci\u00f3n anual en nuestro puerto\u201d, coment\u00f3 el titular de la SEDECTUR.<\/p>\n\n\n\n<p>Finalmente, Ad\u00e1n Cesarano, presidente de la FCCA, agradeci\u00f3 a las autoridades por el gran recibimiento y arduo compromiso para ser los mejores anfitriones e impulsar la industria de cruceros, a\u00f1adiendo que este a\u00f1o se estime cierre con el arribo de m\u00e1s de 400 mil pasajeros que eligieron Mazatl\u00e1n por hospitalidad, historia, cultura y gastronom\u00eda.<\/p>\n\n\n\n<p>A esta conferencia acudi\u00f3 el contralmirante, Manuel Ancona Infanz\u00f3n, as\u00ed como invitados especiales pertenecientes al sector hotelero, promotores tur\u00edsticos, c\u00e1maras empresariales y autoridades municipales y estatales.<\/p>\n","protected":false},"excerpt":{"rendered":"<p>Del 07 al 10 de noviembre Mazatl\u00e1n ser\u00e1 sede de la conferencia anual de la Asociaci\u00f3n de Cruceros de Florida y el Caribe (FCCA) 2023, la cual es considerada la convenci\u00f3n de cruceros m\u00e1s grande del continente americano. Estrella Palacios Dom\u00ednguez, Secretaria de Turismo en Sinaloa, precis\u00f3 que esta convenci\u00f3n ser\u00e1 una oportunidad para mostrar [&hellip;]<\/p>\n","protected":false},"author":2,"featured_media":7400,"comment_status":"open","ping_status":"open","sticky":false,"template":"","format":"standard","meta":{"footnotes":""},"categories":[1],"tags":[],"yoast_head":"<!-- This site is optimized with the Yoast SEO plugin v21.7 - https:\/\/yoast.com\/wordpress\/plugins\/seo\/ -->\n<title>El puerto ser\u00e1 sede de la Asociaci\u00f3n de Cruceros de Florida y el Caribe 2023 - Amo mi Mazatl\u00e1n<\/title>\n<meta name=\"robots\" content=\"index, follow, max-snippet:-1, max-image-preview:large, max-video-preview:-1\" \/>\n<link rel=\"canonical\" href=\"https:\/\/yoamomimazatlan.com\/?p=7399\" \/>\n<meta property=\"og:locale\" content=\"es_MX\" \/>\n<meta property=\"og:type\" content=\"article\" \/>\n<meta property=\"og:title\" content=\"El puerto ser\u00e1 sede de la Asociaci\u00f3n de Cruceros de Florida y el Caribe 2023 - Amo mi Mazatl\u00e1n\" \/>\n<meta property=\"og:description\" content=\"Del 07 al 10 de noviembre Mazatl\u00e1n ser\u00e1 sede de la conferencia anual de la Asociaci\u00f3n de Cruceros de Florida y el Caribe (FCCA) 2023, la cual es considerada la convenci\u00f3n de cruceros m\u00e1s grande del continente americano. Estrella Palacios Dom\u00ednguez, Secretaria de Turismo en Sinaloa, precis\u00f3 que esta convenci\u00f3n ser\u00e1 una oportunidad para mostrar [&hellip;]\" \/>\n<meta property=\"og:url\" content=\"https:\/\/yoamomimazatlan.com\/?p=7399\" \/>\n<meta property=\"og:site_name\" content=\"Amo mi Mazatl\u00e1n\" \/>\n<meta property=\"article:published_time\" content=\"2023-08-10T23:20:21+00:00\" \/>\n<meta property=\"article:modified_time\" content=\"2023-08-10T23:20:59+00:00\" \/>\n<meta property=\"og:image\" content=\"https:\/\/yoamomimazatlan.com\/wp-content\/uploads\/2023\/08\/WhatsApp-Image-2023-08-10-at-1.28.41-PM-scaled.jpeg\" \/>\n\t<meta property=\"og:image:width\" content=\"600\" \/>\n\t<meta property=\"og:image:height\" content=\"365\" \/>\n\t<meta property=\"og:image:type\" content=\"image\/jpeg\" \/>\n<meta name=\"author\" content=\"Luis Peraza\" \/>\n<meta name=\"twitter:card\" content=\"summary_large_image\" \/>\n<meta name=\"twitter:label1\" content=\"Escrito por\" \/>\n\t<meta name=\"twitter:data1\" content=\"Luis Peraza\" \/>\n\t<meta name=\"twitter:label2\" content=\"Tiempo de lectura\" \/>\n\t<meta name=\"twitter:data2\" content=\"2 minutos\" \/>\n<script type=\"application\/ld+json\" class=\"yoast-schema-graph\">{\"@context\":\"https:\/\/schema.org\",\"@graph\":[{\"@type\":\"WebPage\",\"@id\":\"https:\/\/yoamomimazatlan.com\/?p=7399\",\"url\":\"https:\/\/yoamomimazatlan.com\/?p=7399\",\"name\":\"El puerto ser\u00e1 sede de la Asociaci\u00f3n de Cruceros de Florida y el Caribe 2023 - Amo mi Mazatl\u00e1n\",\"isPartOf\":{\"@id\":\"https:\/\/yoamomimazatlan.com\/#website\"},\"datePublished\":\"2023-08-10T23:20:21+00:00\",\"dateModified\":\"2023-08-10T23:20:59+00:00\",\"author\":{\"@id\":\"https:\/\/yoamomimazatlan.com\/#\/schema\/person\/5eb4abccc9443dff7750dbdd0a22c79e\"},\"breadcrumb\":{\"@id\":\"https:\/\/yoamomimazatlan.com\/?p=7399#breadcrumb\"},\"inLanguage\":\"es-MX\",\"potentialAction\":[{\"@type\":\"ReadAction\",\"target\":[\"https:\/\/yoamomimazatlan.com\/?p=7399\"]}]},{\"@type\":\"BreadcrumbList\",\"@id\":\"https:\/\/yoamomimazatlan.com\/?p=7399#breadcrumb\",\"itemListElement\":[{\"@type\":\"ListItem\",\"position\":1,\"name\":\"Inicio\",\"item\":\"https:\/\/yoamomimazatlan.com\/\"},{\"@type\":\"ListItem\",\"position\":2,\"name\":\"El puerto ser\u00e1 sede de la Asociaci\u00f3n de Cruceros de Florida y el Caribe 2023\"}]},{\"@type\":\"WebSite\",\"@id\":\"https:\/\/yoamomimazatlan.com\/#website\",\"url\":\"https:\/\/yoamomimazatlan.com\/\",\"name\":\"Amo mi Mazatl\u00e1n\",\"description\":\"Somos Pata Salada\",\"potentialAction\":[{\"@type\":\"SearchAction\",\"target\":{\"@type\":\"EntryPoint\",\"urlTemplate\":\"https:\/\/yoamomimazatlan.com\/?s={search_term_string}\"},\"query-input\":\"required name=search_term_string\"}],\"inLanguage\":\"es-MX\"},{\"@type\":\"Person\",\"@id\":\"https:\/\/yoamomimazatlan.com\/#\/schema\/person\/5eb4abccc9443dff7750dbdd0a22c79e\",\"name\":\"Luis Peraza\",\"image\":{\"@type\":\"ImageObject\",\"inLanguage\":\"es-MX\",\"@id\":\"https:\/\/yoamomimazatlan.com\/#\/schema\/person\/image\/\",\"url\":\"https:\/\/secure.gravatar.com\/avatar\/2829a2db2ad27a37cce4111a17f17d49?s=96&d=mm&r=g\",\"contentUrl\":\"https:\/\/secure.gravatar.com\/avatar\/2829a2db2ad27a37cce4111a17f17d49?s=96&d=mm&r=g\",\"caption\":\"Luis Peraza\"},\"url\":\"https:\/\/yoamomimazatlan.com\/?author=2\"}]}<\/script>\n<!-- \/ Yoast SEO plugin. -->","yoast_head_json":{"title":"El puerto ser\u00e1 sede de la Asociaci\u00f3n de Cruceros de Florida y el Caribe 2023 - Amo mi Mazatl\u00e1n","robots":{"index":"index","follow":"follow","max-snippet":"max-snippet:-1","max-image-preview":"max-image-preview:large","max-video-preview":"max-video-preview:-1"},"canonical":"https:\/\/yoamomimazatlan.com\/?p=7399","og_locale":"es_MX","og_type":"article","og_title":"El puerto ser\u00e1 sede de la Asociaci\u00f3n de Cruceros de Florida y el Caribe 2023 - Amo mi Mazatl\u00e1n","og_description":"Del 07 al 10 de noviembre Mazatl\u00e1n ser\u00e1 sede de la conferencia anual de la Asociaci\u00f3n de Cruceros de Florida y el Caribe (FCCA) 2023, la cual es considerada la convenci\u00f3n de cruceros m\u00e1s grande del continente americano. Estrella Palacios Dom\u00ednguez, Secretaria de Turismo en Sinaloa, precis\u00f3 que esta convenci\u00f3n ser\u00e1 una oportunidad para mostrar [&hellip;]","og_url":"https:\/\/yoamomimazatlan.com\/?p=7399","og_site_name":"Amo mi Mazatl\u00e1n","article_published_time":"2023-08-10T23:20:21+00:00","article_modified_time":"2023-08-10T23:20:59+00:00","og_image":[{"width":600,"height":365,"url":"https:\/\/yoamomimazatlan.com\/wp-content\/uploads\/2023\/08\/WhatsApp-Image-2023-08-10-at-1.28.41-PM-scaled.jpeg","type":"image\/jpeg"}],"author":"Luis Peraza","twitter_card":"summary_large_image","twitter_misc":{"Escrito por":"Luis Peraza","Tiempo de lectura":"2 minutos"},"schema":{"@context":"https:\/\/schema.org","@graph":[{"@type":"WebPage","@id":"https:\/\/yoamomimazatlan.com\/?p=7399","url":"https:\/\/yoamomimazatlan.com\/?p=7399","name":"El puerto ser\u00e1 sede de la Asociaci\u00f3n de Cruceros de Florida y el Caribe 2023 - Amo mi Mazatl\u00e1n","isPartOf":{"@id":"https:\/\/yoamomimazatlan.com\/#website"},"datePublished":"2023-08-10T23:20:21+00:00","dateModified":"2023-08-10T23:20:59+00:00","author":{"@id":"https:\/\/yoamomimazatlan.com\/#\/schema\/person\/5eb4abccc9443dff7750dbdd0a22c79e"},"breadcrumb":{"@id":"https:\/\/yoamomimazatlan.com\/?p=7399#breadcrumb"},"inLanguage":"es-MX","potentialAction":[{"@type":"ReadAction","target":["https:\/\/yoamomimazatlan.com\/?p=7399"]}]},{"@type":"BreadcrumbList","@id":"https:\/\/yoamomimazatlan.com\/?p=7399#breadcrumb","itemListElement":[{"@type":"ListItem","position":1,"name":"Inicio","item":"https:\/\/yoamomimazatlan.com\/"},{"@type":"ListItem","position":2,"name":"El puerto ser\u00e1 sede de la Asociaci\u00f3n de Cruceros de Florida y el Caribe 2023"}]},{"@type":"WebSite","@id":"https:\/\/yoamomimazatlan.com\/#website","url":"https:\/\/yoamomimazatlan.com\/","name":"Amo mi Mazatl\u00e1n","description":"Somos Pata Salada","potentialAction":[{"@type":"SearchAction","target":{"@type":"EntryPoint","urlTemplate":"https:\/\/yoamomimazatlan.com\/?s={search_term_string}"},"query-input":"required name=search_term_string"}],"inLanguage":"es-MX"},{"@type":"Person","@id":"https:\/\/yoamomimazatlan.com\/#\/schema\/person\/5eb4abccc9443dff7750dbdd0a22c79e","name":"Luis Peraza","image":{"@type":"ImageObject","inLanguage":"es-MX","@id":"https:\/\/yoamomimazatlan.com\/#\/schema\/person\/image\/","url":"https:\/\/secure.gravatar.com\/avatar\/2829a2db2ad27a37cce4111a17f17d49?s=96&d=mm&r=g","contentUrl":"https:\/\/secure.gravatar.com\/avatar\/2829a2db2ad27a37cce4111a17f17d49?s=96&d=mm&r=g","caption":"Luis Peraza"},"url":"https:\/\/yoamomimazatlan.com\/?author=2"}]}},"_links":{"self":[{"href":"https:\/\/yoamomimazatlan.com\/index.php?rest_route=\/wp\/v2\/posts\/7399"}],"collection":[{"href":"https:\/\/yoamomimazatlan.com\/index.php?rest_route=\/wp\/v2\/posts"}],"about":[{"href":"https:\/\/yoamomimazatlan.com\/index.php?rest_route=\/wp\/v2\/types\/post"}],"author":[{"embeddable":true,"href":"https:\/\/yoamomimazatlan.com\/index.php?rest_route=\/wp\/v2\/users\/2"}],"replies":[{"embeddable":true,"href":"https:\/\/yoamomimazatlan.com\/index.php?rest_route=%2Fwp%2Fv2%2Fcomments&post=7399"}],"version-history":[{"count":0,"href":"https:\/\/yoamomimazatlan.com\/index.php?rest_route=\/wp\/v2\/posts\/7399\/revisions"}],"wp:featuredmedia":[{"embeddable":true,"href":"https:\/\/yoamomimazatlan.com\/index.php?rest_route=\/wp\/v2\/media\/7400"}],"wp:attachment":[{"href":"https:\/\/yoamomimazatlan.com\/index.php?rest_route=%2Fwp%2Fv2%2Fmedia&parent=7399"}],"wp:term":[{"taxonomy":"category","embeddable":true,"href":"https:\/\/yoamomimazatlan.com\/index.php?rest_route=%2Fwp%2Fv2%2Fcategories&post=7399"},{"taxonomy":"post_tag","embeddable":true,"href":"https:\/\/yoamomimazatlan.com\/index.php?rest_route=%2Fwp%2Fv2%2Ftags&post=7399"}],"curies":[{"name":"wp","href":"https:\/\/api.w.org\/{rel}","templated":true}]}}