{"id":7505,"date":"2023-08-25T06:09:36","date_gmt":"2023-08-25T06:09:36","guid":{"rendered":"http:\/\/yoamomimazatlan.com\/?p=7505"},"modified":"2023-08-25T06:09:39","modified_gmt":"2023-08-25T06:09:39","slug":"abandera-edgar-gonzalez-a-la-delegacion-de-mazatlan-rumbo-a-la-etapa-estatal-de-los-paranacionales-conade-2023","status":"publish","type":"post","link":"https:\/\/yoamomimazatlan.com\/?p=7505","title":{"rendered":"Abandera Edgar Gonz\u00e1lez a la Delegaci\u00f3n de Mazatl\u00e1n rumbo a la etapa estatal de los Paranacionales Conade 2023"},"content":{"rendered":"\n<p>Con el \u00e1nimo de repetir el primer lugar de todo Sinaloa, \u00c9dgar Gonz\u00e1lez, Alcalde de Mazatl\u00e1n, abander\u00f3 a la delegaci\u00f3n que representar\u00e1 al puerto en la etapa estatal de los Juegos Paranacionales Conade 2023, en la pista de atletismo de la Unidad Deportiva Benito Ju\u00e1rez.<\/p>\n\n\n\n<p>Acompa\u00f1aron al Presidente Municipal de Mazatl\u00e1n, Mar\u00eda Teresa Apodaca, presidenta del Sistema DIF Mazatl\u00e1n, Rogelio Olivas, Oficial Mayor, as\u00ed como la presidenta del Comit\u00e9 Municipal de Deporte Adaptado, Aleida Beatriz Gonz\u00e1lez Dom\u00ednguez.<\/p>\n\n\n\n<p>&#8220;En 2022 yo estuve aqu\u00ed, me toc\u00f3 abanderarlos, me toc\u00f3 sentir esa vibra que ustedes generan, tan positiva, que no dude nunca que ser\u00edan campeones y primer lugar. Hoy, 2023, estoy seguro que ser\u00e1 lo mismo, van a luchar y van a hacer todo lo posible para poner el nombre de Mazatl\u00e1n en alto&#8221;, resalt\u00f3 Gonz\u00e1lez Zatar\u00e1in.<\/p>\n\n\n\n<p>La delegaci\u00f3n mazatleca participar\u00e1 en la etapa estatal con una delegaci\u00f3n de 136 miembros, a los que se sumar\u00e1n 350 atletas de todo el estado para la contienda a realizarse a Mazatl\u00e1n, del 31 de agosto al 2 de septiembre.<\/p>\n\n\n\n<p>En 2022, el conjunto porte\u00f1o cosech\u00f3 153 medallas, entre ellas 84 de oro, 50 de plata y 19 de bronce, por lo que este a\u00f1o buscar\u00e1 superar el r\u00e9cord y mantener el primer lugar de Sinaloa.<\/p>\n\n\n\n<p>&#8220;Nos decimos listos para recibir a los m\u00e1s de 350 atletas de los diferentes municipios del estado, pero nos decimos a\u00fan m\u00e1s listos como Municipio de Mazatl\u00e1n; la selecci\u00f3n, la pr\u00f3xima semana, volver\u00e1 a hacer historia, sin duda y a mi juicio, son de las mejores generaciones que ha tenido Mazatl\u00e1n&#8221;, expres\u00f3 Fabiola Verde, titular del Imdem.<\/p>\n\n\n\n<p>Yenifer Monserrat Rodr\u00edguez Vizcarra, competidora en el lanzamiento de clava, fue la atleta con discapacidad encargada de motivar con un c\u00e1lido discurso a sus compa\u00f1eros, en el que resalt\u00f3 &#8220;somos invencibles, los quiero mucho&#8221;.<\/p>\n\n\n\n<p>En sinton\u00eda con los atletas<\/p>\n\n\n\n<p>Los deportistas Emanuel Valle Moreno y Jesus Manuel Altamirano entregaron al Alcalde Edgar Gonz\u00e1lez playeras conmemorativas de la competencia 2023, previo al abanderamiento que hizo de la delegaci\u00f3n.<\/p>\n\n\n\n<p>Los porte\u00f1os competir\u00e1n por los primeros lugares en las disciplinas de boccia, nataci\u00f3n, as\u00ed como en las diferentes especialidades del para atletismo, despu\u00e9s de conseguir 28 medallas en el Abierto Warriors Athletes que se llev\u00f3 a cabo el pasado fin de semana, en la Ciudad de M\u00e9xico.<\/p>\n","protected":false},"excerpt":{"rendered":"<p>Con el \u00e1nimo de repetir el primer lugar de todo Sinaloa, \u00c9dgar Gonz\u00e1lez, Alcalde de Mazatl\u00e1n, abander\u00f3 a la delegaci\u00f3n que representar\u00e1 al puerto en la etapa estatal de los Juegos Paranacionales Conade 2023, en la pista de atletismo de la Unidad Deportiva Benito Ju\u00e1rez. Acompa\u00f1aron al Presidente Municipal de Mazatl\u00e1n, Mar\u00eda Teresa Apodaca, presidenta [&hellip;]<\/p>\n","protected":false},"author":2,"featured_media":7506,"comment_status":"open","ping_status":"open","sticky":false,"template":"","format":"standard","meta":{"footnotes":""},"categories":[1],"tags":[],"yoast_head":"<!-- This site is optimized with the Yoast SEO plugin v21.7 - https:\/\/yoast.com\/wordpress\/plugins\/seo\/ -->\n<title>Abandera Edgar Gonz\u00e1lez a la Delegaci\u00f3n de Mazatl\u00e1n rumbo a la etapa estatal de los Paranacionales Conade 2023 - Amo mi Mazatl\u00e1n<\/title>\n<meta name=\"robots\" content=\"index, follow, max-snippet:-1, max-image-preview:large, max-video-preview:-1\" \/>\n<link rel=\"canonical\" href=\"https:\/\/yoamomimazatlan.com\/?p=7505\" \/>\n<meta property=\"og:locale\" content=\"es_MX\" \/>\n<meta property=\"og:type\" content=\"article\" \/>\n<meta property=\"og:title\" content=\"Abandera Edgar Gonz\u00e1lez a la Delegaci\u00f3n de Mazatl\u00e1n rumbo a la etapa estatal de los Paranacionales Conade 2023 - Amo mi Mazatl\u00e1n\" \/>\n<meta property=\"og:description\" content=\"Con el \u00e1nimo de repetir el primer lugar de todo Sinaloa, \u00c9dgar Gonz\u00e1lez, Alcalde de Mazatl\u00e1n, abander\u00f3 a la delegaci\u00f3n que representar\u00e1 al puerto en la etapa estatal de los Juegos Paranacionales Conade 2023, en la pista de atletismo de la Unidad Deportiva Benito Ju\u00e1rez. Acompa\u00f1aron al Presidente Municipal de Mazatl\u00e1n, Mar\u00eda Teresa Apodaca, presidenta [&hellip;]\" \/>\n<meta property=\"og:url\" content=\"https:\/\/yoamomimazatlan.com\/?p=7505\" \/>\n<meta property=\"og:site_name\" content=\"Amo mi Mazatl\u00e1n\" \/>\n<meta property=\"article:published_time\" content=\"2023-08-25T06:09:36+00:00\" \/>\n<meta property=\"article:modified_time\" content=\"2023-08-25T06:09:39+00:00\" \/>\n<meta property=\"og:image\" content=\"https:\/\/yoamomimazatlan.com\/wp-content\/uploads\/2023\/08\/WhatsApp-Image-2023-08-24-at-9.20.05-PM-scaled.jpeg\" \/>\n\t<meta property=\"og:image:width\" content=\"600\" \/>\n\t<meta property=\"og:image:height\" content=\"400\" \/>\n\t<meta property=\"og:image:type\" content=\"image\/jpeg\" \/>\n<meta name=\"author\" content=\"Luis Peraza\" \/>\n<meta name=\"twitter:card\" content=\"summary_large_image\" \/>\n<meta name=\"twitter:label1\" content=\"Escrito por\" \/>\n\t<meta name=\"twitter:data1\" content=\"Luis Peraza\" \/>\n\t<meta name=\"twitter:label2\" content=\"Tiempo de lectura\" \/>\n\t<meta name=\"twitter:data2\" content=\"2 minutos\" \/>\n<script type=\"application\/ld+json\" class=\"yoast-schema-graph\">{\"@context\":\"https:\/\/schema.org\",\"@graph\":[{\"@type\":\"WebPage\",\"@id\":\"https:\/\/yoamomimazatlan.com\/?p=7505\",\"url\":\"https:\/\/yoamomimazatlan.com\/?p=7505\",\"name\":\"Abandera Edgar Gonz\u00e1lez a la Delegaci\u00f3n de Mazatl\u00e1n rumbo a la etapa estatal de los Paranacionales Conade 2023 - Amo mi Mazatl\u00e1n\",\"isPartOf\":{\"@id\":\"https:\/\/yoamomimazatlan.com\/#website\"},\"datePublished\":\"2023-08-25T06:09:36+00:00\",\"dateModified\":\"2023-08-25T06:09:39+00:00\",\"author\":{\"@id\":\"https:\/\/yoamomimazatlan.com\/#\/schema\/person\/5eb4abccc9443dff7750dbdd0a22c79e\"},\"breadcrumb\":{\"@id\":\"https:\/\/yoamomimazatlan.com\/?p=7505#breadcrumb\"},\"inLanguage\":\"es-MX\",\"potentialAction\":[{\"@type\":\"ReadAction\",\"target\":[\"https:\/\/yoamomimazatlan.com\/?p=7505\"]}]},{\"@type\":\"BreadcrumbList\",\"@id\":\"https:\/\/yoamomimazatlan.com\/?p=7505#breadcrumb\",\"itemListElement\":[{\"@type\":\"ListItem\",\"position\":1,\"name\":\"Inicio\",\"item\":\"https:\/\/yoamomimazatlan.com\/\"},{\"@type\":\"ListItem\",\"position\":2,\"name\":\"Abandera Edgar Gonz\u00e1lez a la Delegaci\u00f3n de Mazatl\u00e1n rumbo a la etapa estatal de los Paranacionales Conade 2023\"}]},{\"@type\":\"WebSite\",\"@id\":\"https:\/\/yoamomimazatlan.com\/#website\",\"url\":\"https:\/\/yoamomimazatlan.com\/\",\"name\":\"Amo mi Mazatl\u00e1n\",\"description\":\"Somos Pata Salada\",\"potentialAction\":[{\"@type\":\"SearchAction\",\"target\":{\"@type\":\"EntryPoint\",\"urlTemplate\":\"https:\/\/yoamomimazatlan.com\/?s={search_term_string}\"},\"query-input\":\"required name=search_term_string\"}],\"inLanguage\":\"es-MX\"},{\"@type\":\"Person\",\"@id\":\"https:\/\/yoamomimazatlan.com\/#\/schema\/person\/5eb4abccc9443dff7750dbdd0a22c79e\",\"name\":\"Luis Peraza\",\"image\":{\"@type\":\"ImageObject\",\"inLanguage\":\"es-MX\",\"@id\":\"https:\/\/yoamomimazatlan.com\/#\/schema\/person\/image\/\",\"url\":\"https:\/\/secure.gravatar.com\/avatar\/2829a2db2ad27a37cce4111a17f17d49?s=96&d=mm&r=g\",\"contentUrl\":\"https:\/\/secure.gravatar.com\/avatar\/2829a2db2ad27a37cce4111a17f17d49?s=96&d=mm&r=g\",\"caption\":\"Luis Peraza\"},\"url\":\"https:\/\/yoamomimazatlan.com\/?author=2\"}]}<\/script>\n<!-- \/ Yoast SEO plugin. -->","yoast_head_json":{"title":"Abandera Edgar Gonz\u00e1lez a la Delegaci\u00f3n de Mazatl\u00e1n rumbo a la etapa estatal de los Paranacionales Conade 2023 - Amo mi Mazatl\u00e1n","robots":{"index":"index","follow":"follow","max-snippet":"max-snippet:-1","max-image-preview":"max-image-preview:large","max-video-preview":"max-video-preview:-1"},"canonical":"https:\/\/yoamomimazatlan.com\/?p=7505","og_locale":"es_MX","og_type":"article","og_title":"Abandera Edgar Gonz\u00e1lez a la Delegaci\u00f3n de Mazatl\u00e1n rumbo a la etapa estatal de los Paranacionales Conade 2023 - Amo mi Mazatl\u00e1n","og_description":"Con el \u00e1nimo de repetir el primer lugar de todo Sinaloa, \u00c9dgar Gonz\u00e1lez, Alcalde de Mazatl\u00e1n, abander\u00f3 a la delegaci\u00f3n que representar\u00e1 al puerto en la etapa estatal de los Juegos Paranacionales Conade 2023, en la pista de atletismo de la Unidad Deportiva Benito Ju\u00e1rez. Acompa\u00f1aron al Presidente Municipal de Mazatl\u00e1n, Mar\u00eda Teresa Apodaca, presidenta [&hellip;]","og_url":"https:\/\/yoamomimazatlan.com\/?p=7505","og_site_name":"Amo mi Mazatl\u00e1n","article_published_time":"2023-08-25T06:09:36+00:00","article_modified_time":"2023-08-25T06:09:39+00:00","og_image":[{"width":600,"height":400,"url":"https:\/\/yoamomimazatlan.com\/wp-content\/uploads\/2023\/08\/WhatsApp-Image-2023-08-24-at-9.20.05-PM-scaled.jpeg","type":"image\/jpeg"}],"author":"Luis Peraza","twitter_card":"summary_large_image","twitter_misc":{"Escrito por":"Luis Peraza","Tiempo de lectura":"2 minutos"},"schema":{"@context":"https:\/\/schema.org","@graph":[{"@type":"WebPage","@id":"https:\/\/yoamomimazatlan.com\/?p=7505","url":"https:\/\/yoamomimazatlan.com\/?p=7505","name":"Abandera Edgar Gonz\u00e1lez a la Delegaci\u00f3n de Mazatl\u00e1n rumbo a la etapa estatal de los Paranacionales Conade 2023 - Amo mi Mazatl\u00e1n","isPartOf":{"@id":"https:\/\/yoamomimazatlan.com\/#website"},"datePublished":"2023-08-25T06:09:36+00:00","dateModified":"2023-08-25T06:09:39+00:00","author":{"@id":"https:\/\/yoamomimazatlan.com\/#\/schema\/person\/5eb4abccc9443dff7750dbdd0a22c79e"},"breadcrumb":{"@id":"https:\/\/yoamomimazatlan.com\/?p=7505#breadcrumb"},"inLanguage":"es-MX","potentialAction":[{"@type":"ReadAction","target":["https:\/\/yoamomimazatlan.com\/?p=7505"]}]},{"@type":"BreadcrumbList","@id":"https:\/\/yoamomimazatlan.com\/?p=7505#breadcrumb","itemListElement":[{"@type":"ListItem","position":1,"name":"Inicio","item":"https:\/\/yoamomimazatlan.com\/"},{"@type":"ListItem","position":2,"name":"Abandera Edgar Gonz\u00e1lez a la Delegaci\u00f3n de Mazatl\u00e1n rumbo a la etapa estatal de los Paranacionales Conade 2023"}]},{"@type":"WebSite","@id":"https:\/\/yoamomimazatlan.com\/#website","url":"https:\/\/yoamomimazatlan.com\/","name":"Amo mi Mazatl\u00e1n","description":"Somos Pata Salada","potentialAction":[{"@type":"SearchAction","target":{"@type":"EntryPoint","urlTemplate":"https:\/\/yoamomimazatlan.com\/?s={search_term_string}"},"query-input":"required name=search_term_string"}],"inLanguage":"es-MX"},{"@type":"Person","@id":"https:\/\/yoamomimazatlan.com\/#\/schema\/person\/5eb4abccc9443dff7750dbdd0a22c79e","name":"Luis Peraza","image":{"@type":"ImageObject","inLanguage":"es-MX","@id":"https:\/\/yoamomimazatlan.com\/#\/schema\/person\/image\/","url":"https:\/\/secure.gravatar.com\/avatar\/2829a2db2ad27a37cce4111a17f17d49?s=96&d=mm&r=g","contentUrl":"https:\/\/secure.gravatar.com\/avatar\/2829a2db2ad27a37cce4111a17f17d49?s=96&d=mm&r=g","caption":"Luis Peraza"},"url":"https:\/\/yoamomimazatlan.com\/?author=2"}]}},"_links":{"self":[{"href":"https:\/\/yoamomimazatlan.com\/index.php?rest_route=\/wp\/v2\/posts\/7505"}],"collection":[{"href":"https:\/\/yoamomimazatlan.com\/index.php?rest_route=\/wp\/v2\/posts"}],"about":[{"href":"https:\/\/yoamomimazatlan.com\/index.php?rest_route=\/wp\/v2\/types\/post"}],"author":[{"embeddable":true,"href":"https:\/\/yoamomimazatlan.com\/index.php?rest_route=\/wp\/v2\/users\/2"}],"replies":[{"embeddable":true,"href":"https:\/\/yoamomimazatlan.com\/index.php?rest_route=%2Fwp%2Fv2%2Fcomments&post=7505"}],"version-history":[{"count":0,"href":"https:\/\/yoamomimazatlan.com\/index.php?rest_route=\/wp\/v2\/posts\/7505\/revisions"}],"wp:featuredmedia":[{"embeddable":true,"href":"https:\/\/yoamomimazatlan.com\/index.php?rest_route=\/wp\/v2\/media\/7506"}],"wp:attachment":[{"href":"https:\/\/yoamomimazatlan.com\/index.php?rest_route=%2Fwp%2Fv2%2Fmedia&parent=7505"}],"wp:term":[{"taxonomy":"category","embeddable":true,"href":"https:\/\/yoamomimazatlan.com\/index.php?rest_route=%2Fwp%2Fv2%2Fcategories&post=7505"},{"taxonomy":"post_tag","embeddable":true,"href":"https:\/\/yoamomimazatlan.com\/index.php?rest_route=%2Fwp%2Fv2%2Ftags&post=7505"}],"curies":[{"name":"wp","href":"https:\/\/api.w.org\/{rel}","templated":true}]}}