{"id":8051,"date":"2023-12-18T22:32:10","date_gmt":"2023-12-18T22:32:10","guid":{"rendered":"https:\/\/yoamomimazatlan.com\/?p=8051"},"modified":"2023-12-18T22:32:10","modified_gmt":"2023-12-18T22:32:10","slug":"escucha-alcalde-a-vecinos-de-la-colonia-vistas-del-mar","status":"publish","type":"post","link":"https:\/\/yoamomimazatlan.com\/?p=8051","title":{"rendered":"Escucha Alcalde a vecinos de la colonia Vistas del Mar"},"content":{"rendered":"\n<p>Escucha el Alcalde Edgar Gonz\u00e1lez a vecinos de la colonia Vistas del Mar, en un recorrido por las calles de la referida colonia el mun\u00edcipe pudo constatar las necesidades que se presentan en la zona.<\/p>\n\n\n\n<p>Pavimentaci\u00f3n de calles, certeza jur\u00eddica y alumbrado p\u00fablico fueron de las peticiones de los habitantes.<\/p>\n\n\n\n<p>Edgar Gonz\u00e1lez mencion\u00f3 que seguir\u00e1 trabajando por el bienestar de las colonias y Vistas del Mar no ser\u00e1 la excepci\u00f3n.<\/p>\n\n\n\n<p>\u201cComo todas las colonias, algunas con m\u00e1s necesidades que otras, aqu\u00ed hay diversos problemas, fundamentalmente el tema de pavimentaci\u00f3n, el tema del alumbrado p\u00fablico lo hemos estado verificando, es muy viejo, esta colonia a mi me toc\u00f3 apoyar algunos l\u00edderes en aquellos tiempos, los apoyamos para formar esta colonia\u201d, expres\u00f3 Edgar Gonz\u00e1lez.<\/p>\n\n\n\n<p>Los habitantes agradecieron a Edgar Gonz\u00e1lez su visita, incluso aseguraron que \u00e9l ha sido el primer presidente en recorrer sus calles.<\/p>\n\n\n\n<p>A este recorrido asistieron funcionarios municipales que tambi\u00e9n atend\u00edan solicitudes de los colonos.<\/p>\n","protected":false},"excerpt":{"rendered":"<p>Escucha el Alcalde Edgar Gonz\u00e1lez a vecinos de la colonia Vistas del Mar, en un recorrido por las calles de la referida colonia el mun\u00edcipe pudo constatar las necesidades que se presentan en la zona. Pavimentaci\u00f3n de calles, certeza jur\u00eddica y alumbrado p\u00fablico fueron de las peticiones de los habitantes. Edgar Gonz\u00e1lez mencion\u00f3 que seguir\u00e1 [&hellip;]<\/p>\n","protected":false},"author":2,"featured_media":8052,"comment_status":"open","ping_status":"open","sticky":false,"template":"","format":"standard","meta":{"footnotes":""},"categories":[1],"tags":[],"yoast_head":"<!-- This site is optimized with the Yoast SEO plugin v21.7 - https:\/\/yoast.com\/wordpress\/plugins\/seo\/ -->\n<title>Escucha Alcalde a vecinos de la colonia Vistas del Mar - Amo mi Mazatl\u00e1n<\/title>\n<meta name=\"robots\" content=\"index, follow, max-snippet:-1, max-image-preview:large, max-video-preview:-1\" \/>\n<link rel=\"canonical\" href=\"https:\/\/yoamomimazatlan.com\/?p=8051\" \/>\n<meta property=\"og:locale\" content=\"es_MX\" \/>\n<meta property=\"og:type\" content=\"article\" \/>\n<meta property=\"og:title\" content=\"Escucha Alcalde a vecinos de la colonia Vistas del Mar - Amo mi Mazatl\u00e1n\" \/>\n<meta property=\"og:description\" content=\"Escucha el Alcalde Edgar Gonz\u00e1lez a vecinos de la colonia Vistas del Mar, en un recorrido por las calles de la referida colonia el mun\u00edcipe pudo constatar las necesidades que se presentan en la zona. Pavimentaci\u00f3n de calles, certeza jur\u00eddica y alumbrado p\u00fablico fueron de las peticiones de los habitantes. Edgar Gonz\u00e1lez mencion\u00f3 que seguir\u00e1 [&hellip;]\" \/>\n<meta property=\"og:url\" content=\"https:\/\/yoamomimazatlan.com\/?p=8051\" \/>\n<meta property=\"og:site_name\" content=\"Amo mi Mazatl\u00e1n\" \/>\n<meta property=\"article:published_time\" content=\"2023-12-18T22:32:10+00:00\" \/>\n<meta name=\"author\" content=\"Luis Peraza\" \/>\n<meta name=\"twitter:card\" content=\"summary_large_image\" \/>\n<meta name=\"twitter:label1\" content=\"Escrito por\" \/>\n\t<meta name=\"twitter:data1\" content=\"Luis Peraza\" \/>\n\t<meta name=\"twitter:label2\" content=\"Tiempo de lectura\" \/>\n\t<meta name=\"twitter:data2\" content=\"1 minuto\" \/>\n<script type=\"application\/ld+json\" class=\"yoast-schema-graph\">{\"@context\":\"https:\/\/schema.org\",\"@graph\":[{\"@type\":\"WebPage\",\"@id\":\"https:\/\/yoamomimazatlan.com\/?p=8051\",\"url\":\"https:\/\/yoamomimazatlan.com\/?p=8051\",\"name\":\"Escucha Alcalde a vecinos de la colonia Vistas del Mar - Amo mi Mazatl\u00e1n\",\"isPartOf\":{\"@id\":\"https:\/\/yoamomimazatlan.com\/#website\"},\"datePublished\":\"2023-12-18T22:32:10+00:00\",\"dateModified\":\"2023-12-18T22:32:10+00:00\",\"author\":{\"@id\":\"https:\/\/yoamomimazatlan.com\/#\/schema\/person\/5eb4abccc9443dff7750dbdd0a22c79e\"},\"breadcrumb\":{\"@id\":\"https:\/\/yoamomimazatlan.com\/?p=8051#breadcrumb\"},\"inLanguage\":\"es-MX\",\"potentialAction\":[{\"@type\":\"ReadAction\",\"target\":[\"https:\/\/yoamomimazatlan.com\/?p=8051\"]}]},{\"@type\":\"BreadcrumbList\",\"@id\":\"https:\/\/yoamomimazatlan.com\/?p=8051#breadcrumb\",\"itemListElement\":[{\"@type\":\"ListItem\",\"position\":1,\"name\":\"Inicio\",\"item\":\"https:\/\/yoamomimazatlan.com\/\"},{\"@type\":\"ListItem\",\"position\":2,\"name\":\"Escucha Alcalde a vecinos de la colonia Vistas del Mar\"}]},{\"@type\":\"WebSite\",\"@id\":\"https:\/\/yoamomimazatlan.com\/#website\",\"url\":\"https:\/\/yoamomimazatlan.com\/\",\"name\":\"Amo mi Mazatl\u00e1n\",\"description\":\"Somos Pata Salada\",\"potentialAction\":[{\"@type\":\"SearchAction\",\"target\":{\"@type\":\"EntryPoint\",\"urlTemplate\":\"https:\/\/yoamomimazatlan.com\/?s={search_term_string}\"},\"query-input\":\"required name=search_term_string\"}],\"inLanguage\":\"es-MX\"},{\"@type\":\"Person\",\"@id\":\"https:\/\/yoamomimazatlan.com\/#\/schema\/person\/5eb4abccc9443dff7750dbdd0a22c79e\",\"name\":\"Luis Peraza\",\"image\":{\"@type\":\"ImageObject\",\"inLanguage\":\"es-MX\",\"@id\":\"https:\/\/yoamomimazatlan.com\/#\/schema\/person\/image\/\",\"url\":\"https:\/\/secure.gravatar.com\/avatar\/2829a2db2ad27a37cce4111a17f17d49?s=96&d=mm&r=g\",\"contentUrl\":\"https:\/\/secure.gravatar.com\/avatar\/2829a2db2ad27a37cce4111a17f17d49?s=96&d=mm&r=g\",\"caption\":\"Luis Peraza\"},\"url\":\"https:\/\/yoamomimazatlan.com\/?author=2\"}]}<\/script>\n<!-- \/ Yoast SEO plugin. -->","yoast_head_json":{"title":"Escucha Alcalde a vecinos de la colonia Vistas del Mar - Amo mi Mazatl\u00e1n","robots":{"index":"index","follow":"follow","max-snippet":"max-snippet:-1","max-image-preview":"max-image-preview:large","max-video-preview":"max-video-preview:-1"},"canonical":"https:\/\/yoamomimazatlan.com\/?p=8051","og_locale":"es_MX","og_type":"article","og_title":"Escucha Alcalde a vecinos de la colonia Vistas del Mar - Amo mi Mazatl\u00e1n","og_description":"Escucha el Alcalde Edgar Gonz\u00e1lez a vecinos de la colonia Vistas del Mar, en un recorrido por las calles de la referida colonia el mun\u00edcipe pudo constatar las necesidades que se presentan en la zona. Pavimentaci\u00f3n de calles, certeza jur\u00eddica y alumbrado p\u00fablico fueron de las peticiones de los habitantes. Edgar Gonz\u00e1lez mencion\u00f3 que seguir\u00e1 [&hellip;]","og_url":"https:\/\/yoamomimazatlan.com\/?p=8051","og_site_name":"Amo mi Mazatl\u00e1n","article_published_time":"2023-12-18T22:32:10+00:00","author":"Luis Peraza","twitter_card":"summary_large_image","twitter_misc":{"Escrito por":"Luis Peraza","Tiempo de lectura":"1 minuto"},"schema":{"@context":"https:\/\/schema.org","@graph":[{"@type":"WebPage","@id":"https:\/\/yoamomimazatlan.com\/?p=8051","url":"https:\/\/yoamomimazatlan.com\/?p=8051","name":"Escucha Alcalde a vecinos de la colonia Vistas del Mar - Amo mi Mazatl\u00e1n","isPartOf":{"@id":"https:\/\/yoamomimazatlan.com\/#website"},"datePublished":"2023-12-18T22:32:10+00:00","dateModified":"2023-12-18T22:32:10+00:00","author":{"@id":"https:\/\/yoamomimazatlan.com\/#\/schema\/person\/5eb4abccc9443dff7750dbdd0a22c79e"},"breadcrumb":{"@id":"https:\/\/yoamomimazatlan.com\/?p=8051#breadcrumb"},"inLanguage":"es-MX","potentialAction":[{"@type":"ReadAction","target":["https:\/\/yoamomimazatlan.com\/?p=8051"]}]},{"@type":"BreadcrumbList","@id":"https:\/\/yoamomimazatlan.com\/?p=8051#breadcrumb","itemListElement":[{"@type":"ListItem","position":1,"name":"Inicio","item":"https:\/\/yoamomimazatlan.com\/"},{"@type":"ListItem","position":2,"name":"Escucha Alcalde a vecinos de la colonia Vistas del Mar"}]},{"@type":"WebSite","@id":"https:\/\/yoamomimazatlan.com\/#website","url":"https:\/\/yoamomimazatlan.com\/","name":"Amo mi Mazatl\u00e1n","description":"Somos Pata Salada","potentialAction":[{"@type":"SearchAction","target":{"@type":"EntryPoint","urlTemplate":"https:\/\/yoamomimazatlan.com\/?s={search_term_string}"},"query-input":"required name=search_term_string"}],"inLanguage":"es-MX"},{"@type":"Person","@id":"https:\/\/yoamomimazatlan.com\/#\/schema\/person\/5eb4abccc9443dff7750dbdd0a22c79e","name":"Luis Peraza","image":{"@type":"ImageObject","inLanguage":"es-MX","@id":"https:\/\/yoamomimazatlan.com\/#\/schema\/person\/image\/","url":"https:\/\/secure.gravatar.com\/avatar\/2829a2db2ad27a37cce4111a17f17d49?s=96&d=mm&r=g","contentUrl":"https:\/\/secure.gravatar.com\/avatar\/2829a2db2ad27a37cce4111a17f17d49?s=96&d=mm&r=g","caption":"Luis Peraza"},"url":"https:\/\/yoamomimazatlan.com\/?author=2"}]}},"_links":{"self":[{"href":"https:\/\/yoamomimazatlan.com\/index.php?rest_route=\/wp\/v2\/posts\/8051"}],"collection":[{"href":"https:\/\/yoamomimazatlan.com\/index.php?rest_route=\/wp\/v2\/posts"}],"about":[{"href":"https:\/\/yoamomimazatlan.com\/index.php?rest_route=\/wp\/v2\/types\/post"}],"author":[{"embeddable":true,"href":"https:\/\/yoamomimazatlan.com\/index.php?rest_route=\/wp\/v2\/users\/2"}],"replies":[{"embeddable":true,"href":"https:\/\/yoamomimazatlan.com\/index.php?rest_route=%2Fwp%2Fv2%2Fcomments&post=8051"}],"version-history":[{"count":2,"href":"https:\/\/yoamomimazatlan.com\/index.php?rest_route=\/wp\/v2\/posts\/8051\/revisions"}],"predecessor-version":[{"id":8054,"href":"https:\/\/yoamomimazatlan.com\/index.php?rest_route=\/wp\/v2\/posts\/8051\/revisions\/8054"}],"wp:featuredmedia":[{"embeddable":true,"href":"https:\/\/yoamomimazatlan.com\/index.php?rest_route=\/wp\/v2\/media\/8052"}],"wp:attachment":[{"href":"https:\/\/yoamomimazatlan.com\/index.php?rest_route=%2Fwp%2Fv2%2Fmedia&parent=8051"}],"wp:term":[{"taxonomy":"category","embeddable":true,"href":"https:\/\/yoamomimazatlan.com\/index.php?rest_route=%2Fwp%2Fv2%2Fcategories&post=8051"},{"taxonomy":"post_tag","embeddable":true,"href":"https:\/\/yoamomimazatlan.com\/index.php?rest_route=%2Fwp%2Fv2%2Ftags&post=8051"}],"curies":[{"name":"wp","href":"https:\/\/api.w.org\/{rel}","templated":true}]}}