{"id":8064,"date":"2023-12-18T22:49:20","date_gmt":"2023-12-18T22:49:20","guid":{"rendered":"https:\/\/yoamomimazatlan.com\/?p=8064"},"modified":"2023-12-18T22:49:20","modified_gmt":"2023-12-18T22:49:20","slug":"ilumina-a-mazatlan-la-magia-de-la-navidad-con-el-encendido-de-la-villa-navidena","status":"publish","type":"post","link":"https:\/\/yoamomimazatlan.com\/?p=8064","title":{"rendered":"Ilumina a Mazatl\u00e1n la magia de la navidad con el encendido de la Villa navide\u00f1a"},"content":{"rendered":"\n<p>Llega a Mazatl\u00e1n la magia de la navidad con el encendido de la Villa navide\u00f1a.<\/p>\n\n\n\n<p>Miles de familias mazatlecas y turistas asistieron al parque central donde disfrutaron de todos los atractivos como las luces que se pudieron apreciar por todo el parque, adem\u00e1s de villancicos, juegos mec\u00e1nicos, y una variedad de antojitos.<\/p>\n\n\n\n<p>En la inauguraci\u00f3n de este atractivo decembrino, Edgar Gonz\u00e1lez Alcalde de Mazatl\u00e1n junto a su esposa, la Dra. Mar\u00eda Teresa Apodaca y su hija Danha, les dese\u00f3 lo mejor en estas fechas de amor y paz a todos los asistentes.<\/p>\n\n\n\n<p>\u201cHemos estado haciendo contrarreloj, un gran esfuerzo para que la navidad no pasara desapercibida, sobre todo tener un lugar, estos d\u00edas de recreaci\u00f3n y hoy hicimos junto con un grupo de empresarios, con donativos importantes y que sumando esfuerzos, entre empresarios, amigos y gobierno nos hemos podido instalar, con todo el coraz\u00f3n, este espacio este lugar para que las familias puedan venir a recrearse\u201d, expres\u00f3 Edgar Gonz\u00e1lez.<\/p>\n\n\n\n<p>Cabe mencionar que la pista de hielo estar\u00e1 lista este domingo sin costo alguno al igual que la entrada al parque central.<\/p>\n\n\n\n<p>Despu\u00e9s del encendido de la Villa, las autoridades asistenten y miles de locales y turistas realizaron un recorrido para disfrutar de todo lo que ofrece el recinto.<\/p>\n","protected":false},"excerpt":{"rendered":"<p>Llega a Mazatl\u00e1n la magia de la navidad con el encendido de la Villa navide\u00f1a. Miles de familias mazatlecas y turistas asistieron al parque central donde disfrutaron de todos los atractivos como las luces que se pudieron apreciar por todo el parque, adem\u00e1s de villancicos, juegos mec\u00e1nicos, y una variedad de antojitos. En la inauguraci\u00f3n [&hellip;]<\/p>\n","protected":false},"author":2,"featured_media":8065,"comment_status":"open","ping_status":"open","sticky":false,"template":"","format":"standard","meta":{"footnotes":""},"categories":[1],"tags":[],"yoast_head":"<!-- This site is optimized with the Yoast SEO plugin v21.7 - https:\/\/yoast.com\/wordpress\/plugins\/seo\/ -->\n<title>Ilumina a Mazatl\u00e1n la magia de la navidad con el encendido de la Villa navide\u00f1a - Amo mi Mazatl\u00e1n<\/title>\n<meta name=\"robots\" content=\"index, follow, max-snippet:-1, max-image-preview:large, max-video-preview:-1\" \/>\n<link rel=\"canonical\" href=\"https:\/\/yoamomimazatlan.com\/?p=8064\" \/>\n<meta property=\"og:locale\" content=\"es_MX\" \/>\n<meta property=\"og:type\" content=\"article\" \/>\n<meta property=\"og:title\" content=\"Ilumina a Mazatl\u00e1n la magia de la navidad con el encendido de la Villa navide\u00f1a - Amo mi Mazatl\u00e1n\" \/>\n<meta property=\"og:description\" content=\"Llega a Mazatl\u00e1n la magia de la navidad con el encendido de la Villa navide\u00f1a. Miles de familias mazatlecas y turistas asistieron al parque central donde disfrutaron de todos los atractivos como las luces que se pudieron apreciar por todo el parque, adem\u00e1s de villancicos, juegos mec\u00e1nicos, y una variedad de antojitos. En la inauguraci\u00f3n [&hellip;]\" \/>\n<meta property=\"og:url\" content=\"https:\/\/yoamomimazatlan.com\/?p=8064\" \/>\n<meta property=\"og:site_name\" content=\"Amo mi Mazatl\u00e1n\" \/>\n<meta property=\"article:published_time\" content=\"2023-12-18T22:49:20+00:00\" \/>\n<meta name=\"author\" content=\"Luis Peraza\" \/>\n<meta name=\"twitter:card\" content=\"summary_large_image\" \/>\n<meta name=\"twitter:label1\" content=\"Escrito por\" \/>\n\t<meta name=\"twitter:data1\" content=\"Luis Peraza\" \/>\n\t<meta name=\"twitter:label2\" content=\"Tiempo de lectura\" \/>\n\t<meta name=\"twitter:data2\" content=\"1 minuto\" \/>\n<script type=\"application\/ld+json\" class=\"yoast-schema-graph\">{\"@context\":\"https:\/\/schema.org\",\"@graph\":[{\"@type\":\"WebPage\",\"@id\":\"https:\/\/yoamomimazatlan.com\/?p=8064\",\"url\":\"https:\/\/yoamomimazatlan.com\/?p=8064\",\"name\":\"Ilumina a Mazatl\u00e1n la magia de la navidad con el encendido de la Villa navide\u00f1a - Amo mi Mazatl\u00e1n\",\"isPartOf\":{\"@id\":\"https:\/\/yoamomimazatlan.com\/#website\"},\"datePublished\":\"2023-12-18T22:49:20+00:00\",\"dateModified\":\"2023-12-18T22:49:20+00:00\",\"author\":{\"@id\":\"https:\/\/yoamomimazatlan.com\/#\/schema\/person\/5eb4abccc9443dff7750dbdd0a22c79e\"},\"breadcrumb\":{\"@id\":\"https:\/\/yoamomimazatlan.com\/?p=8064#breadcrumb\"},\"inLanguage\":\"es-MX\",\"potentialAction\":[{\"@type\":\"ReadAction\",\"target\":[\"https:\/\/yoamomimazatlan.com\/?p=8064\"]}]},{\"@type\":\"BreadcrumbList\",\"@id\":\"https:\/\/yoamomimazatlan.com\/?p=8064#breadcrumb\",\"itemListElement\":[{\"@type\":\"ListItem\",\"position\":1,\"name\":\"Inicio\",\"item\":\"https:\/\/yoamomimazatlan.com\/\"},{\"@type\":\"ListItem\",\"position\":2,\"name\":\"Ilumina a Mazatl\u00e1n la magia de la navidad con el encendido de la Villa navide\u00f1a\"}]},{\"@type\":\"WebSite\",\"@id\":\"https:\/\/yoamomimazatlan.com\/#website\",\"url\":\"https:\/\/yoamomimazatlan.com\/\",\"name\":\"Amo mi Mazatl\u00e1n\",\"description\":\"Somos Pata Salada\",\"potentialAction\":[{\"@type\":\"SearchAction\",\"target\":{\"@type\":\"EntryPoint\",\"urlTemplate\":\"https:\/\/yoamomimazatlan.com\/?s={search_term_string}\"},\"query-input\":\"required name=search_term_string\"}],\"inLanguage\":\"es-MX\"},{\"@type\":\"Person\",\"@id\":\"https:\/\/yoamomimazatlan.com\/#\/schema\/person\/5eb4abccc9443dff7750dbdd0a22c79e\",\"name\":\"Luis Peraza\",\"image\":{\"@type\":\"ImageObject\",\"inLanguage\":\"es-MX\",\"@id\":\"https:\/\/yoamomimazatlan.com\/#\/schema\/person\/image\/\",\"url\":\"https:\/\/secure.gravatar.com\/avatar\/2829a2db2ad27a37cce4111a17f17d49?s=96&d=mm&r=g\",\"contentUrl\":\"https:\/\/secure.gravatar.com\/avatar\/2829a2db2ad27a37cce4111a17f17d49?s=96&d=mm&r=g\",\"caption\":\"Luis Peraza\"},\"url\":\"https:\/\/yoamomimazatlan.com\/?author=2\"}]}<\/script>\n<!-- \/ Yoast SEO plugin. -->","yoast_head_json":{"title":"Ilumina a Mazatl\u00e1n la magia de la navidad con el encendido de la Villa navide\u00f1a - Amo mi Mazatl\u00e1n","robots":{"index":"index","follow":"follow","max-snippet":"max-snippet:-1","max-image-preview":"max-image-preview:large","max-video-preview":"max-video-preview:-1"},"canonical":"https:\/\/yoamomimazatlan.com\/?p=8064","og_locale":"es_MX","og_type":"article","og_title":"Ilumina a Mazatl\u00e1n la magia de la navidad con el encendido de la Villa navide\u00f1a - Amo mi Mazatl\u00e1n","og_description":"Llega a Mazatl\u00e1n la magia de la navidad con el encendido de la Villa navide\u00f1a. Miles de familias mazatlecas y turistas asistieron al parque central donde disfrutaron de todos los atractivos como las luces que se pudieron apreciar por todo el parque, adem\u00e1s de villancicos, juegos mec\u00e1nicos, y una variedad de antojitos. En la inauguraci\u00f3n [&hellip;]","og_url":"https:\/\/yoamomimazatlan.com\/?p=8064","og_site_name":"Amo mi Mazatl\u00e1n","article_published_time":"2023-12-18T22:49:20+00:00","author":"Luis Peraza","twitter_card":"summary_large_image","twitter_misc":{"Escrito por":"Luis Peraza","Tiempo de lectura":"1 minuto"},"schema":{"@context":"https:\/\/schema.org","@graph":[{"@type":"WebPage","@id":"https:\/\/yoamomimazatlan.com\/?p=8064","url":"https:\/\/yoamomimazatlan.com\/?p=8064","name":"Ilumina a Mazatl\u00e1n la magia de la navidad con el encendido de la Villa navide\u00f1a - Amo mi Mazatl\u00e1n","isPartOf":{"@id":"https:\/\/yoamomimazatlan.com\/#website"},"datePublished":"2023-12-18T22:49:20+00:00","dateModified":"2023-12-18T22:49:20+00:00","author":{"@id":"https:\/\/yoamomimazatlan.com\/#\/schema\/person\/5eb4abccc9443dff7750dbdd0a22c79e"},"breadcrumb":{"@id":"https:\/\/yoamomimazatlan.com\/?p=8064#breadcrumb"},"inLanguage":"es-MX","potentialAction":[{"@type":"ReadAction","target":["https:\/\/yoamomimazatlan.com\/?p=8064"]}]},{"@type":"BreadcrumbList","@id":"https:\/\/yoamomimazatlan.com\/?p=8064#breadcrumb","itemListElement":[{"@type":"ListItem","position":1,"name":"Inicio","item":"https:\/\/yoamomimazatlan.com\/"},{"@type":"ListItem","position":2,"name":"Ilumina a Mazatl\u00e1n la magia de la navidad con el encendido de la Villa navide\u00f1a"}]},{"@type":"WebSite","@id":"https:\/\/yoamomimazatlan.com\/#website","url":"https:\/\/yoamomimazatlan.com\/","name":"Amo mi Mazatl\u00e1n","description":"Somos Pata Salada","potentialAction":[{"@type":"SearchAction","target":{"@type":"EntryPoint","urlTemplate":"https:\/\/yoamomimazatlan.com\/?s={search_term_string}"},"query-input":"required name=search_term_string"}],"inLanguage":"es-MX"},{"@type":"Person","@id":"https:\/\/yoamomimazatlan.com\/#\/schema\/person\/5eb4abccc9443dff7750dbdd0a22c79e","name":"Luis Peraza","image":{"@type":"ImageObject","inLanguage":"es-MX","@id":"https:\/\/yoamomimazatlan.com\/#\/schema\/person\/image\/","url":"https:\/\/secure.gravatar.com\/avatar\/2829a2db2ad27a37cce4111a17f17d49?s=96&d=mm&r=g","contentUrl":"https:\/\/secure.gravatar.com\/avatar\/2829a2db2ad27a37cce4111a17f17d49?s=96&d=mm&r=g","caption":"Luis Peraza"},"url":"https:\/\/yoamomimazatlan.com\/?author=2"}]}},"_links":{"self":[{"href":"https:\/\/yoamomimazatlan.com\/index.php?rest_route=\/wp\/v2\/posts\/8064"}],"collection":[{"href":"https:\/\/yoamomimazatlan.com\/index.php?rest_route=\/wp\/v2\/posts"}],"about":[{"href":"https:\/\/yoamomimazatlan.com\/index.php?rest_route=\/wp\/v2\/types\/post"}],"author":[{"embeddable":true,"href":"https:\/\/yoamomimazatlan.com\/index.php?rest_route=\/wp\/v2\/users\/2"}],"replies":[{"embeddable":true,"href":"https:\/\/yoamomimazatlan.com\/index.php?rest_route=%2Fwp%2Fv2%2Fcomments&post=8064"}],"version-history":[{"count":2,"href":"https:\/\/yoamomimazatlan.com\/index.php?rest_route=\/wp\/v2\/posts\/8064\/revisions"}],"predecessor-version":[{"id":8067,"href":"https:\/\/yoamomimazatlan.com\/index.php?rest_route=\/wp\/v2\/posts\/8064\/revisions\/8067"}],"wp:featuredmedia":[{"embeddable":true,"href":"https:\/\/yoamomimazatlan.com\/index.php?rest_route=\/wp\/v2\/media\/8065"}],"wp:attachment":[{"href":"https:\/\/yoamomimazatlan.com\/index.php?rest_route=%2Fwp%2Fv2%2Fmedia&parent=8064"}],"wp:term":[{"taxonomy":"category","embeddable":true,"href":"https:\/\/yoamomimazatlan.com\/index.php?rest_route=%2Fwp%2Fv2%2Fcategories&post=8064"},{"taxonomy":"post_tag","embeddable":true,"href":"https:\/\/yoamomimazatlan.com\/index.php?rest_route=%2Fwp%2Fv2%2Ftags&post=8064"}],"curies":[{"name":"wp","href":"https:\/\/api.w.org\/{rel}","templated":true}]}}