{"id":8306,"date":"2025-03-25T01:42:59","date_gmt":"2025-03-25T01:42:59","guid":{"rendered":"https:\/\/yoamomimazatlan.com\/?p=8306"},"modified":"2025-03-25T02:07:15","modified_gmt":"2025-03-25T02:07:15","slug":"ninos-y-ninas-exploran-el-arte-del-punto-y-la-linea-en-la-casa-del-marino","status":"publish","type":"post","link":"https:\/\/yoamomimazatlan.com\/?p=8306","title":{"rendered":"Ni\u00f1os y ni\u00f1as exploran el arte del Punto y la L\u00ednea en la Casa del Marino"},"content":{"rendered":"\n<p>La Casa del Marino se convirti\u00f3 en un vibrante espacio para dar rienda suelta a la creatividad, ante la presencia de una decena de ni\u00f1os y ni\u00f1as de entre 6 y 12 a\u00f1os que se sumergieron en el fascinante mundo del arte durante el taller &#8220;El Punto y la L\u00ednea&#8221;, impartido por el talentoso artista David &#8220;Bam Bam&#8221; Pineda. Este evento, parte de la Temporada Primavera 2025, result\u00f3 ser una ma\u00f1ana de aprendizaje y diversi\u00f3n inolvidable.<\/p>\n\n\n\n<p>Durante una hora llena de entusiasmo, los peque\u00f1os artistas exploraron las infinitas posibilidades del punto y la l\u00ednea como elementos fundamentales del dibujo. Bajo la gu\u00eda experta de David Pineda, aprendieron a transformar simples puntos y l\u00edneas en coloridas y originales creaciones, dando rienda suelta a su imaginaci\u00f3n.<\/p>\n\n\n\n<p>Los ni\u00f1os y ni\u00f1as aprendieron a dar rienda suelta a sus ideas y expresarse a trav\u00e9s del dibujo con un lenguaje sencillo y divertido.<\/p>\n\n\n\n<p>El instructor expres\u00f3 su satisfacci\u00f3n al ver el alto nivel de participaci\u00f3n y el entusiasmo de los ni\u00f1os.<\/p>\n\n\n\n<p>&#8220;Estoy contento porque el taller tuvo mucha asistencia, y los ni\u00f1os estuvieron muy participativos, se ve que aprendieron bien las t\u00e9cnicas aplicadas, vi que ellos se fueron contentos y activos. La otra semana habr\u00e1 otro taller, se llama \u201cMi primer retrato\u201d, ser\u00e1 totalmente diferente al de hoy, est\u00e1n todos invitados\u201d, exclam\u00f3 Pineda.<\/p>\n\n\n\n<p>El taller &#8220;El Punto y la L\u00ednea&#8221; no solo ense\u00f1\u00f3 t\u00e9cnicas b\u00e1sicas de dibujo, sino que tambi\u00e9n foment\u00f3 la expresi\u00f3n individual y la confianza en la capacidad creativa de cada ni\u00f1o. Los peque\u00f1os artistas descubrieron c\u00f3mo un simple punto o una l\u00ednea pueden convertirse en el punto de partida para una obra de arte \u00fanica y personal.<\/p>\n\n\n\n<p>El Instituto Municipal de Cultura, Turismo y Arte de Mazatl\u00e1n invita a todos los ni\u00f1os y ni\u00f1as a participar en el pr\u00f3ximo taller &#8220;Mi primer retrato&#8221;, que se realizar\u00e1 el s\u00e1bado 29 de marzo en la Casa del Marino. La entrada es gratuita, pero el cupo es limitado, por lo que se recomienda inscribirse con anticipaci\u00f3n. Para m\u00e1s informaci\u00f3n, pueden acudir directamente a las instalaciones de la Casa del Marino<\/p>\n","protected":false},"excerpt":{"rendered":"<p>La Casa del Marino se convirti\u00f3 en un vibrante espacio para dar rienda suelta a la creatividad, ante la presencia de una decena de ni\u00f1os y ni\u00f1as de entre 6 y 12 a\u00f1os que se sumergieron en el fascinante mundo del arte durante el taller &#8220;El Punto y la L\u00ednea&#8221;, impartido por el talentoso artista [&hellip;]<\/p>\n","protected":false},"author":2,"featured_media":8307,"comment_status":"open","ping_status":"open","sticky":false,"template":"","format":"standard","meta":{"footnotes":""},"categories":[1],"tags":[],"yoast_head":"<!-- This site is optimized with the Yoast SEO plugin v21.7 - https:\/\/yoast.com\/wordpress\/plugins\/seo\/ -->\n<title>Ni\u00f1os y ni\u00f1as exploran el arte del Punto y la L\u00ednea en la Casa del Marino - Amo mi Mazatl\u00e1n<\/title>\n<meta name=\"robots\" content=\"index, follow, max-snippet:-1, max-image-preview:large, max-video-preview:-1\" \/>\n<link rel=\"canonical\" href=\"https:\/\/yoamomimazatlan.com\/?p=8306\" \/>\n<meta property=\"og:locale\" content=\"es_MX\" \/>\n<meta property=\"og:type\" content=\"article\" \/>\n<meta property=\"og:title\" content=\"Ni\u00f1os y ni\u00f1as exploran el arte del Punto y la L\u00ednea en la Casa del Marino - Amo mi Mazatl\u00e1n\" \/>\n<meta property=\"og:description\" content=\"La Casa del Marino se convirti\u00f3 en un vibrante espacio para dar rienda suelta a la creatividad, ante la presencia de una decena de ni\u00f1os y ni\u00f1as de entre 6 y 12 a\u00f1os que se sumergieron en el fascinante mundo del arte durante el taller &#8220;El Punto y la L\u00ednea&#8221;, impartido por el talentoso artista [&hellip;]\" \/>\n<meta property=\"og:url\" content=\"https:\/\/yoamomimazatlan.com\/?p=8306\" \/>\n<meta property=\"og:site_name\" content=\"Amo mi Mazatl\u00e1n\" \/>\n<meta property=\"article:published_time\" content=\"2025-03-25T01:42:59+00:00\" \/>\n<meta property=\"article:modified_time\" content=\"2025-03-25T02:07:15+00:00\" \/>\n<meta property=\"og:image\" content=\"https:\/\/yoamomimazatlan.com\/wp-content\/uploads\/2025\/03\/WhatsApp-Image-2025-03-22-at-6.19.39-PM-1.jpeg\" \/>\n\t<meta property=\"og:image:width\" content=\"1384\" \/>\n\t<meta property=\"og:image:height\" content=\"924\" \/>\n\t<meta property=\"og:image:type\" content=\"image\/jpeg\" \/>\n<meta name=\"author\" content=\"Luis Peraza\" \/>\n<meta name=\"twitter:card\" content=\"summary_large_image\" \/>\n<meta name=\"twitter:label1\" content=\"Escrito por\" \/>\n\t<meta name=\"twitter:data1\" content=\"Luis Peraza\" \/>\n\t<meta name=\"twitter:label2\" content=\"Tiempo de lectura\" \/>\n\t<meta name=\"twitter:data2\" content=\"2 minutos\" \/>\n<script type=\"application\/ld+json\" class=\"yoast-schema-graph\">{\"@context\":\"https:\/\/schema.org\",\"@graph\":[{\"@type\":\"WebPage\",\"@id\":\"https:\/\/yoamomimazatlan.com\/?p=8306\",\"url\":\"https:\/\/yoamomimazatlan.com\/?p=8306\",\"name\":\"Ni\u00f1os y ni\u00f1as exploran el arte del Punto y la L\u00ednea en la Casa del Marino - Amo mi Mazatl\u00e1n\",\"isPartOf\":{\"@id\":\"https:\/\/yoamomimazatlan.com\/#website\"},\"datePublished\":\"2025-03-25T01:42:59+00:00\",\"dateModified\":\"2025-03-25T02:07:15+00:00\",\"author\":{\"@id\":\"https:\/\/yoamomimazatlan.com\/#\/schema\/person\/5eb4abccc9443dff7750dbdd0a22c79e\"},\"breadcrumb\":{\"@id\":\"https:\/\/yoamomimazatlan.com\/?p=8306#breadcrumb\"},\"inLanguage\":\"es-MX\",\"potentialAction\":[{\"@type\":\"ReadAction\",\"target\":[\"https:\/\/yoamomimazatlan.com\/?p=8306\"]}]},{\"@type\":\"BreadcrumbList\",\"@id\":\"https:\/\/yoamomimazatlan.com\/?p=8306#breadcrumb\",\"itemListElement\":[{\"@type\":\"ListItem\",\"position\":1,\"name\":\"Inicio\",\"item\":\"https:\/\/yoamomimazatlan.com\/\"},{\"@type\":\"ListItem\",\"position\":2,\"name\":\"Ni\u00f1os y ni\u00f1as exploran el arte del Punto y la L\u00ednea en la Casa del Marino\"}]},{\"@type\":\"WebSite\",\"@id\":\"https:\/\/yoamomimazatlan.com\/#website\",\"url\":\"https:\/\/yoamomimazatlan.com\/\",\"name\":\"Amo mi Mazatl\u00e1n\",\"description\":\"Somos Pata Salada\",\"potentialAction\":[{\"@type\":\"SearchAction\",\"target\":{\"@type\":\"EntryPoint\",\"urlTemplate\":\"https:\/\/yoamomimazatlan.com\/?s={search_term_string}\"},\"query-input\":\"required name=search_term_string\"}],\"inLanguage\":\"es-MX\"},{\"@type\":\"Person\",\"@id\":\"https:\/\/yoamomimazatlan.com\/#\/schema\/person\/5eb4abccc9443dff7750dbdd0a22c79e\",\"name\":\"Luis Peraza\",\"image\":{\"@type\":\"ImageObject\",\"inLanguage\":\"es-MX\",\"@id\":\"https:\/\/yoamomimazatlan.com\/#\/schema\/person\/image\/\",\"url\":\"https:\/\/secure.gravatar.com\/avatar\/2829a2db2ad27a37cce4111a17f17d49?s=96&d=mm&r=g\",\"contentUrl\":\"https:\/\/secure.gravatar.com\/avatar\/2829a2db2ad27a37cce4111a17f17d49?s=96&d=mm&r=g\",\"caption\":\"Luis Peraza\"},\"url\":\"https:\/\/yoamomimazatlan.com\/?author=2\"}]}<\/script>\n<!-- \/ Yoast SEO plugin. -->","yoast_head_json":{"title":"Ni\u00f1os y ni\u00f1as exploran el arte del Punto y la L\u00ednea en la Casa del Marino - Amo mi Mazatl\u00e1n","robots":{"index":"index","follow":"follow","max-snippet":"max-snippet:-1","max-image-preview":"max-image-preview:large","max-video-preview":"max-video-preview:-1"},"canonical":"https:\/\/yoamomimazatlan.com\/?p=8306","og_locale":"es_MX","og_type":"article","og_title":"Ni\u00f1os y ni\u00f1as exploran el arte del Punto y la L\u00ednea en la Casa del Marino - Amo mi Mazatl\u00e1n","og_description":"La Casa del Marino se convirti\u00f3 en un vibrante espacio para dar rienda suelta a la creatividad, ante la presencia de una decena de ni\u00f1os y ni\u00f1as de entre 6 y 12 a\u00f1os que se sumergieron en el fascinante mundo del arte durante el taller &#8220;El Punto y la L\u00ednea&#8221;, impartido por el talentoso artista [&hellip;]","og_url":"https:\/\/yoamomimazatlan.com\/?p=8306","og_site_name":"Amo mi Mazatl\u00e1n","article_published_time":"2025-03-25T01:42:59+00:00","article_modified_time":"2025-03-25T02:07:15+00:00","og_image":[{"width":1384,"height":924,"url":"https:\/\/yoamomimazatlan.com\/wp-content\/uploads\/2025\/03\/WhatsApp-Image-2025-03-22-at-6.19.39-PM-1.jpeg","type":"image\/jpeg"}],"author":"Luis Peraza","twitter_card":"summary_large_image","twitter_misc":{"Escrito por":"Luis Peraza","Tiempo de lectura":"2 minutos"},"schema":{"@context":"https:\/\/schema.org","@graph":[{"@type":"WebPage","@id":"https:\/\/yoamomimazatlan.com\/?p=8306","url":"https:\/\/yoamomimazatlan.com\/?p=8306","name":"Ni\u00f1os y ni\u00f1as exploran el arte del Punto y la L\u00ednea en la Casa del Marino - Amo mi Mazatl\u00e1n","isPartOf":{"@id":"https:\/\/yoamomimazatlan.com\/#website"},"datePublished":"2025-03-25T01:42:59+00:00","dateModified":"2025-03-25T02:07:15+00:00","author":{"@id":"https:\/\/yoamomimazatlan.com\/#\/schema\/person\/5eb4abccc9443dff7750dbdd0a22c79e"},"breadcrumb":{"@id":"https:\/\/yoamomimazatlan.com\/?p=8306#breadcrumb"},"inLanguage":"es-MX","potentialAction":[{"@type":"ReadAction","target":["https:\/\/yoamomimazatlan.com\/?p=8306"]}]},{"@type":"BreadcrumbList","@id":"https:\/\/yoamomimazatlan.com\/?p=8306#breadcrumb","itemListElement":[{"@type":"ListItem","position":1,"name":"Inicio","item":"https:\/\/yoamomimazatlan.com\/"},{"@type":"ListItem","position":2,"name":"Ni\u00f1os y ni\u00f1as exploran el arte del Punto y la L\u00ednea en la Casa del Marino"}]},{"@type":"WebSite","@id":"https:\/\/yoamomimazatlan.com\/#website","url":"https:\/\/yoamomimazatlan.com\/","name":"Amo mi Mazatl\u00e1n","description":"Somos Pata Salada","potentialAction":[{"@type":"SearchAction","target":{"@type":"EntryPoint","urlTemplate":"https:\/\/yoamomimazatlan.com\/?s={search_term_string}"},"query-input":"required name=search_term_string"}],"inLanguage":"es-MX"},{"@type":"Person","@id":"https:\/\/yoamomimazatlan.com\/#\/schema\/person\/5eb4abccc9443dff7750dbdd0a22c79e","name":"Luis Peraza","image":{"@type":"ImageObject","inLanguage":"es-MX","@id":"https:\/\/yoamomimazatlan.com\/#\/schema\/person\/image\/","url":"https:\/\/secure.gravatar.com\/avatar\/2829a2db2ad27a37cce4111a17f17d49?s=96&d=mm&r=g","contentUrl":"https:\/\/secure.gravatar.com\/avatar\/2829a2db2ad27a37cce4111a17f17d49?s=96&d=mm&r=g","caption":"Luis Peraza"},"url":"https:\/\/yoamomimazatlan.com\/?author=2"}]}},"_links":{"self":[{"href":"https:\/\/yoamomimazatlan.com\/index.php?rest_route=\/wp\/v2\/posts\/8306"}],"collection":[{"href":"https:\/\/yoamomimazatlan.com\/index.php?rest_route=\/wp\/v2\/posts"}],"about":[{"href":"https:\/\/yoamomimazatlan.com\/index.php?rest_route=\/wp\/v2\/types\/post"}],"author":[{"embeddable":true,"href":"https:\/\/yoamomimazatlan.com\/index.php?rest_route=\/wp\/v2\/users\/2"}],"replies":[{"embeddable":true,"href":"https:\/\/yoamomimazatlan.com\/index.php?rest_route=%2Fwp%2Fv2%2Fcomments&post=8306"}],"version-history":[{"count":2,"href":"https:\/\/yoamomimazatlan.com\/index.php?rest_route=\/wp\/v2\/posts\/8306\/revisions"}],"predecessor-version":[{"id":8309,"href":"https:\/\/yoamomimazatlan.com\/index.php?rest_route=\/wp\/v2\/posts\/8306\/revisions\/8309"}],"wp:featuredmedia":[{"embeddable":true,"href":"https:\/\/yoamomimazatlan.com\/index.php?rest_route=\/wp\/v2\/media\/8307"}],"wp:attachment":[{"href":"https:\/\/yoamomimazatlan.com\/index.php?rest_route=%2Fwp%2Fv2%2Fmedia&parent=8306"}],"wp:term":[{"taxonomy":"category","embeddable":true,"href":"https:\/\/yoamomimazatlan.com\/index.php?rest_route=%2Fwp%2Fv2%2Fcategories&post=8306"},{"taxonomy":"post_tag","embeddable":true,"href":"https:\/\/yoamomimazatlan.com\/index.php?rest_route=%2Fwp%2Fv2%2Ftags&post=8306"}],"curies":[{"name":"wp","href":"https:\/\/api.w.org\/{rel}","templated":true}]}}