{"id":8394,"date":"2025-05-15T22:21:21","date_gmt":"2025-05-15T22:21:21","guid":{"rendered":"https:\/\/yoamomimazatlan.com\/?p=8394"},"modified":"2025-05-15T22:21:21","modified_gmt":"2025-05-15T22:21:21","slug":"dialogos-de-nuestra-historia-dice-adios-a-la-temporada-primavera-con-literatura-clasica","status":"publish","type":"post","link":"https:\/\/yoamomimazatlan.com\/?p=8394","title":{"rendered":"Di\u00e1logos de Nuestra Historia dice adi\u00f3s a la Temporada Primavera con literatura cl\u00e1sica"},"content":{"rendered":"\n<p>Luego de tres meses de actividad, Di\u00e1logos de Nuestra Historia concluy\u00f3 su programaci\u00f3n en la Temporada Primavera 2025, con la ponencia \u201cCaracol de las letras: encuentro con los cl\u00e1sicos\u201d, protagonizado por Johana Garc\u00eda, Eduardo V\u00e1zquez y Rodrigo Nev\u00e1rez.<\/p>\n\n\n\n<p>En este encuentro los invitados de honor compartieron su pasi\u00f3n por la literatura cl\u00e1sica, hablaron de la importancia de tener este h\u00e1bito con libros cl\u00e1sicos, y compartieron textos de su libro favorito.<\/p>\n\n\n\n<p>La primera en participar fue Johana Garc\u00eda, quien resalt\u00f3 su gusto por la lectura del libro \u201cCrimen y castigo\u201d, obra del ruso Fi\u00f3dor Dostoyevski, la historia la impact\u00f3 ya que el personaje es una persona inteligente que comete cr\u00edmenes, los cuales lejos de afectar, le provocan emoci\u00f3n, y al recibir el castigo no muestra arrepentimiento.<br>Eduardo V\u00e1zquez comparti\u00f3 su gusto por \u201cLa llamada de Cthulhu\u201d, de Howard Phillips Lovecraft, libro que para \u00e9l es fascinante porque habla sobre el cosmos, los planetas, presenta una literatura fantasiosa y hasta cierto punto acent\u00faa el terror por lo que no es de esta tierra, elementos que lo cautivaron desde siempre.<\/p>\n\n\n\n<p>Rodrigo Nev\u00e1rez, indic\u00f3 que uno de sus libros favoritos es \u201cMadame Bovary\u201d, de Gustave Flaubert, obra que relata las aventuras de una madame, que buscaba el amor al casarse con un m\u00e9dico, tristemente no lo encuentra, pero si una tragedia que se desarrolla a mediados del siglo XIX.<\/p>\n\n\n\n<p>Alonso Guerra, coordinador del evento, agradeci\u00f3 la participaci\u00f3n de los j\u00f3venes lectores, a quienes cuestion\u00f3 el porqu\u00e9 elegir esos autores, nombres que para muchos son desconocidos, pero que son importantes en la literatura universal, los motivos fueron diversos, pero coincidieron en que fueron genios contempor\u00e1neos en su tiempo.<\/p>\n","protected":false},"excerpt":{"rendered":"<p>Luego de tres meses de actividad, Di\u00e1logos de Nuestra Historia concluy\u00f3 su programaci\u00f3n en la Temporada Primavera 2025, con la ponencia \u201cCaracol de las letras: encuentro con los cl\u00e1sicos\u201d, protagonizado por Johana Garc\u00eda, Eduardo V\u00e1zquez y Rodrigo Nev\u00e1rez. En este encuentro los invitados de honor compartieron su pasi\u00f3n por la literatura cl\u00e1sica, hablaron de la [&hellip;]<\/p>\n","protected":false},"author":2,"featured_media":8395,"comment_status":"open","ping_status":"open","sticky":false,"template":"","format":"standard","meta":{"footnotes":""},"categories":[1],"tags":[],"yoast_head":"<!-- This site is optimized with the Yoast SEO plugin v21.7 - https:\/\/yoast.com\/wordpress\/plugins\/seo\/ -->\n<title>Di\u00e1logos de Nuestra Historia dice adi\u00f3s a la Temporada Primavera con literatura cl\u00e1sica - Amo mi Mazatl\u00e1n<\/title>\n<meta name=\"robots\" content=\"index, follow, max-snippet:-1, max-image-preview:large, max-video-preview:-1\" \/>\n<link rel=\"canonical\" href=\"https:\/\/yoamomimazatlan.com\/?p=8394\" \/>\n<meta property=\"og:locale\" content=\"es_MX\" \/>\n<meta property=\"og:type\" content=\"article\" \/>\n<meta property=\"og:title\" content=\"Di\u00e1logos de Nuestra Historia dice adi\u00f3s a la Temporada Primavera con literatura cl\u00e1sica - Amo mi Mazatl\u00e1n\" \/>\n<meta property=\"og:description\" content=\"Luego de tres meses de actividad, Di\u00e1logos de Nuestra Historia concluy\u00f3 su programaci\u00f3n en la Temporada Primavera 2025, con la ponencia \u201cCaracol de las letras: encuentro con los cl\u00e1sicos\u201d, protagonizado por Johana Garc\u00eda, Eduardo V\u00e1zquez y Rodrigo Nev\u00e1rez. En este encuentro los invitados de honor compartieron su pasi\u00f3n por la literatura cl\u00e1sica, hablaron de la [&hellip;]\" \/>\n<meta property=\"og:url\" content=\"https:\/\/yoamomimazatlan.com\/?p=8394\" \/>\n<meta property=\"og:site_name\" content=\"Amo mi Mazatl\u00e1n\" \/>\n<meta property=\"article:published_time\" content=\"2025-05-15T22:21:21+00:00\" \/>\n<meta name=\"author\" content=\"Luis Peraza\" \/>\n<meta name=\"twitter:card\" content=\"summary_large_image\" \/>\n<meta name=\"twitter:label1\" content=\"Escrito por\" \/>\n\t<meta name=\"twitter:data1\" content=\"Luis Peraza\" \/>\n\t<meta name=\"twitter:label2\" content=\"Tiempo de lectura\" \/>\n\t<meta name=\"twitter:data2\" content=\"1 minuto\" \/>\n<script type=\"application\/ld+json\" class=\"yoast-schema-graph\">{\"@context\":\"https:\/\/schema.org\",\"@graph\":[{\"@type\":\"WebPage\",\"@id\":\"https:\/\/yoamomimazatlan.com\/?p=8394\",\"url\":\"https:\/\/yoamomimazatlan.com\/?p=8394\",\"name\":\"Di\u00e1logos de Nuestra Historia dice adi\u00f3s a la Temporada Primavera con literatura cl\u00e1sica - Amo mi Mazatl\u00e1n\",\"isPartOf\":{\"@id\":\"https:\/\/yoamomimazatlan.com\/#website\"},\"datePublished\":\"2025-05-15T22:21:21+00:00\",\"dateModified\":\"2025-05-15T22:21:21+00:00\",\"author\":{\"@id\":\"https:\/\/yoamomimazatlan.com\/#\/schema\/person\/5eb4abccc9443dff7750dbdd0a22c79e\"},\"breadcrumb\":{\"@id\":\"https:\/\/yoamomimazatlan.com\/?p=8394#breadcrumb\"},\"inLanguage\":\"es-MX\",\"potentialAction\":[{\"@type\":\"ReadAction\",\"target\":[\"https:\/\/yoamomimazatlan.com\/?p=8394\"]}]},{\"@type\":\"BreadcrumbList\",\"@id\":\"https:\/\/yoamomimazatlan.com\/?p=8394#breadcrumb\",\"itemListElement\":[{\"@type\":\"ListItem\",\"position\":1,\"name\":\"Inicio\",\"item\":\"https:\/\/yoamomimazatlan.com\/\"},{\"@type\":\"ListItem\",\"position\":2,\"name\":\"Di\u00e1logos de Nuestra Historia dice adi\u00f3s a la Temporada Primavera con literatura cl\u00e1sica\"}]},{\"@type\":\"WebSite\",\"@id\":\"https:\/\/yoamomimazatlan.com\/#website\",\"url\":\"https:\/\/yoamomimazatlan.com\/\",\"name\":\"Amo mi Mazatl\u00e1n\",\"description\":\"Somos Pata Salada\",\"potentialAction\":[{\"@type\":\"SearchAction\",\"target\":{\"@type\":\"EntryPoint\",\"urlTemplate\":\"https:\/\/yoamomimazatlan.com\/?s={search_term_string}\"},\"query-input\":\"required name=search_term_string\"}],\"inLanguage\":\"es-MX\"},{\"@type\":\"Person\",\"@id\":\"https:\/\/yoamomimazatlan.com\/#\/schema\/person\/5eb4abccc9443dff7750dbdd0a22c79e\",\"name\":\"Luis Peraza\",\"image\":{\"@type\":\"ImageObject\",\"inLanguage\":\"es-MX\",\"@id\":\"https:\/\/yoamomimazatlan.com\/#\/schema\/person\/image\/\",\"url\":\"https:\/\/secure.gravatar.com\/avatar\/2829a2db2ad27a37cce4111a17f17d49?s=96&d=mm&r=g\",\"contentUrl\":\"https:\/\/secure.gravatar.com\/avatar\/2829a2db2ad27a37cce4111a17f17d49?s=96&d=mm&r=g\",\"caption\":\"Luis Peraza\"},\"url\":\"https:\/\/yoamomimazatlan.com\/?author=2\"}]}<\/script>\n<!-- \/ Yoast SEO plugin. -->","yoast_head_json":{"title":"Di\u00e1logos de Nuestra Historia dice adi\u00f3s a la Temporada Primavera con literatura cl\u00e1sica - Amo mi Mazatl\u00e1n","robots":{"index":"index","follow":"follow","max-snippet":"max-snippet:-1","max-image-preview":"max-image-preview:large","max-video-preview":"max-video-preview:-1"},"canonical":"https:\/\/yoamomimazatlan.com\/?p=8394","og_locale":"es_MX","og_type":"article","og_title":"Di\u00e1logos de Nuestra Historia dice adi\u00f3s a la Temporada Primavera con literatura cl\u00e1sica - Amo mi Mazatl\u00e1n","og_description":"Luego de tres meses de actividad, Di\u00e1logos de Nuestra Historia concluy\u00f3 su programaci\u00f3n en la Temporada Primavera 2025, con la ponencia \u201cCaracol de las letras: encuentro con los cl\u00e1sicos\u201d, protagonizado por Johana Garc\u00eda, Eduardo V\u00e1zquez y Rodrigo Nev\u00e1rez. En este encuentro los invitados de honor compartieron su pasi\u00f3n por la literatura cl\u00e1sica, hablaron de la [&hellip;]","og_url":"https:\/\/yoamomimazatlan.com\/?p=8394","og_site_name":"Amo mi Mazatl\u00e1n","article_published_time":"2025-05-15T22:21:21+00:00","author":"Luis Peraza","twitter_card":"summary_large_image","twitter_misc":{"Escrito por":"Luis Peraza","Tiempo de lectura":"1 minuto"},"schema":{"@context":"https:\/\/schema.org","@graph":[{"@type":"WebPage","@id":"https:\/\/yoamomimazatlan.com\/?p=8394","url":"https:\/\/yoamomimazatlan.com\/?p=8394","name":"Di\u00e1logos de Nuestra Historia dice adi\u00f3s a la Temporada Primavera con literatura cl\u00e1sica - Amo mi Mazatl\u00e1n","isPartOf":{"@id":"https:\/\/yoamomimazatlan.com\/#website"},"datePublished":"2025-05-15T22:21:21+00:00","dateModified":"2025-05-15T22:21:21+00:00","author":{"@id":"https:\/\/yoamomimazatlan.com\/#\/schema\/person\/5eb4abccc9443dff7750dbdd0a22c79e"},"breadcrumb":{"@id":"https:\/\/yoamomimazatlan.com\/?p=8394#breadcrumb"},"inLanguage":"es-MX","potentialAction":[{"@type":"ReadAction","target":["https:\/\/yoamomimazatlan.com\/?p=8394"]}]},{"@type":"BreadcrumbList","@id":"https:\/\/yoamomimazatlan.com\/?p=8394#breadcrumb","itemListElement":[{"@type":"ListItem","position":1,"name":"Inicio","item":"https:\/\/yoamomimazatlan.com\/"},{"@type":"ListItem","position":2,"name":"Di\u00e1logos de Nuestra Historia dice adi\u00f3s a la Temporada Primavera con literatura cl\u00e1sica"}]},{"@type":"WebSite","@id":"https:\/\/yoamomimazatlan.com\/#website","url":"https:\/\/yoamomimazatlan.com\/","name":"Amo mi Mazatl\u00e1n","description":"Somos Pata Salada","potentialAction":[{"@type":"SearchAction","target":{"@type":"EntryPoint","urlTemplate":"https:\/\/yoamomimazatlan.com\/?s={search_term_string}"},"query-input":"required name=search_term_string"}],"inLanguage":"es-MX"},{"@type":"Person","@id":"https:\/\/yoamomimazatlan.com\/#\/schema\/person\/5eb4abccc9443dff7750dbdd0a22c79e","name":"Luis Peraza","image":{"@type":"ImageObject","inLanguage":"es-MX","@id":"https:\/\/yoamomimazatlan.com\/#\/schema\/person\/image\/","url":"https:\/\/secure.gravatar.com\/avatar\/2829a2db2ad27a37cce4111a17f17d49?s=96&d=mm&r=g","contentUrl":"https:\/\/secure.gravatar.com\/avatar\/2829a2db2ad27a37cce4111a17f17d49?s=96&d=mm&r=g","caption":"Luis Peraza"},"url":"https:\/\/yoamomimazatlan.com\/?author=2"}]}},"_links":{"self":[{"href":"https:\/\/yoamomimazatlan.com\/index.php?rest_route=\/wp\/v2\/posts\/8394"}],"collection":[{"href":"https:\/\/yoamomimazatlan.com\/index.php?rest_route=\/wp\/v2\/posts"}],"about":[{"href":"https:\/\/yoamomimazatlan.com\/index.php?rest_route=\/wp\/v2\/types\/post"}],"author":[{"embeddable":true,"href":"https:\/\/yoamomimazatlan.com\/index.php?rest_route=\/wp\/v2\/users\/2"}],"replies":[{"embeddable":true,"href":"https:\/\/yoamomimazatlan.com\/index.php?rest_route=%2Fwp%2Fv2%2Fcomments&post=8394"}],"version-history":[{"count":1,"href":"https:\/\/yoamomimazatlan.com\/index.php?rest_route=\/wp\/v2\/posts\/8394\/revisions"}],"predecessor-version":[{"id":8396,"href":"https:\/\/yoamomimazatlan.com\/index.php?rest_route=\/wp\/v2\/posts\/8394\/revisions\/8396"}],"wp:featuredmedia":[{"embeddable":true,"href":"https:\/\/yoamomimazatlan.com\/index.php?rest_route=\/wp\/v2\/media\/8395"}],"wp:attachment":[{"href":"https:\/\/yoamomimazatlan.com\/index.php?rest_route=%2Fwp%2Fv2%2Fmedia&parent=8394"}],"wp:term":[{"taxonomy":"category","embeddable":true,"href":"https:\/\/yoamomimazatlan.com\/index.php?rest_route=%2Fwp%2Fv2%2Fcategories&post=8394"},{"taxonomy":"post_tag","embeddable":true,"href":"https:\/\/yoamomimazatlan.com\/index.php?rest_route=%2Fwp%2Fv2%2Ftags&post=8394"}],"curies":[{"name":"wp","href":"https:\/\/api.w.org\/{rel}","templated":true}]}}