{"id":8814,"date":"2025-06-10T00:12:32","date_gmt":"2025-06-10T00:12:32","guid":{"rendered":"https:\/\/yoamomimazatlan.com\/?p=8814"},"modified":"2025-06-11T00:13:29","modified_gmt":"2025-06-11T00:13:29","slug":"presentacion-del-libro-mitos-clasicos-y-suenos-publicos-en-casa-haas-un-dialogo-entre-el-ayer-mitico-y-el-presente-social","status":"publish","type":"post","link":"https:\/\/yoamomimazatlan.com\/?p=8814","title":{"rendered":"Presentaci\u00f3n del libro Mitos Cl\u00e1sicos y Sue\u00f1os P\u00fablicos en Casa Haas, un di\u00e1logo entre el ayer m\u00edtico y el presente social"},"content":{"rendered":"\n<p>En una tarde cargada de simbolismo, reflexi\u00f3n y pasi\u00f3n por las letras, el autor Juan Eduardo Mart\u00ednez Leyva present\u00f3 su m\u00e1s reciente obra \u201cMitos cl\u00e1sicos y sue\u00f1os p\u00fablicos\u201d en Casa Haas.<\/p>\n\n\n\n<p>Acompa\u00f1ado por el reconocido escritor Rafael P\u00e9rez Gay -Premio Mazatl\u00e1n de Literatura 2014- y el intelectual Ernesto Hern\u00e1ndez Norzagaray, el economista y ensayista sinaloense ofreci\u00f3 al p\u00fablico una puerta de entrada al mundo de la mitolog\u00eda griega desde una lectura contempor\u00e1nea y ciudadana.<\/p>\n\n\n\n<p>El evento congreg\u00f3 a lectores, acad\u00e9micos, estudiantes y amantes de los relatos antiguos, quienes encontraron en este libro una manera reveladora de ver el presente a trav\u00e9s del espejo de los mitos.<\/p>\n\n\n\n<p>Con una prosa clara, ensay\u00edstica y profundamente humana, Mart\u00ednez Leyva propone una lectura donde personajes como Aquiles, Heracles, Belerofonte, Jas\u00f3n y el rey Minos no habitan \u00fanicamente el pasado, sino que proyectan sus sombras en figuras y discursos de la vida p\u00fablica actual.<\/p>\n\n\n\n<p>\u201c\u00bfQui\u00e9n no ha visto la soberbia de Belerofonte o la codicia de Minos en alg\u00fan liderazgo pol\u00edtico contempor\u00e1neo?\u201d, se pregunt\u00f3 el autor, con un tono que invit\u00f3 a la reflexi\u00f3n cr\u00edtica.<\/p>\n\n\n\n<p>El evento destac\u00f3 tambi\u00e9n por su ambiente \u00edntimo, en el que los presentadores dialogaron con el autor sobre la vigencia de los mitos en la sociedad moderna.<\/p>\n\n\n\n<p>Rafael P\u00e9rez Gay subray\u00f3 que \u201clos mitos no solo sobreviven en los libros, sino en las decisiones que tomamos como colectividad\u201d, mientras que Hern\u00e1ndez Norzagaray resalt\u00f3 la importancia de obras como esta para fomentar una ciudadan\u00eda m\u00e1s consciente de su imaginario cultural.<\/p>\n\n\n\n<p>El autor, economista de formaci\u00f3n con una larga trayectoria en el an\u00e1lisis pol\u00edtico y financiero, ha encontrado en la mitolog\u00eda una nueva pasi\u00f3n. Desde 2021 colabora con La Cr\u00f3nica de Hoy, y gran parte de los textos reunidos en este libro surgieron como columnas publicadas en dicho medio.<\/p>\n\n\n\n<p>En su pr\u00f3logo, narra c\u00f3mo su fascinaci\u00f3n por la mitolog\u00eda griega naci\u00f3 desde el bachillerato y fue cultiv\u00e1ndose con lecturas de autores como Graves, Garibay, Hamilton y Garc\u00eda Gual, entre otros.<\/p>\n\n\n\n<p>Una invitaci\u00f3n a la lectura<\/p>\n\n\n\n<p>Este libro editado por Cal y Arena es m\u00e1s que una recopilaci\u00f3n de relatos m\u00edticos: es una invitaci\u00f3n a pensar, a comparar, a encontrar en los h\u00e9roes ca\u00eddos y en los dioses caprichosos, una explicaci\u00f3n simb\u00f3lica de nuestras propias crisis, virtudes y contradicciones.<\/p>\n\n\n\n<p>Leer Mitos cl\u00e1sicos y sue\u00f1os p\u00fablicos es emprender un viaje al pasado con los ojos del presente, y quiz\u00e1 descubrir que los sue\u00f1os p\u00fablicos tambi\u00e9n est\u00e1n hechos de historias que nunca mueren.<\/p>\n\n\n\n<p>El libro ya est\u00e1 disponible y promete ser una herramienta de reflexi\u00f3n y gozo para quien desee encontrarse con la sabidur\u00eda escondida entre mitos milenarios y realidades contempor\u00e1neas.<\/p>\n","protected":false},"excerpt":{"rendered":"<p>En una tarde cargada de simbolismo, reflexi\u00f3n y pasi\u00f3n por las letras, el autor Juan Eduardo Mart\u00ednez Leyva present\u00f3 su m\u00e1s reciente obra \u201cMitos cl\u00e1sicos y sue\u00f1os p\u00fablicos\u201d en Casa Haas. Acompa\u00f1ado por el reconocido escritor Rafael P\u00e9rez Gay -Premio Mazatl\u00e1n de Literatura 2014- y el intelectual Ernesto Hern\u00e1ndez Norzagaray, el economista y ensayista sinaloense [&hellip;]<\/p>\n","protected":false},"author":2,"featured_media":8815,"comment_status":"open","ping_status":"open","sticky":false,"template":"","format":"standard","meta":{"footnotes":""},"categories":[1],"tags":[],"yoast_head":"<!-- This site is optimized with the Yoast SEO plugin v21.7 - https:\/\/yoast.com\/wordpress\/plugins\/seo\/ -->\n<title>Presentaci\u00f3n del libro Mitos Cl\u00e1sicos y Sue\u00f1os P\u00fablicos en Casa Haas, un di\u00e1logo entre el ayer m\u00edtico y el presente social - Amo mi Mazatl\u00e1n<\/title>\n<meta name=\"robots\" content=\"index, follow, max-snippet:-1, max-image-preview:large, max-video-preview:-1\" \/>\n<link rel=\"canonical\" href=\"https:\/\/yoamomimazatlan.com\/?p=8814\" \/>\n<meta property=\"og:locale\" content=\"es_MX\" \/>\n<meta property=\"og:type\" content=\"article\" \/>\n<meta property=\"og:title\" content=\"Presentaci\u00f3n del libro Mitos Cl\u00e1sicos y Sue\u00f1os P\u00fablicos en Casa Haas, un di\u00e1logo entre el ayer m\u00edtico y el presente social - Amo mi Mazatl\u00e1n\" \/>\n<meta property=\"og:description\" content=\"En una tarde cargada de simbolismo, reflexi\u00f3n y pasi\u00f3n por las letras, el autor Juan Eduardo Mart\u00ednez Leyva present\u00f3 su m\u00e1s reciente obra \u201cMitos cl\u00e1sicos y sue\u00f1os p\u00fablicos\u201d en Casa Haas. Acompa\u00f1ado por el reconocido escritor Rafael P\u00e9rez Gay -Premio Mazatl\u00e1n de Literatura 2014- y el intelectual Ernesto Hern\u00e1ndez Norzagaray, el economista y ensayista sinaloense [&hellip;]\" \/>\n<meta property=\"og:url\" content=\"https:\/\/yoamomimazatlan.com\/?p=8814\" \/>\n<meta property=\"og:site_name\" content=\"Amo mi Mazatl\u00e1n\" \/>\n<meta property=\"article:published_time\" content=\"2025-06-10T00:12:32+00:00\" \/>\n<meta property=\"article:modified_time\" content=\"2025-06-11T00:13:29+00:00\" \/>\n<meta property=\"og:image\" content=\"https:\/\/yoamomimazatlan.com\/wp-content\/uploads\/2025\/06\/WhatsApp-Image-2025-06-09-at-1.13.04-PM.jpeg\" \/>\n\t<meta property=\"og:image:width\" content=\"1600\" \/>\n\t<meta property=\"og:image:height\" content=\"1200\" \/>\n\t<meta property=\"og:image:type\" content=\"image\/jpeg\" \/>\n<meta name=\"author\" content=\"Luis Peraza\" \/>\n<meta name=\"twitter:card\" content=\"summary_large_image\" \/>\n<meta name=\"twitter:label1\" content=\"Escrito por\" \/>\n\t<meta name=\"twitter:data1\" content=\"Luis Peraza\" \/>\n\t<meta name=\"twitter:label2\" content=\"Tiempo de lectura\" \/>\n\t<meta name=\"twitter:data2\" content=\"2 minutos\" \/>\n<script type=\"application\/ld+json\" class=\"yoast-schema-graph\">{\"@context\":\"https:\/\/schema.org\",\"@graph\":[{\"@type\":\"WebPage\",\"@id\":\"https:\/\/yoamomimazatlan.com\/?p=8814\",\"url\":\"https:\/\/yoamomimazatlan.com\/?p=8814\",\"name\":\"Presentaci\u00f3n del libro Mitos Cl\u00e1sicos y Sue\u00f1os P\u00fablicos en Casa Haas, un di\u00e1logo entre el ayer m\u00edtico y el presente social - Amo mi Mazatl\u00e1n\",\"isPartOf\":{\"@id\":\"https:\/\/yoamomimazatlan.com\/#website\"},\"datePublished\":\"2025-06-10T00:12:32+00:00\",\"dateModified\":\"2025-06-11T00:13:29+00:00\",\"author\":{\"@id\":\"https:\/\/yoamomimazatlan.com\/#\/schema\/person\/5eb4abccc9443dff7750dbdd0a22c79e\"},\"breadcrumb\":{\"@id\":\"https:\/\/yoamomimazatlan.com\/?p=8814#breadcrumb\"},\"inLanguage\":\"es-MX\",\"potentialAction\":[{\"@type\":\"ReadAction\",\"target\":[\"https:\/\/yoamomimazatlan.com\/?p=8814\"]}]},{\"@type\":\"BreadcrumbList\",\"@id\":\"https:\/\/yoamomimazatlan.com\/?p=8814#breadcrumb\",\"itemListElement\":[{\"@type\":\"ListItem\",\"position\":1,\"name\":\"Inicio\",\"item\":\"https:\/\/yoamomimazatlan.com\/\"},{\"@type\":\"ListItem\",\"position\":2,\"name\":\"Presentaci\u00f3n del libro Mitos Cl\u00e1sicos y Sue\u00f1os P\u00fablicos en Casa Haas, un di\u00e1logo entre el ayer m\u00edtico y el presente social\"}]},{\"@type\":\"WebSite\",\"@id\":\"https:\/\/yoamomimazatlan.com\/#website\",\"url\":\"https:\/\/yoamomimazatlan.com\/\",\"name\":\"Amo mi Mazatl\u00e1n\",\"description\":\"Somos Pata Salada\",\"potentialAction\":[{\"@type\":\"SearchAction\",\"target\":{\"@type\":\"EntryPoint\",\"urlTemplate\":\"https:\/\/yoamomimazatlan.com\/?s={search_term_string}\"},\"query-input\":\"required name=search_term_string\"}],\"inLanguage\":\"es-MX\"},{\"@type\":\"Person\",\"@id\":\"https:\/\/yoamomimazatlan.com\/#\/schema\/person\/5eb4abccc9443dff7750dbdd0a22c79e\",\"name\":\"Luis Peraza\",\"image\":{\"@type\":\"ImageObject\",\"inLanguage\":\"es-MX\",\"@id\":\"https:\/\/yoamomimazatlan.com\/#\/schema\/person\/image\/\",\"url\":\"https:\/\/secure.gravatar.com\/avatar\/2829a2db2ad27a37cce4111a17f17d49?s=96&d=mm&r=g\",\"contentUrl\":\"https:\/\/secure.gravatar.com\/avatar\/2829a2db2ad27a37cce4111a17f17d49?s=96&d=mm&r=g\",\"caption\":\"Luis Peraza\"},\"url\":\"https:\/\/yoamomimazatlan.com\/?author=2\"}]}<\/script>\n<!-- \/ Yoast SEO plugin. -->","yoast_head_json":{"title":"Presentaci\u00f3n del libro Mitos Cl\u00e1sicos y Sue\u00f1os P\u00fablicos en Casa Haas, un di\u00e1logo entre el ayer m\u00edtico y el presente social - Amo mi Mazatl\u00e1n","robots":{"index":"index","follow":"follow","max-snippet":"max-snippet:-1","max-image-preview":"max-image-preview:large","max-video-preview":"max-video-preview:-1"},"canonical":"https:\/\/yoamomimazatlan.com\/?p=8814","og_locale":"es_MX","og_type":"article","og_title":"Presentaci\u00f3n del libro Mitos Cl\u00e1sicos y Sue\u00f1os P\u00fablicos en Casa Haas, un di\u00e1logo entre el ayer m\u00edtico y el presente social - Amo mi Mazatl\u00e1n","og_description":"En una tarde cargada de simbolismo, reflexi\u00f3n y pasi\u00f3n por las letras, el autor Juan Eduardo Mart\u00ednez Leyva present\u00f3 su m\u00e1s reciente obra \u201cMitos cl\u00e1sicos y sue\u00f1os p\u00fablicos\u201d en Casa Haas. Acompa\u00f1ado por el reconocido escritor Rafael P\u00e9rez Gay -Premio Mazatl\u00e1n de Literatura 2014- y el intelectual Ernesto Hern\u00e1ndez Norzagaray, el economista y ensayista sinaloense [&hellip;]","og_url":"https:\/\/yoamomimazatlan.com\/?p=8814","og_site_name":"Amo mi Mazatl\u00e1n","article_published_time":"2025-06-10T00:12:32+00:00","article_modified_time":"2025-06-11T00:13:29+00:00","og_image":[{"width":1600,"height":1200,"url":"https:\/\/yoamomimazatlan.com\/wp-content\/uploads\/2025\/06\/WhatsApp-Image-2025-06-09-at-1.13.04-PM.jpeg","type":"image\/jpeg"}],"author":"Luis Peraza","twitter_card":"summary_large_image","twitter_misc":{"Escrito por":"Luis Peraza","Tiempo de lectura":"2 minutos"},"schema":{"@context":"https:\/\/schema.org","@graph":[{"@type":"WebPage","@id":"https:\/\/yoamomimazatlan.com\/?p=8814","url":"https:\/\/yoamomimazatlan.com\/?p=8814","name":"Presentaci\u00f3n del libro Mitos Cl\u00e1sicos y Sue\u00f1os P\u00fablicos en Casa Haas, un di\u00e1logo entre el ayer m\u00edtico y el presente social - Amo mi Mazatl\u00e1n","isPartOf":{"@id":"https:\/\/yoamomimazatlan.com\/#website"},"datePublished":"2025-06-10T00:12:32+00:00","dateModified":"2025-06-11T00:13:29+00:00","author":{"@id":"https:\/\/yoamomimazatlan.com\/#\/schema\/person\/5eb4abccc9443dff7750dbdd0a22c79e"},"breadcrumb":{"@id":"https:\/\/yoamomimazatlan.com\/?p=8814#breadcrumb"},"inLanguage":"es-MX","potentialAction":[{"@type":"ReadAction","target":["https:\/\/yoamomimazatlan.com\/?p=8814"]}]},{"@type":"BreadcrumbList","@id":"https:\/\/yoamomimazatlan.com\/?p=8814#breadcrumb","itemListElement":[{"@type":"ListItem","position":1,"name":"Inicio","item":"https:\/\/yoamomimazatlan.com\/"},{"@type":"ListItem","position":2,"name":"Presentaci\u00f3n del libro Mitos Cl\u00e1sicos y Sue\u00f1os P\u00fablicos en Casa Haas, un di\u00e1logo entre el ayer m\u00edtico y el presente social"}]},{"@type":"WebSite","@id":"https:\/\/yoamomimazatlan.com\/#website","url":"https:\/\/yoamomimazatlan.com\/","name":"Amo mi Mazatl\u00e1n","description":"Somos Pata Salada","potentialAction":[{"@type":"SearchAction","target":{"@type":"EntryPoint","urlTemplate":"https:\/\/yoamomimazatlan.com\/?s={search_term_string}"},"query-input":"required name=search_term_string"}],"inLanguage":"es-MX"},{"@type":"Person","@id":"https:\/\/yoamomimazatlan.com\/#\/schema\/person\/5eb4abccc9443dff7750dbdd0a22c79e","name":"Luis Peraza","image":{"@type":"ImageObject","inLanguage":"es-MX","@id":"https:\/\/yoamomimazatlan.com\/#\/schema\/person\/image\/","url":"https:\/\/secure.gravatar.com\/avatar\/2829a2db2ad27a37cce4111a17f17d49?s=96&d=mm&r=g","contentUrl":"https:\/\/secure.gravatar.com\/avatar\/2829a2db2ad27a37cce4111a17f17d49?s=96&d=mm&r=g","caption":"Luis Peraza"},"url":"https:\/\/yoamomimazatlan.com\/?author=2"}]}},"_links":{"self":[{"href":"https:\/\/yoamomimazatlan.com\/index.php?rest_route=\/wp\/v2\/posts\/8814"}],"collection":[{"href":"https:\/\/yoamomimazatlan.com\/index.php?rest_route=\/wp\/v2\/posts"}],"about":[{"href":"https:\/\/yoamomimazatlan.com\/index.php?rest_route=\/wp\/v2\/types\/post"}],"author":[{"embeddable":true,"href":"https:\/\/yoamomimazatlan.com\/index.php?rest_route=\/wp\/v2\/users\/2"}],"replies":[{"embeddable":true,"href":"https:\/\/yoamomimazatlan.com\/index.php?rest_route=%2Fwp%2Fv2%2Fcomments&post=8814"}],"version-history":[{"count":1,"href":"https:\/\/yoamomimazatlan.com\/index.php?rest_route=\/wp\/v2\/posts\/8814\/revisions"}],"predecessor-version":[{"id":8816,"href":"https:\/\/yoamomimazatlan.com\/index.php?rest_route=\/wp\/v2\/posts\/8814\/revisions\/8816"}],"wp:featuredmedia":[{"embeddable":true,"href":"https:\/\/yoamomimazatlan.com\/index.php?rest_route=\/wp\/v2\/media\/8815"}],"wp:attachment":[{"href":"https:\/\/yoamomimazatlan.com\/index.php?rest_route=%2Fwp%2Fv2%2Fmedia&parent=8814"}],"wp:term":[{"taxonomy":"category","embeddable":true,"href":"https:\/\/yoamomimazatlan.com\/index.php?rest_route=%2Fwp%2Fv2%2Fcategories&post=8814"},{"taxonomy":"post_tag","embeddable":true,"href":"https:\/\/yoamomimazatlan.com\/index.php?rest_route=%2Fwp%2Fv2%2Ftags&post=8814"}],"curies":[{"name":"wp","href":"https:\/\/api.w.org\/{rel}","templated":true}]}}