{"id":8825,"date":"2025-06-08T00:23:11","date_gmt":"2025-06-08T00:23:11","guid":{"rendered":"https:\/\/yoamomimazatlan.com\/?p=8825"},"modified":"2025-06-11T00:24:13","modified_gmt":"2025-06-11T00:24:13","slug":"un-escenario-para-el-recuerdo-en-el-dia-de-la-musica-2025","status":"publish","type":"post","link":"https:\/\/yoamomimazatlan.com\/?p=8825","title":{"rendered":"\u00a1Un Escenario para el Recuerdo en el D\u00eda de la M\u00fasica 2025!"},"content":{"rendered":"\n<p>El Instituto Municipal de Cultura, Turismo y Arte de Mazatl\u00e1n, en colaboraci\u00f3n con el Gobierno de Mazatl\u00e1n, revivi\u00f3 un espacio lleno de romance y bohemia en el Escenario del Recuerdo como parte del gran festival del &#8220;D\u00eda de la M\u00fasica 2025&#8221;.<\/p>\n\n\n\n<p>El memorable encuentro musical celebrado este s\u00e1bado 07 de Junio a partir de las 19:30 horas en Venustiano Carranza, frente al Museo de Arte se convirti\u00f3 en una verdadera celebraci\u00f3n sin fronteras. Turistas nacionales y extranjeros, junto a los habitantes de Mazatl\u00e1n, se unieron en un coro apasionado, grabaron, bailaron, aplaudieron al disfrutar de un repertorio musical diverso que abarc\u00f3 desde lo cl\u00e1sico hasta el rock, jazz, pop y baladas rom\u00e1nticas, interpretadas tanto en espa\u00f1ol como en ingl\u00e9s.<\/p>\n\n\n\n<p>Cuatro agrupaciones musicales dieron vida a la noche, conmoviendo al p\u00fablico y transport\u00e1ndolos a momentos sentimentales y rom\u00e1nticos.<\/p>\n\n\n\n<p>Los Cryps: Un Viaje al Coraz\u00f3n del Rock and Roll.-La banda Los Cryps inaugur\u00f3 el escenario con su espectacular m\u00fasica de los a\u00f1os 50 y 60, deleitando al p\u00fablico con su rock and roll en espa\u00f1ol e ingl\u00e9s. Temas como &#8220;Crazy Little Thing Called Love&#8221;, &#8220;Get Back&#8221;, &#8220;Suspicious Minds&#8221;, &#8220;Triste Luna&#8221; y &#8220;Fue en un Caf\u00e9&#8221; hicieron vibrar a los presentes, creando una conexi\u00f3n instant\u00e1nea. Los m\u00fasicos Carlos V\u00e1zquez, Iv\u00e1n V\u00e1zquez, Pablo Becerra y Jorge Gonz\u00e1lez, con reconocida trayectoria, demostraron una vez m\u00e1s por qu\u00e9 son un referente en la escena musical de Mazatl\u00e1n, logrando que cada concierto sea \u00fanico y especial.<\/p>\n\n\n\n<p>Su energ\u00eda contagi\u00f3 a la multitud, haci\u00e9ndolos bailar y encender la noche.<\/p>\n\n\n\n<p>La Banda de Jazz del Instituto de Cultura: Talento Emergente.- La noche continu\u00f3 con el ritmo envolvente de la Banda de Jazz del Instituto de Cultura de Mazatl\u00e1n que mostr\u00f3 el gran talento del Centro Municipal de las Artes.<\/p>\n\n\n\n<p>Interpretaron melod\u00edas como &#8220;All Blues&#8221;, &#8220;Softly as in a Morning Sunrise&#8221;, &#8220;Bad Bitch&#8221;, &#8220;Synth&#8221;, &#8220;Spain&#8221; y &#8220;Caravan&#8221;. Estas piezas fueron ejecutadas con instrumentos de viento, madera, metal, percusiones, teclados y cuerdas a cargo de: Viento madera: David Alberto Aguilar Vel\u00e1zquez; Metal: Aland Emmanuel (Trompeta), Percusi\u00f3n: Francisco Alonso L\u00f3pez Trujillo (Bater\u00eda), Javier Brito Arce (Vibr\u00e1fono), Teclados: Cristian Yazid S\u00e1nchez Jasso (Piano), Mathew Alexander Mart\u00ednez M\u00e9ndez (Piano), Cuerdas: Jos\u00e9 Luis (Bajo y Viol\u00edn), David Eduardo Cuadras Marcial (Viol\u00edn y Guitarra), Antonio Liz\u00e1rraga Liz\u00e1rraga (Guitarra) , Guitarra y Arreglista: Gerardo Castro S\u00e1nchez.<\/p>\n\n\n\n<p>El docente Omar R\u00edos, encargado de la banda, aprovech\u00f3 la oportunidad para invitar a los j\u00f3venes a unirse al CMA y formar parte del emocionante mundo del jazz.<\/p>\n\n\n\n<p>Jorge Echeagaray y PiaNorte\u00f1o.- La noche se ilumin\u00f3 a\u00fan m\u00e1s con la participaci\u00f3n del tenor Jorge Echeagaray y su Banda PiaNorte\u00f1o, quienes encendieron los corazones del p\u00fablico con una majestuosa mezcla de g\u00e9neros.<\/p>\n\n\n\n<p>Abrieron el concierto con el \u00e9xito &#8220;Ramito de Violetas&#8221;. La multitud se entreg\u00f3, compartiendo historias en redes sociales e iluminando el escenario con sus celulares al ritmo de la m\u00fasica.<\/p>\n\n\n\n<p>Jorge Echeagaray y PiaNorte\u00f1o continuaron con entra\u00f1ables piezas como: &#8220;Piel Canela&#8221;, &#8220;Perfume de Gardenias&#8221;, &#8220;El Color de Tus Ojos&#8221;, &#8220;El Sauce y la Palma&#8221;, el &#8220;Corrido de Mazatl\u00e1n&#8221; y cerrando con la ic\u00f3nica &#8220;El Sinaloense&#8221;.<\/p>\n\n\n\n<p>El p\u00fablico interactu\u00f3 en todo momento con el artista, demostrando su entusiasmo con gritos y fuertes aplausos que tocaron el coraz\u00f3n.<\/p>\n\n\n\n<p>Al final del concierto el tenor Jorge Echeagaray junto a los talentosos m\u00fasicos Juan Carlos Chavarr\u00eda (Tuba), Hern\u00e1n Salazar (Guitarra) y Pablo L\u00f3pez (Pianista y Arreglista) se llevaron las palmas de la noche.<\/p>\n\n\n\n<p>&#8220;Tenemos que Hablar&#8221;: Un Cierre que conquist\u00f3 corazones.- Para finalizar la velada musical en el escenario del Recuerdo, se present\u00f3 &#8220;Tenemos que Hablar&#8221;, una conmovedora mezcla de obra teatral y musical dirigida por el docente Eduardo Tapia. Con canciones que tocaron el alma y el esp\u00edritu, esta producci\u00f3n sac\u00f3 a relucir el lado fr\u00e1gil y al mismo tiempo divertido del ser humano. Las interpretaciones de Diana Parker, Gaby Gordian, Rode R\u00edos, Daniel Cortez, Martin Irigoyen, Regina Walter y \u00c1ngel F. Noriega cautivaron a la audiencia.<br>Tambi\u00e9n formaron parte de este gran elenco Lizbeth Carrizales, Omar Guti\u00e9rrez, Silvia Flores, F\u00e1tima Pinto, Fernando Osuna y Alonso Caro. Algunas de las melod\u00edas interpretadas incluyeron &#8220;Detr\u00e1s de Mi Ventana&#8221;, &#8220;Eclipse Total del Amor&#8221;, &#8220;No Llega el Olvido&#8221; y &#8220;As\u00ed Fue&#8221;, entre otras. Esta agrupaci\u00f3n del estudio Vocal Voce, que ha cosechado un gran \u00e9xito desde hace un a\u00f1o, logr\u00f3 una vez m\u00e1s conquistar los corazones de los asistentes.<\/p>\n\n\n\n<p>El escenario del Recuerdo del D\u00eda de la M\u00fasica 2025 reafirm\u00f3 la riqueza cultural y musical de Mazatl\u00e1n.<\/p>\n","protected":false},"excerpt":{"rendered":"<p>El Instituto Municipal de Cultura, Turismo y Arte de Mazatl\u00e1n, en colaboraci\u00f3n con el Gobierno de Mazatl\u00e1n, revivi\u00f3 un espacio lleno de romance y bohemia en el Escenario del Recuerdo como parte del gran festival del &#8220;D\u00eda de la M\u00fasica 2025&#8221;. El memorable encuentro musical celebrado este s\u00e1bado 07 de Junio a partir de las [&hellip;]<\/p>\n","protected":false},"author":2,"featured_media":8826,"comment_status":"open","ping_status":"open","sticky":false,"template":"","format":"standard","meta":{"footnotes":""},"categories":[1],"tags":[],"yoast_head":"<!-- This site is optimized with the Yoast SEO plugin v21.7 - https:\/\/yoast.com\/wordpress\/plugins\/seo\/ -->\n<title>\u00a1Un Escenario para el Recuerdo en el D\u00eda de la M\u00fasica 2025! - Amo mi Mazatl\u00e1n<\/title>\n<meta name=\"robots\" content=\"index, follow, max-snippet:-1, max-image-preview:large, max-video-preview:-1\" \/>\n<link rel=\"canonical\" href=\"https:\/\/yoamomimazatlan.com\/?p=8825\" \/>\n<meta property=\"og:locale\" content=\"es_MX\" \/>\n<meta property=\"og:type\" content=\"article\" \/>\n<meta property=\"og:title\" content=\"\u00a1Un Escenario para el Recuerdo en el D\u00eda de la M\u00fasica 2025! - Amo mi Mazatl\u00e1n\" \/>\n<meta property=\"og:description\" content=\"El Instituto Municipal de Cultura, Turismo y Arte de Mazatl\u00e1n, en colaboraci\u00f3n con el Gobierno de Mazatl\u00e1n, revivi\u00f3 un espacio lleno de romance y bohemia en el Escenario del Recuerdo como parte del gran festival del &#8220;D\u00eda de la M\u00fasica 2025&#8221;. El memorable encuentro musical celebrado este s\u00e1bado 07 de Junio a partir de las [&hellip;]\" \/>\n<meta property=\"og:url\" content=\"https:\/\/yoamomimazatlan.com\/?p=8825\" \/>\n<meta property=\"og:site_name\" content=\"Amo mi Mazatl\u00e1n\" \/>\n<meta property=\"article:published_time\" content=\"2025-06-08T00:23:11+00:00\" \/>\n<meta property=\"article:modified_time\" content=\"2025-06-11T00:24:13+00:00\" \/>\n<meta property=\"og:image\" content=\"https:\/\/yoamomimazatlan.com\/wp-content\/uploads\/2025\/06\/WhatsApp-Image-2025-06-08-at-11.44.51-AM.jpeg\" \/>\n\t<meta property=\"og:image:width\" content=\"1600\" \/>\n\t<meta property=\"og:image:height\" content=\"1066\" \/>\n\t<meta property=\"og:image:type\" content=\"image\/jpeg\" \/>\n<meta name=\"author\" content=\"Luis Peraza\" \/>\n<meta name=\"twitter:card\" content=\"summary_large_image\" \/>\n<meta name=\"twitter:label1\" content=\"Escrito por\" \/>\n\t<meta name=\"twitter:data1\" content=\"Luis Peraza\" \/>\n\t<meta name=\"twitter:label2\" content=\"Tiempo de lectura\" \/>\n\t<meta name=\"twitter:data2\" content=\"4 minutos\" \/>\n<script type=\"application\/ld+json\" class=\"yoast-schema-graph\">{\"@context\":\"https:\/\/schema.org\",\"@graph\":[{\"@type\":\"WebPage\",\"@id\":\"https:\/\/yoamomimazatlan.com\/?p=8825\",\"url\":\"https:\/\/yoamomimazatlan.com\/?p=8825\",\"name\":\"\u00a1Un Escenario para el Recuerdo en el D\u00eda de la M\u00fasica 2025! - Amo mi Mazatl\u00e1n\",\"isPartOf\":{\"@id\":\"https:\/\/yoamomimazatlan.com\/#website\"},\"datePublished\":\"2025-06-08T00:23:11+00:00\",\"dateModified\":\"2025-06-11T00:24:13+00:00\",\"author\":{\"@id\":\"https:\/\/yoamomimazatlan.com\/#\/schema\/person\/5eb4abccc9443dff7750dbdd0a22c79e\"},\"breadcrumb\":{\"@id\":\"https:\/\/yoamomimazatlan.com\/?p=8825#breadcrumb\"},\"inLanguage\":\"es-MX\",\"potentialAction\":[{\"@type\":\"ReadAction\",\"target\":[\"https:\/\/yoamomimazatlan.com\/?p=8825\"]}]},{\"@type\":\"BreadcrumbList\",\"@id\":\"https:\/\/yoamomimazatlan.com\/?p=8825#breadcrumb\",\"itemListElement\":[{\"@type\":\"ListItem\",\"position\":1,\"name\":\"Inicio\",\"item\":\"https:\/\/yoamomimazatlan.com\/\"},{\"@type\":\"ListItem\",\"position\":2,\"name\":\"\u00a1Un Escenario para el Recuerdo en el D\u00eda de la M\u00fasica 2025!\"}]},{\"@type\":\"WebSite\",\"@id\":\"https:\/\/yoamomimazatlan.com\/#website\",\"url\":\"https:\/\/yoamomimazatlan.com\/\",\"name\":\"Amo mi Mazatl\u00e1n\",\"description\":\"Somos Pata Salada\",\"potentialAction\":[{\"@type\":\"SearchAction\",\"target\":{\"@type\":\"EntryPoint\",\"urlTemplate\":\"https:\/\/yoamomimazatlan.com\/?s={search_term_string}\"},\"query-input\":\"required name=search_term_string\"}],\"inLanguage\":\"es-MX\"},{\"@type\":\"Person\",\"@id\":\"https:\/\/yoamomimazatlan.com\/#\/schema\/person\/5eb4abccc9443dff7750dbdd0a22c79e\",\"name\":\"Luis Peraza\",\"image\":{\"@type\":\"ImageObject\",\"inLanguage\":\"es-MX\",\"@id\":\"https:\/\/yoamomimazatlan.com\/#\/schema\/person\/image\/\",\"url\":\"https:\/\/secure.gravatar.com\/avatar\/2829a2db2ad27a37cce4111a17f17d49?s=96&d=mm&r=g\",\"contentUrl\":\"https:\/\/secure.gravatar.com\/avatar\/2829a2db2ad27a37cce4111a17f17d49?s=96&d=mm&r=g\",\"caption\":\"Luis Peraza\"},\"url\":\"https:\/\/yoamomimazatlan.com\/?author=2\"}]}<\/script>\n<!-- \/ Yoast SEO plugin. -->","yoast_head_json":{"title":"\u00a1Un Escenario para el Recuerdo en el D\u00eda de la M\u00fasica 2025! - Amo mi Mazatl\u00e1n","robots":{"index":"index","follow":"follow","max-snippet":"max-snippet:-1","max-image-preview":"max-image-preview:large","max-video-preview":"max-video-preview:-1"},"canonical":"https:\/\/yoamomimazatlan.com\/?p=8825","og_locale":"es_MX","og_type":"article","og_title":"\u00a1Un Escenario para el Recuerdo en el D\u00eda de la M\u00fasica 2025! - Amo mi Mazatl\u00e1n","og_description":"El Instituto Municipal de Cultura, Turismo y Arte de Mazatl\u00e1n, en colaboraci\u00f3n con el Gobierno de Mazatl\u00e1n, revivi\u00f3 un espacio lleno de romance y bohemia en el Escenario del Recuerdo como parte del gran festival del &#8220;D\u00eda de la M\u00fasica 2025&#8221;. El memorable encuentro musical celebrado este s\u00e1bado 07 de Junio a partir de las [&hellip;]","og_url":"https:\/\/yoamomimazatlan.com\/?p=8825","og_site_name":"Amo mi Mazatl\u00e1n","article_published_time":"2025-06-08T00:23:11+00:00","article_modified_time":"2025-06-11T00:24:13+00:00","og_image":[{"width":1600,"height":1066,"url":"https:\/\/yoamomimazatlan.com\/wp-content\/uploads\/2025\/06\/WhatsApp-Image-2025-06-08-at-11.44.51-AM.jpeg","type":"image\/jpeg"}],"author":"Luis Peraza","twitter_card":"summary_large_image","twitter_misc":{"Escrito por":"Luis Peraza","Tiempo de lectura":"4 minutos"},"schema":{"@context":"https:\/\/schema.org","@graph":[{"@type":"WebPage","@id":"https:\/\/yoamomimazatlan.com\/?p=8825","url":"https:\/\/yoamomimazatlan.com\/?p=8825","name":"\u00a1Un Escenario para el Recuerdo en el D\u00eda de la M\u00fasica 2025! - Amo mi Mazatl\u00e1n","isPartOf":{"@id":"https:\/\/yoamomimazatlan.com\/#website"},"datePublished":"2025-06-08T00:23:11+00:00","dateModified":"2025-06-11T00:24:13+00:00","author":{"@id":"https:\/\/yoamomimazatlan.com\/#\/schema\/person\/5eb4abccc9443dff7750dbdd0a22c79e"},"breadcrumb":{"@id":"https:\/\/yoamomimazatlan.com\/?p=8825#breadcrumb"},"inLanguage":"es-MX","potentialAction":[{"@type":"ReadAction","target":["https:\/\/yoamomimazatlan.com\/?p=8825"]}]},{"@type":"BreadcrumbList","@id":"https:\/\/yoamomimazatlan.com\/?p=8825#breadcrumb","itemListElement":[{"@type":"ListItem","position":1,"name":"Inicio","item":"https:\/\/yoamomimazatlan.com\/"},{"@type":"ListItem","position":2,"name":"\u00a1Un Escenario para el Recuerdo en el D\u00eda de la M\u00fasica 2025!"}]},{"@type":"WebSite","@id":"https:\/\/yoamomimazatlan.com\/#website","url":"https:\/\/yoamomimazatlan.com\/","name":"Amo mi Mazatl\u00e1n","description":"Somos Pata Salada","potentialAction":[{"@type":"SearchAction","target":{"@type":"EntryPoint","urlTemplate":"https:\/\/yoamomimazatlan.com\/?s={search_term_string}"},"query-input":"required name=search_term_string"}],"inLanguage":"es-MX"},{"@type":"Person","@id":"https:\/\/yoamomimazatlan.com\/#\/schema\/person\/5eb4abccc9443dff7750dbdd0a22c79e","name":"Luis Peraza","image":{"@type":"ImageObject","inLanguage":"es-MX","@id":"https:\/\/yoamomimazatlan.com\/#\/schema\/person\/image\/","url":"https:\/\/secure.gravatar.com\/avatar\/2829a2db2ad27a37cce4111a17f17d49?s=96&d=mm&r=g","contentUrl":"https:\/\/secure.gravatar.com\/avatar\/2829a2db2ad27a37cce4111a17f17d49?s=96&d=mm&r=g","caption":"Luis Peraza"},"url":"https:\/\/yoamomimazatlan.com\/?author=2"}]}},"_links":{"self":[{"href":"https:\/\/yoamomimazatlan.com\/index.php?rest_route=\/wp\/v2\/posts\/8825"}],"collection":[{"href":"https:\/\/yoamomimazatlan.com\/index.php?rest_route=\/wp\/v2\/posts"}],"about":[{"href":"https:\/\/yoamomimazatlan.com\/index.php?rest_route=\/wp\/v2\/types\/post"}],"author":[{"embeddable":true,"href":"https:\/\/yoamomimazatlan.com\/index.php?rest_route=\/wp\/v2\/users\/2"}],"replies":[{"embeddable":true,"href":"https:\/\/yoamomimazatlan.com\/index.php?rest_route=%2Fwp%2Fv2%2Fcomments&post=8825"}],"version-history":[{"count":1,"href":"https:\/\/yoamomimazatlan.com\/index.php?rest_route=\/wp\/v2\/posts\/8825\/revisions"}],"predecessor-version":[{"id":8827,"href":"https:\/\/yoamomimazatlan.com\/index.php?rest_route=\/wp\/v2\/posts\/8825\/revisions\/8827"}],"wp:featuredmedia":[{"embeddable":true,"href":"https:\/\/yoamomimazatlan.com\/index.php?rest_route=\/wp\/v2\/media\/8826"}],"wp:attachment":[{"href":"https:\/\/yoamomimazatlan.com\/index.php?rest_route=%2Fwp%2Fv2%2Fmedia&parent=8825"}],"wp:term":[{"taxonomy":"category","embeddable":true,"href":"https:\/\/yoamomimazatlan.com\/index.php?rest_route=%2Fwp%2Fv2%2Fcategories&post=8825"},{"taxonomy":"post_tag","embeddable":true,"href":"https:\/\/yoamomimazatlan.com\/index.php?rest_route=%2Fwp%2Fv2%2Ftags&post=8825"}],"curies":[{"name":"wp","href":"https:\/\/api.w.org\/{rel}","templated":true}]}}