{"id":9546,"date":"2025-09-12T00:23:27","date_gmt":"2025-09-12T00:23:27","guid":{"rendered":"https:\/\/yoamomimazatlan.com\/?p=9546"},"modified":"2025-09-25T00:25:26","modified_gmt":"2025-09-25T00:25:26","slug":"con-25-anos-de-trayectoria-francisco-bibriesca-hace-vibrar-casa-haas-con-su-gira-besos-eternos","status":"publish","type":"post","link":"https:\/\/yoamomimazatlan.com\/?p=9546","title":{"rendered":"Con 25 a\u00f1os de trayectoria, Francisco Bibriesca hace vibrar Casa Haas con su gira \u201cBesos Eternos\u201d"},"content":{"rendered":"\n<p>En una noche m\u00e1gica de guitarra, el reconocido m\u00fasico Francisco Bibriesca deleit\u00f3 al p\u00fablico de Casa Haas con el concierto n\u00famero 2123 de su carrera, como parte de su exitosa gira \u201cBesos Eternos\u201d. La velada estuvo llena de melod\u00edas que transportaron a los asistentes a trav\u00e9s de los recuerdos m\u00e1s bellos.<\/p>\n\n\n\n<p>El concierto incluy\u00f3 piezas destacadas, como \u201cCatedral\u201d del compositor paraguayo Agust\u00edn Barrios Mangor\u00e9 y las &#8220;Tres piezas espa\u00f1olas&#8221; de Joaqu\u00edn Rodrigo, entre otras composiciones que demostraron la maestr\u00eda del artista.<\/p>\n\n\n\n<p>Durante su presentaci\u00f3n, Bibriesca comparti\u00f3 an\u00e9cdotas de su trayectoria de 25 a\u00f1os, revelando que el no poder tocar en un evento en particular lo impuls\u00f3 a buscar nuevas formas de presentarse. Esta motivaci\u00f3n lo llev\u00f3 a un ritmo de m\u00e1s de 100 conciertos al a\u00f1o, con presentaciones cada tres o cuatro d\u00edas en distintos lugares de M\u00e9xico y el mundo, incluyendo pa\u00edses como Jap\u00f3n, Corea, China y varias naciones europeas.<\/p>\n\n\n\n<p>A lo largo de su carrera, ha tenido la oportunidad de tocar con diversas orquestas, incluyendo la Orquesta del Estado de Kenia, y ha vivido experiencias que superaron sus expectativas. A pesar de los grandes escenarios, Bibriesca confes\u00f3 que a\u00fan siente una gran emoci\u00f3n al interpretar canciones conocidas y que valora cada peque\u00f1o detalle que ha marcado su camino profesional.<\/p>\n\n\n\n<p>El objetivo de su gira actual es reconectar con el p\u00fablico y llevar su m\u00fasica a todos los municipios posibles.<\/p>\n\n\n\n<p>Al concluir el evento, Francisco Bibriesca agradeci\u00f3 sinceramente a los asistentes por su presencia, as\u00ed como el apoyo brindado por la Presidenta Municipal de Mazatl\u00e1n, Estrella Palacios, y el Director General del Instituto de Cultura, Ra\u00fal Rico, y todo su equipo de colaboradores.<\/p>\n","protected":false},"excerpt":{"rendered":"<p>En una noche m\u00e1gica de guitarra, el reconocido m\u00fasico Francisco Bibriesca deleit\u00f3 al p\u00fablico de Casa Haas con el concierto n\u00famero 2123 de su carrera, como parte de su exitosa gira \u201cBesos Eternos\u201d. La velada estuvo llena de melod\u00edas que transportaron a los asistentes a trav\u00e9s de los recuerdos m\u00e1s bellos. El concierto incluy\u00f3 piezas [&hellip;]<\/p>\n","protected":false},"author":2,"featured_media":9547,"comment_status":"open","ping_status":"open","sticky":false,"template":"","format":"standard","meta":{"footnotes":""},"categories":[1],"tags":[],"yoast_head":"<!-- This site is optimized with the Yoast SEO plugin v21.7 - https:\/\/yoast.com\/wordpress\/plugins\/seo\/ -->\n<title>Con 25 a\u00f1os de trayectoria, Francisco Bibriesca hace vibrar Casa Haas con su gira \u201cBesos Eternos\u201d - Amo mi Mazatl\u00e1n<\/title>\n<meta name=\"robots\" content=\"index, follow, max-snippet:-1, max-image-preview:large, max-video-preview:-1\" \/>\n<link rel=\"canonical\" href=\"https:\/\/yoamomimazatlan.com\/?p=9546\" \/>\n<meta property=\"og:locale\" content=\"es_MX\" \/>\n<meta property=\"og:type\" content=\"article\" \/>\n<meta property=\"og:title\" content=\"Con 25 a\u00f1os de trayectoria, Francisco Bibriesca hace vibrar Casa Haas con su gira \u201cBesos Eternos\u201d - Amo mi Mazatl\u00e1n\" \/>\n<meta property=\"og:description\" content=\"En una noche m\u00e1gica de guitarra, el reconocido m\u00fasico Francisco Bibriesca deleit\u00f3 al p\u00fablico de Casa Haas con el concierto n\u00famero 2123 de su carrera, como parte de su exitosa gira \u201cBesos Eternos\u201d. La velada estuvo llena de melod\u00edas que transportaron a los asistentes a trav\u00e9s de los recuerdos m\u00e1s bellos. El concierto incluy\u00f3 piezas [&hellip;]\" \/>\n<meta property=\"og:url\" content=\"https:\/\/yoamomimazatlan.com\/?p=9546\" \/>\n<meta property=\"og:site_name\" content=\"Amo mi Mazatl\u00e1n\" \/>\n<meta property=\"article:published_time\" content=\"2025-09-12T00:23:27+00:00\" \/>\n<meta property=\"article:modified_time\" content=\"2025-09-25T00:25:26+00:00\" \/>\n<meta property=\"og:image\" content=\"http:\/\/yoamomimazatlan.com\/wp-content\/uploads\/2025\/09\/WhatsApp-Image-2025-09-13-at-11.23.44-AM.jpeg\" \/>\n\t<meta property=\"og:image:width\" content=\"1599\" \/>\n\t<meta property=\"og:image:height\" content=\"1066\" \/>\n\t<meta property=\"og:image:type\" content=\"image\/jpeg\" \/>\n<meta name=\"author\" content=\"Luis Peraza\" \/>\n<meta name=\"twitter:card\" content=\"summary_large_image\" \/>\n<meta name=\"twitter:label1\" content=\"Escrito por\" \/>\n\t<meta name=\"twitter:data1\" content=\"Luis Peraza\" \/>\n\t<meta name=\"twitter:label2\" content=\"Tiempo de lectura\" \/>\n\t<meta name=\"twitter:data2\" content=\"2 minutos\" \/>\n<script type=\"application\/ld+json\" class=\"yoast-schema-graph\">{\"@context\":\"https:\/\/schema.org\",\"@graph\":[{\"@type\":\"WebPage\",\"@id\":\"https:\/\/yoamomimazatlan.com\/?p=9546\",\"url\":\"https:\/\/yoamomimazatlan.com\/?p=9546\",\"name\":\"Con 25 a\u00f1os de trayectoria, Francisco Bibriesca hace vibrar Casa Haas con su gira \u201cBesos Eternos\u201d - Amo mi Mazatl\u00e1n\",\"isPartOf\":{\"@id\":\"https:\/\/yoamomimazatlan.com\/#website\"},\"datePublished\":\"2025-09-12T00:23:27+00:00\",\"dateModified\":\"2025-09-25T00:25:26+00:00\",\"author\":{\"@id\":\"https:\/\/yoamomimazatlan.com\/#\/schema\/person\/5eb4abccc9443dff7750dbdd0a22c79e\"},\"breadcrumb\":{\"@id\":\"https:\/\/yoamomimazatlan.com\/?p=9546#breadcrumb\"},\"inLanguage\":\"es-MX\",\"potentialAction\":[{\"@type\":\"ReadAction\",\"target\":[\"https:\/\/yoamomimazatlan.com\/?p=9546\"]}]},{\"@type\":\"BreadcrumbList\",\"@id\":\"https:\/\/yoamomimazatlan.com\/?p=9546#breadcrumb\",\"itemListElement\":[{\"@type\":\"ListItem\",\"position\":1,\"name\":\"Inicio\",\"item\":\"https:\/\/yoamomimazatlan.com\/\"},{\"@type\":\"ListItem\",\"position\":2,\"name\":\"Con 25 a\u00f1os de trayectoria, Francisco Bibriesca hace vibrar Casa Haas con su gira \u201cBesos Eternos\u201d\"}]},{\"@type\":\"WebSite\",\"@id\":\"https:\/\/yoamomimazatlan.com\/#website\",\"url\":\"https:\/\/yoamomimazatlan.com\/\",\"name\":\"Amo mi Mazatl\u00e1n\",\"description\":\"Somos Pata Salada\",\"potentialAction\":[{\"@type\":\"SearchAction\",\"target\":{\"@type\":\"EntryPoint\",\"urlTemplate\":\"https:\/\/yoamomimazatlan.com\/?s={search_term_string}\"},\"query-input\":\"required name=search_term_string\"}],\"inLanguage\":\"es-MX\"},{\"@type\":\"Person\",\"@id\":\"https:\/\/yoamomimazatlan.com\/#\/schema\/person\/5eb4abccc9443dff7750dbdd0a22c79e\",\"name\":\"Luis Peraza\",\"image\":{\"@type\":\"ImageObject\",\"inLanguage\":\"es-MX\",\"@id\":\"https:\/\/yoamomimazatlan.com\/#\/schema\/person\/image\/\",\"url\":\"https:\/\/secure.gravatar.com\/avatar\/2829a2db2ad27a37cce4111a17f17d49?s=96&d=mm&r=g\",\"contentUrl\":\"https:\/\/secure.gravatar.com\/avatar\/2829a2db2ad27a37cce4111a17f17d49?s=96&d=mm&r=g\",\"caption\":\"Luis Peraza\"},\"url\":\"https:\/\/yoamomimazatlan.com\/?author=2\"}]}<\/script>\n<!-- \/ Yoast SEO plugin. -->","yoast_head_json":{"title":"Con 25 a\u00f1os de trayectoria, Francisco Bibriesca hace vibrar Casa Haas con su gira \u201cBesos Eternos\u201d - Amo mi Mazatl\u00e1n","robots":{"index":"index","follow":"follow","max-snippet":"max-snippet:-1","max-image-preview":"max-image-preview:large","max-video-preview":"max-video-preview:-1"},"canonical":"https:\/\/yoamomimazatlan.com\/?p=9546","og_locale":"es_MX","og_type":"article","og_title":"Con 25 a\u00f1os de trayectoria, Francisco Bibriesca hace vibrar Casa Haas con su gira \u201cBesos Eternos\u201d - Amo mi Mazatl\u00e1n","og_description":"En una noche m\u00e1gica de guitarra, el reconocido m\u00fasico Francisco Bibriesca deleit\u00f3 al p\u00fablico de Casa Haas con el concierto n\u00famero 2123 de su carrera, como parte de su exitosa gira \u201cBesos Eternos\u201d. La velada estuvo llena de melod\u00edas que transportaron a los asistentes a trav\u00e9s de los recuerdos m\u00e1s bellos. El concierto incluy\u00f3 piezas [&hellip;]","og_url":"https:\/\/yoamomimazatlan.com\/?p=9546","og_site_name":"Amo mi Mazatl\u00e1n","article_published_time":"2025-09-12T00:23:27+00:00","article_modified_time":"2025-09-25T00:25:26+00:00","og_image":[{"width":1599,"height":1066,"url":"http:\/\/yoamomimazatlan.com\/wp-content\/uploads\/2025\/09\/WhatsApp-Image-2025-09-13-at-11.23.44-AM.jpeg","type":"image\/jpeg"}],"author":"Luis Peraza","twitter_card":"summary_large_image","twitter_misc":{"Escrito por":"Luis Peraza","Tiempo de lectura":"2 minutos"},"schema":{"@context":"https:\/\/schema.org","@graph":[{"@type":"WebPage","@id":"https:\/\/yoamomimazatlan.com\/?p=9546","url":"https:\/\/yoamomimazatlan.com\/?p=9546","name":"Con 25 a\u00f1os de trayectoria, Francisco Bibriesca hace vibrar Casa Haas con su gira \u201cBesos Eternos\u201d - Amo mi Mazatl\u00e1n","isPartOf":{"@id":"https:\/\/yoamomimazatlan.com\/#website"},"datePublished":"2025-09-12T00:23:27+00:00","dateModified":"2025-09-25T00:25:26+00:00","author":{"@id":"https:\/\/yoamomimazatlan.com\/#\/schema\/person\/5eb4abccc9443dff7750dbdd0a22c79e"},"breadcrumb":{"@id":"https:\/\/yoamomimazatlan.com\/?p=9546#breadcrumb"},"inLanguage":"es-MX","potentialAction":[{"@type":"ReadAction","target":["https:\/\/yoamomimazatlan.com\/?p=9546"]}]},{"@type":"BreadcrumbList","@id":"https:\/\/yoamomimazatlan.com\/?p=9546#breadcrumb","itemListElement":[{"@type":"ListItem","position":1,"name":"Inicio","item":"https:\/\/yoamomimazatlan.com\/"},{"@type":"ListItem","position":2,"name":"Con 25 a\u00f1os de trayectoria, Francisco Bibriesca hace vibrar Casa Haas con su gira \u201cBesos Eternos\u201d"}]},{"@type":"WebSite","@id":"https:\/\/yoamomimazatlan.com\/#website","url":"https:\/\/yoamomimazatlan.com\/","name":"Amo mi Mazatl\u00e1n","description":"Somos Pata Salada","potentialAction":[{"@type":"SearchAction","target":{"@type":"EntryPoint","urlTemplate":"https:\/\/yoamomimazatlan.com\/?s={search_term_string}"},"query-input":"required name=search_term_string"}],"inLanguage":"es-MX"},{"@type":"Person","@id":"https:\/\/yoamomimazatlan.com\/#\/schema\/person\/5eb4abccc9443dff7750dbdd0a22c79e","name":"Luis Peraza","image":{"@type":"ImageObject","inLanguage":"es-MX","@id":"https:\/\/yoamomimazatlan.com\/#\/schema\/person\/image\/","url":"https:\/\/secure.gravatar.com\/avatar\/2829a2db2ad27a37cce4111a17f17d49?s=96&d=mm&r=g","contentUrl":"https:\/\/secure.gravatar.com\/avatar\/2829a2db2ad27a37cce4111a17f17d49?s=96&d=mm&r=g","caption":"Luis Peraza"},"url":"https:\/\/yoamomimazatlan.com\/?author=2"}]}},"_links":{"self":[{"href":"https:\/\/yoamomimazatlan.com\/index.php?rest_route=\/wp\/v2\/posts\/9546"}],"collection":[{"href":"https:\/\/yoamomimazatlan.com\/index.php?rest_route=\/wp\/v2\/posts"}],"about":[{"href":"https:\/\/yoamomimazatlan.com\/index.php?rest_route=\/wp\/v2\/types\/post"}],"author":[{"embeddable":true,"href":"https:\/\/yoamomimazatlan.com\/index.php?rest_route=\/wp\/v2\/users\/2"}],"replies":[{"embeddable":true,"href":"https:\/\/yoamomimazatlan.com\/index.php?rest_route=%2Fwp%2Fv2%2Fcomments&post=9546"}],"version-history":[{"count":1,"href":"https:\/\/yoamomimazatlan.com\/index.php?rest_route=\/wp\/v2\/posts\/9546\/revisions"}],"predecessor-version":[{"id":9548,"href":"https:\/\/yoamomimazatlan.com\/index.php?rest_route=\/wp\/v2\/posts\/9546\/revisions\/9548"}],"wp:featuredmedia":[{"embeddable":true,"href":"https:\/\/yoamomimazatlan.com\/index.php?rest_route=\/wp\/v2\/media\/9547"}],"wp:attachment":[{"href":"https:\/\/yoamomimazatlan.com\/index.php?rest_route=%2Fwp%2Fv2%2Fmedia&parent=9546"}],"wp:term":[{"taxonomy":"category","embeddable":true,"href":"https:\/\/yoamomimazatlan.com\/index.php?rest_route=%2Fwp%2Fv2%2Fcategories&post=9546"},{"taxonomy":"post_tag","embeddable":true,"href":"https:\/\/yoamomimazatlan.com\/index.php?rest_route=%2Fwp%2Fv2%2Ftags&post=9546"}],"curies":[{"name":"wp","href":"https:\/\/api.w.org\/{rel}","templated":true}]}}